{"id":223498,"date":"2025-07-03T16:06:10","date_gmt":"2025-07-03T16:06:10","guid":{"rendered":"https:\/\/www.europesays.com\/fr\/223498\/"},"modified":"2025-07-03T16:06:10","modified_gmt":"2025-07-03T16:06:10","slug":"le-chantier-du-cours-berriat-reporte-a-fin-2026","status":"publish","type":"post","link":"https:\/\/www.europesays.com\/fr\/223498\/","title":{"rendered":"le chantier du cours Berriat report\u00e9 \u00e0 fin 2026"},"content":{"rendered":"<p>\u00ab\u00a0On a gagn\u00e9 une bataille mais pas la guerre\u00a0!\u00a0\u00bb Pr\u00e9sident de l\u2019Union de quartier Berriat-Saint-Bruno, Bruno de Lescure a annonc\u00e9, ce jeudi, aux c\u00f4t\u00e9s d\u2019habitants et commer\u00e7ants du cours Berriat, une premi\u00e8re victoire dans l\u2019\u00e9pais dossier du <a href=\"https:\/\/www.ledauphine.com\/transport\/2025\/02\/15\/isere-metropole-de-grenoble-chronovelo-de-meylan-a-fontaine-un-troncon-inaugure-mais-(pour-l-instant)-isole\" target=\"_blank\" rel=\"noopener\">prolongement de la Chronov\u00e9lo<\/a> entre Fontaine et Grenoble.<\/p>\n<p>Oppos\u00e9 \u00e0 la <a href=\"https:\/\/www.ledauphine.com\/transport\/2023\/11\/20\/isere-grenoble-cours-berriat-etes-vous-pour-ou-contre-la-mise-a-sens-unique\" target=\"_blank\" rel=\"noopener\">mise en sens unique du cours Berriat<\/a>, pr\u00e9vue dans le projet et souhait\u00e9e par la Ville, le collectif a obtenu de la M\u00e9tropole de Grenoble que les phases de chantier initialement pr\u00e9vues soient ex\u00e9cut\u00e9es dans l\u2019ordre invers\u00e9. Apr\u00e8s les <a href=\"https:\/\/www.ledauphine.com\/transport\/2024\/11\/06\/isere-grenoble-travaux-ce-qu-il-va-se-passer-rue-abbe-gregoire-et-avenue-de-vizille\" target=\"_blank\" rel=\"noopener\">travaux sur l\u2019avenue de Vizille<\/a>, le chantier devait se poursuivre sur le cours Berriat puis rue S\u00e9mard et se terminer avec la portion de la rue du Vercors pour rallier Fontaine d\u2019ici la fin 2026. Mais il sera finalement r\u00e9alis\u00e9 dans le sens inverse\u00a0!<\/p>\n<p>La portion du cours Berriat devrait donc \u00eatre r\u00e9alis\u00e9e entre le quatri\u00e8me trimestre 2026 et le 2e\u00a0 trimestre 2027. Soit apr\u00e8s les prochaines \u00e9lections municipales, en mars\u00a02026.<\/p>\n<p>Ce contenu est bloqu\u00e9 car vous n&rsquo;avez pas accept\u00e9 les cookies et autres traceurs.<\/p>\n<p>En cliquant sur \u00ab J\u2019accepte \u00bb, les cookies et autres traceurs seront d\u00e9pos\u00e9s et vous pourrez visualiser les contenus  (<a href=\"\" class=\"consentModule_policy\" target=\"_blank\" title=\"Consulter la politique de protection des donn\u00e9es du fournisseur\">plus d&rsquo;informations<\/a>).<\/p>\n<p>En cliquant sur \u00ab J\u2019accepte tous les cookies \u00bb, vous autorisez des d\u00e9p\u00f4ts de cookies et autres traceurs pour le stockage de vos donn\u00e9es sur nos sites et applications \u00e0 des fins de personnalisation et de ciblage publicitaire.<\/p>\n<p class=\"consentModule_secondaryText\">Vous gardez la possibilit\u00e9 de retirer votre consentement \u00e0 tout moment en consultant notre <a href=\"https:\/\/www.ledauphine.com\/protection-des-donnees\" target=\"_blank\" title=\"Consulter notre politique de protection des donn\u00e9es\" rel=\"noopener\">politique de protection des donn\u00e9es<\/a>. <br \/>&#13;<br \/>\n            <a href=\"https:\/\/www.ledauphine.com\/transport\/2025\/07\/03\/javascript:Didomi.notice.show()\" class=\"consentModule_cmp\" target=\"_blank\" rel=\"noopener\">G\u00e9rer mes choix<\/a>&#13;\n        <\/p>\n<p>&#13;<br \/>\n                        J&rsquo;accepte&#13;<br \/>\n            J&rsquo;accepte tous les cookies&#13;\n        <\/p>\n<p>\u201cNous saluons l\u2019intelligence de cette d\u00e9cision qui, en repoussant de pr\u00e8s d\u2019un an la r\u00e9alisation du tron\u00e7on Berriat, va permettre de rouvrir le d\u00e9bat n\u00e9cessaire sur la mise en sens unique \u201cinutile et sans fondement\u201d du cours Berriat d\u00e9fendue par la Ville et peut-\u00eatre, in fine, de \u201cgagner la guerre\u201d et ce, sans pour autant remettre en cause quoi que ce soit de la r\u00e9alisation de la Chronov\u00e9lo Berriat-Fontaine dans son entier\u201d, explique le Collectif commer\u00e7ants-habitants Berriat-Saint-Bruno.<\/p>\n<p>Le r\u00e9am\u00e9nagement de la rue du Vercors d\u00e9butera le 15\u00a0juillet prochain et se poursuivra jusqu\u2019\u00e0 la fin de l\u2019ann\u00e9e.<\/p>\n","protected":false},"excerpt":{"rendered":"\u00ab\u00a0On a gagn\u00e9 une bataille mais pas la guerre\u00a0!\u00a0\u00bb Pr\u00e9sident de l\u2019Union de quartier Berriat-Saint-Bruno, Bruno de Lescure&hellip;\n","protected":false},"author":2,"featured_media":223499,"comment_status":"","ping_status":"","sticky":false,"template":"","format":"standard","meta":{"footnotes":""},"categories":[9566],"tags":[1111,11,2430,4749,3542,33,112,1777,674,9592,1011,27,2731,2732,108,12,25,2803],"class_list":{"0":"post-223498","1":"post","2":"type-post","3":"status-publish","4":"format-standard","5":"has-post-thumbnail","7":"category-grenoble","8":"tag-actu","9":"tag-actualites","10":"tag-auvergne-rhone-alpes","11":"tag-btp-et-chantiers","12":"tag-circulation","13":"tag-economie","14":"tag-edition-grenoble-agglomeration","15":"tag-eu","16":"tag-europe","17":"tag-fontaine","18":"tag-fr","19":"tag-france","20":"tag-grenoble","21":"tag-grenoble-bassin","22":"tag-isere","23":"tag-news","24":"tag-republique-francaise","25":"tag-transport"},"share_on_mastodon":{"url":"https:\/\/pubeurope.com\/@fr\/114790162970840548","error":""},"_links":{"self":[{"href":"https:\/\/www.europesays.com\/fr\/wp-json\/wp\/v2\/posts\/223498","targetHints":{"allow":["GET"]}}],"collection":[{"href":"https:\/\/www.europesays.com\/fr\/wp-json\/wp\/v2\/posts"}],"about":[{"href":"https:\/\/www.europesays.com\/fr\/wp-json\/wp\/v2\/types\/post"}],"author":[{"embeddable":true,"href":"https:\/\/www.europesays.com\/fr\/wp-json\/wp\/v2\/users\/2"}],"replies":[{"embeddable":true,"href":"https:\/\/www.europesays.com\/fr\/wp-json\/wp\/v2\/comments?post=223498"}],"version-history":[{"count":0,"href":"https:\/\/www.europesays.com\/fr\/wp-json\/wp\/v2\/posts\/223498\/revisions"}],"wp:featuredmedia":[{"embeddable":true,"href":"https:\/\/www.europesays.com\/fr\/wp-json\/wp\/v2\/media\/223499"}],"wp:attachment":[{"href":"https:\/\/www.europesays.com\/fr\/wp-json\/wp\/v2\/media?parent=223498"}],"wp:term":[{"taxonomy":"category","embeddable":true,"href":"https:\/\/www.europesays.com\/fr\/wp-json\/wp\/v2\/categories?post=223498"},{"taxonomy":"post_tag","embeddable":true,"href":"https:\/\/www.europesays.com\/fr\/wp-json\/wp\/v2\/tags?post=223498"}],"curies":[{"name":"wp","href":"https:\/\/api.w.org\/{rel}","templated":true}]}}