{"id":223506,"date":"2025-07-03T16:10:14","date_gmt":"2025-07-03T16:10:14","guid":{"rendered":"https:\/\/www.europesays.com\/fr\/223506\/"},"modified":"2025-07-03T16:10:14","modified_gmt":"2025-07-03T16:10:14","slug":"images-decouvrez-les-coulisses-de-ce-chantier-de-7-etages-en-face-de-la-gare-de-strasbourg","status":"publish","type":"post","link":"https:\/\/www.europesays.com\/fr\/223506\/","title":{"rendered":"IMAGES. D\u00e9couvrez les coulisses de ce chantier de 7 \u00e9tages en face de la gare de Strasbourg"},"content":{"rendered":"<p>            Par<br \/>\n        <strong><br \/>\n            <a href=\"https:\/\/actu.fr\/auteur\/olivia-kouassi\" title=\"Consulter tous les articles de Olivia Kouassi\" rel=\"nofollow noopener\" target=\"_blank\">Olivia Kouassi<\/a><br \/>\n        <\/strong><\/p>\n<p>        Publi\u00e9 le<\/p>\n<p>            3 juil. 2025 \u00e0 17h46        <\/p>\n<p>Ce sont 16\u2009000 m\u00b2 r\u00e9partis sur sept \u00e9tages qui se dressent face \u00e0 la gare de <a href=\"https:\/\/actu.fr\/strasbourg\/\" rel=\"nofollow noopener\" target=\"_blank\">Strasbourg<\/a> (Bas-Rhin) depuis septembre\u00a02024. <a href=\"https:\/\/actu.fr\/grand-est\/strasbourg_67482\/strasbourg-c-est-quoi-ce-grand-chantier-a-deux-pas-de-la-gare_61640346.html\" rel=\"nofollow noopener\" target=\"_blank\">L\u2019immeuble en construction<\/a> abritera d\u00e8s juillet\u00a02026 le si\u00e8ge social du <strong>Cr\u00e9dit Agricole Alsace Vosges<\/strong> ainsi qu\u2019une <strong>agence bancaire<\/strong> au rez-de-chauss\u00e9e et des bureaux en location.<\/p>\n<p>Plus de 70\u00a0millions d\u2019euros de travaux<\/p>\n<p class=\" wall-content\">Implant\u00e9 depuis l\u2019apr\u00e8s-guerre en plein centre-ville strasbourgeois, le Cr\u00e9dit Agricole a pris la d\u00e9cision de d\u00e9molir l\u2019ancien b\u00e2timent. <strong>Plus de 70\u00a0millions d\u2019euros<\/strong> de travaux ont \u00e9t\u00e9 investis pour reconstruire un nouveau b\u00e2timent \u00ab\u2009\u00e9coresponsable et adapt\u00e9 aux modes de travail actuelles\u2009\u00bb.<\/p>\n<p class=\" wall-content\">\n    <img   decoding=\"async\" loading=\"lazy\" src=\"https:\/\/www.europesays.com\/fr\/wp-content\/uploads\/2025\/07\/credit-agricole-gare-strasbourg-travaux-chantier-960x640.jpg\" alt=\"D'une superficie de 13 000m2, le futur si\u00e8ge du Cr\u00e9dit Agricole acceuillera au rez-de-chauss\u00e9e une agence bancaire ouverte au public. \" width=\"960\" height=\"640\"\/><br \/>\n    D\u2019une superficie de 13\u2009000 m\u00b2, le futur si\u00e8ge du Cr\u00e9dit Agricole accueillera au rez-de-chauss\u00e9e une agence bancaire ouverte au public. (\u00a9Olivia Kouassi \/ actu Strasbourg)<br \/>\n    <img   decoding=\"async\" loading=\"lazy\" src=\"https:\/\/www.europesays.com\/fr\/wp-content\/uploads\/2025\/07\/caav-vue-gare-960x640.jpg\" alt=\"Les travaux du si\u00e8ge du Cr\u00e9dit Agricole seront achev\u00e9s en juillet 2026.\" width=\"960\" height=\"640\"\/><br \/>\n    Les travaux du si\u00e8ge du Cr\u00e9dit Agricole seront achev\u00e9s en juillet\u00a02026. (\u00a9Denu Paradon &amp; Associ\u00e9s, infographie Denu Pardon &amp; Associ\u00e9s)<\/p>\n<p class=\" wall-content\">Plus de 470 personnes investiront les futurs locaux construits en ossature bois et en b\u00e9ton qui comprendront notamment une <strong>agora<\/strong>, une verri\u00e8re et un <strong>atrium<\/strong> de pr\u00e8s de 300 places. Avec ses 500 m\u00b2, la plus grande agence bancaire Cr\u00e9dit Agricole de la ville sera situ\u00e9e en face de la gare.<\/p>\n<p class=\" wall-content\">\n    <img   decoding=\"async\" loading=\"lazy\" src=\"https:\/\/www.europesays.com\/fr\/wp-content\/uploads\/2025\/07\/credit-agricole-gare-strasbourg-travaux-chantier3-960x640.jpg\" alt=\"Plus de 80 % des sous-traitants en charge des travaux sont des entreprises locales.\" width=\"960\" height=\"640\"\/><br \/>\n    Plus de 80\u2009% des sous-traitants en charge des travaux sont des entreprises locales. (\u00a9Olivia Kouassi \/ actu Strasbourg)<br \/>\n    <img   decoding=\"async\" loading=\"lazy\" src=\"https:\/\/www.europesays.com\/fr\/wp-content\/uploads\/2025\/07\/caav-vue-agora-accueil-960x640.jpg\" alt=\"Une agora et une verri\u00e8re verra le jour dans le nouveau si\u00e8ge du Cr\u00e9dit Agricole. \" width=\"960\" height=\"640\"\/><br \/>\n    Une agora et une verri\u00e8re verront le jour dans le nouveau si\u00e8ge du Cr\u00e9dit Agricole. (\u00a9Denu Paradon &amp; Associ\u00e9s, infographie Denu Pardon &amp; Associ\u00e9s)<\/p>\n<p class=\" wall-content\">B\u00e2timent passif, parking \u00e0 v\u00e9lo, toiture v\u00e9g\u00e9talis\u00e9e, panneaux photovolta\u00efques qui permettent de couvrir jusqu\u2019\u00e0 20\u2009% des besoins en \u00e9lectricit\u00e9 du b\u00e2timent ou encore syst\u00e8me de r\u00e9cup\u00e9ration d\u2019eau de pluie\u2026 Ce nouvel ouvrage construit par Demathieu-Bard et avec le concours de nombreuses entreprises locales s\u2019ambitionne en outre \u00e9coresponsable.<\/p>\n<p class=\" wall-content\">Suivez toute l\u2019actualit\u00e9 de vos villes et m\u00e9dias favoris en vous inscrivant \u00e0 <a href=\"https:\/\/moncompte.actu.fr\" title=\"D\u00e9couvez Mon Actu\" rel=\"nofollow noopener\" data-trk=\"{&quot;cta&quot;:{&quot;action&quot;:&quot;https:\\\/\\\/moncompte.actu.fr&quot;,&quot;category&quot;:&quot;mon compte&quot;,&quot;from&quot;:&quot;article footer&quot;,&quot;name&quot;:&quot;Mon actu&quot;,&quot;type&quot;:&quot;cta&quot;}}\" target=\"_blank\">Mon Actu<\/a>.<\/p>\n","protected":false},"excerpt":{"rendered":"Par Olivia Kouassi Publi\u00e9 le 3 juil. 2025 \u00e0 17h46 Ce sont 16\u2009000 m\u00b2 r\u00e9partis sur sept \u00e9tages&hellip;\n","protected":false},"author":2,"featured_media":223507,"comment_status":"","ping_status":"","sticky":false,"template":"","format":"standard","meta":{"footnotes":""},"categories":[2820],"tags":[1111,11,1777,674,1011,27,775,12,25,104,640,2086],"class_list":{"0":"post-223506","1":"post","2":"type-post","3":"status-publish","4":"format-standard","5":"has-post-thumbnail","7":"category-strasbourg","8":"tag-actu","9":"tag-actualites","10":"tag-eu","11":"tag-europe","12":"tag-fr","13":"tag-france","14":"tag-grand-est","15":"tag-news","16":"tag-republique-francaise","17":"tag-societe","18":"tag-strasbourg","19":"tag-travaux"},"share_on_mastodon":{"url":"https:\/\/pubeurope.com\/@fr\/114790178917431170","error":""},"_links":{"self":[{"href":"https:\/\/www.europesays.com\/fr\/wp-json\/wp\/v2\/posts\/223506","targetHints":{"allow":["GET"]}}],"collection":[{"href":"https:\/\/www.europesays.com\/fr\/wp-json\/wp\/v2\/posts"}],"about":[{"href":"https:\/\/www.europesays.com\/fr\/wp-json\/wp\/v2\/types\/post"}],"author":[{"embeddable":true,"href":"https:\/\/www.europesays.com\/fr\/wp-json\/wp\/v2\/users\/2"}],"replies":[{"embeddable":true,"href":"https:\/\/www.europesays.com\/fr\/wp-json\/wp\/v2\/comments?post=223506"}],"version-history":[{"count":0,"href":"https:\/\/www.europesays.com\/fr\/wp-json\/wp\/v2\/posts\/223506\/revisions"}],"wp:featuredmedia":[{"embeddable":true,"href":"https:\/\/www.europesays.com\/fr\/wp-json\/wp\/v2\/media\/223507"}],"wp:attachment":[{"href":"https:\/\/www.europesays.com\/fr\/wp-json\/wp\/v2\/media?parent=223506"}],"wp:term":[{"taxonomy":"category","embeddable":true,"href":"https:\/\/www.europesays.com\/fr\/wp-json\/wp\/v2\/categories?post=223506"},{"taxonomy":"post_tag","embeddable":true,"href":"https:\/\/www.europesays.com\/fr\/wp-json\/wp\/v2\/tags?post=223506"}],"curies":[{"name":"wp","href":"https:\/\/api.w.org\/{rel}","templated":true}]}}