{"id":223524,"date":"2025-07-03T16:21:08","date_gmt":"2025-07-03T16:21:08","guid":{"rendered":"https:\/\/www.europesays.com\/fr\/223524\/"},"modified":"2025-07-03T16:21:08","modified_gmt":"2025-07-03T16:21:08","slug":"toulouse-la-place-du-capitole-pourrait-etre-elue-monument-prefere-des-francais-comment-voter","status":"publish","type":"post","link":"https:\/\/www.europesays.com\/fr\/223524\/","title":{"rendered":"Toulouse. La place du Capitole pourrait \u00eatre \u00e9lue \u00ab\u00a0Monument pr\u00e9f\u00e9r\u00e9 des Fran\u00e7ais\u00a0\u00bb : comment voter\u00a0?"},"content":{"rendered":"<p>            Par<br \/>\n        <strong><br \/>\n            <a href=\"https:\/\/actu.fr\/auteur\/marie-lamarque\" title=\"Consulter tous les articles de Marie Lamarque\" target=\"_blank\" rel=\"noopener\">Marie Lamarque<\/a><br \/>\n        <\/strong><\/p>\n<p>        Publi\u00e9 le<\/p>\n<p>            3 juil. 2025 \u00e0 18h14        <\/p>\n<p>Avec <a href=\"https:\/\/actu.fr\/occitanie\/toulouse_31555\/video-toulouse-et-ses-secrets-le-dome-de-la-grave-sa-magnifique-vue-d-en-haut-et-ses-anecdotes_61686625.html\" target=\"_blank\" rel=\"noopener\">le D\u00f4me de La Grave<\/a>, elle est le monument <a href=\"https:\/\/actu.fr\/toulouse\/\" target=\"_blank\" rel=\"noopener\">star de Toulouse<\/a>, et peut-\u00eatre bient\u00f4t de tous les Fran\u00e7ais. Alors qu\u2019elle \u00e9tait <a href=\"https:\/\/actu.fr\/occitanie\/toulouse_31555\/pour-devenir-le-monument-prefere-des-francais-la-place-du-capitole-a-toulouse-va-devoir-deplacer-une-montagne_62604548.html\" target=\"_blank\" rel=\"noopener\">en comp\u00e9tition avec le pic du Midi<\/a> pour repr\u00e9senter la r\u00e9gion Occitanie, c\u2019est d\u00e9sormais officiel, <strong>la place du Capitole<\/strong> fait bien partie de la liste des sites en lice pour \u00eatre \u00e9lu <strong>\u00ab\u00a0Monument pr\u00e9f\u00e9r\u00e9 des Fran\u00e7ais 2025\u00a0\u00bb<\/strong>.<\/p>\n<p class=\" wall-content\">Les votes sont ouverts depuis ce jeudi 3 juillet. Voici comment faire pour soutenir cette place embl\u00e9matique de la Ville rose.<\/p>\n<p>La place du Capitole d\u00e9tr\u00f4ne une montagne<\/p>\n<p class=\" wall-content\">La c\u00e9l\u00e8bre \u00e9mission, pr\u00e9sent\u00e9e par <strong>St\u00e9phane Bern<\/strong>, et diffus\u00e9e sur France 3, met en lumi\u00e8re le patrimoine fran\u00e7ais, avec <strong>plus de 43 000 \u00e9difices<\/strong> inscrits ou class\u00e9s aux Monuments historiques.<\/p>\n<p class=\" wall-content\">Pour repr\u00e9senter la r\u00e9gion occitane, la place du Capitole a d\u00e9tr\u00f4n\u00e9 une montagne, <strong>le pic du Midi de Bigorre<\/strong>. Le public devait faire son choix entre les deux sites en mai dernier.<\/p>\n<p>Le c\u0153ur battant de Toulouse<\/p>\n<p class=\" wall-content\">La place de l\u2019h\u00f4tel de ville parviendra-t-elle \u00e0 succ\u00e9der <strong>au circuit des 24 Heures du Mans<\/strong> <a href=\"https:\/\/actu.fr\/pays-de-la-loire\/le-mans_72181\/le-circuit-des-24-heures-du-mans-monument-prefere-des-francais-merite-ou-grand-nimporte-quoi_61623121.html\" target=\"_blank\" rel=\"noopener\">qui avait \u00e9lu l\u2019an dernier<\/a> ? Les Toulousains l\u2019esp\u00e8rent ! D\u2019autant qu\u2019elle attire des milliers de locaux et de touristes sur ses \u00e9v\u00e8nements phares : <a href=\"http:\/\/google.com\/search?q=march%C3%A9+de+noel+nombre+visiteurs+toulouse+site%3Aactu.fr&amp;sca_esv=8db88439da67627d&amp;rlz=1C1GCEA_enFR946FR946&amp;sxsrf=AE3TifNObYHilU32uxUVDMYe8-fbtmViRw%3A1751554557270&amp;ei=_ZlmaKOjEKedkdUPlNbQ-A4&amp;ved=0ahUKEwjjlcOZ-aCOAxWnTqQEHRQrFO8Q4dUDCBA&amp;uact=5&amp;oq=march%C3%A9+de+noel+nombre+visiteurs+toulouse+site%3Aactu.fr&amp;gs_lp=Egxnd3Mtd2l6LXNlcnAiNm1hcmNow6kgZGUgbm9lbCBub21icmUgdmlzaXRldXJzIHRvdWxvdXNlIHNpdGU6YWN0dS5mckjrPFAAWNI7cAB4AJABAJgBXKABzBOqAQI0MbgBA8gBAPgBAZgCAKACAJgDAOIDBRIBMSBAkgcAoAe1DrIHALgHAMIHAMgHAA&amp;sclient=gws-wiz-serp\" target=\"_blank\" rel=\"noopener\">march\u00e9 de No\u00ebl<\/a>, <a href=\"https:\/\/actu.fr\/occitanie\/toulouse_31555\/direct-apres-la-victoire-les-joueurs-du-stade-toulousain-arrivent-au-capitole-suivez-l-evenement_62841747.html\" target=\"_blank\" rel=\"noopener\">c\u00e9l\u00e9brations des victoires<\/a> des clubs locaux\u2026 Ce week-end, <a href=\"https:\/\/actu.fr\/occitanie\/toulouse_31555\/images-le-stade-toulousain-roi-du-top-14-la-folle-soiree-des-supporters-dans-les-rues-de-toulouse_62841241.html\" target=\"_blank\" rel=\"noopener\">pour la retransmission de la finale du Top 14<\/a>, <strong>15 000 personnes<\/strong> s\u2019y \u00e9taient donn\u00e9es rendez-vous.<\/p>\n<p>Vid\u00e9os : en ce moment sur Actu<\/p>\n<p class=\" wall-content\">Sa croix occitane suscite particuli\u00e8rement la curiosit\u00e9 des touristes. Le saviez-vous ? <strong>20 tonnes de bronze ont \u00e9t\u00e9 coul\u00e9es<\/strong> entre les pav\u00e9s de granit rose pour lui donner forme ! Ses 12 sph\u00e8res \u00e9voquent les 12 mois de l\u2019ann\u00e9e, mais aussi les 12 signes du zodiaque. Certains diront m\u00eame que la tradition veut que l\u2019on pose sur le cercle correspondant \u00e0 son signe ! Un spot \u00e0 selfies id\u00e9al.<\/p>\n<p>Ses concurrents, d\u2019autres p\u00e9pites fran\u00e7aises<\/p>\n<p class=\" wall-content\">Mais aussi pr\u00e9cieuse soit-elle dans le c\u0153ur des Toulousains, la place du Capitole est en concurrence avec d\u2019autres grands tr\u00e9sors du patrimoine fran\u00e7ais :\u00a0<\/p>\n<ul class=\" wall-content\">\n<li>le viaduc de Garabit dans le Cantal ;<\/li>\n<li>la citadelle de Besan\u00e7on dans le Doubs ;<\/li>\n<li>Pen Duick dans le Morbihan ;<\/li>\n<li>le ch\u00e2teau de Chenonceau en Indre-et-Loire ;<\/li>\n<li>la citadelle de Calvi en Corse ;<\/li>\n<li>le ch\u00e2teau de Harou\u00e9 en Meurthe-et-Moselle ;<\/li>\n<li>le jardin botanique de Valombreuse en Guadeloupe ;<\/li>\n<li>le ch\u00e2teau de Chantilly dans l\u2019Oise ;<\/li>\n<li>la basilique cath\u00e9drale Saint-Denis en Seine-Saint-Denis ;<\/li>\n<li>la villa Les Rhumbs \u2013 Mus\u00e9e Christian Dior, dans la Manche ;<\/li>\n<li>le phare de Cordouan en Gironde ;<\/li>\n<li>les remparts de Gu\u00e9rande en Loire-Atlantique ;<\/li>\n<li>l\u2019amphith\u00e9\u00e2tre d\u2019Arles dans les Bouches du Rh\u00f4ne.<\/li>\n<\/ul>\n<p class=\" wall-content\">Pour lui faire remporter le titre national,<strong> les votes sont ouverts jusqu\u2019au vendredi 18 juillet 2025<\/strong>, \u00e0 23h59, <a href=\"https:\/\/participez.france.tv\/quiz\/1599796_56\/%20MPDF-25-finale.html\" target=\"_blank\" rel=\"noopener\">via la plateforme france.tv<\/a>.<\/p>\n<p class=\" wall-content\">Suivez toute l\u2019actualit\u00e9 de vos villes et m\u00e9dias favoris en vous inscrivant \u00e0 <a href=\"https:\/\/moncompte.actu.fr\" title=\"D\u00e9couvez Mon Actu\" rel=\"nofollow noopener\" data-trk=\"{&quot;cta&quot;:{&quot;action&quot;:&quot;https:\\\/\\\/moncompte.actu.fr&quot;,&quot;category&quot;:&quot;mon compte&quot;,&quot;from&quot;:&quot;article footer&quot;,&quot;name&quot;:&quot;Mon actu&quot;,&quot;type&quot;:&quot;cta&quot;}}\" target=\"_blank\">Mon Actu<\/a>.<\/p>\n","protected":false},"excerpt":{"rendered":"Par Marie Lamarque Publi\u00e9 le 3 juil. 2025 \u00e0 18h14 Avec le D\u00f4me de La Grave, elle est&hellip;\n","protected":false},"author":2,"featured_media":223525,"comment_status":"","ping_status":"","sticky":false,"template":"","format":"standard","meta":{"footnotes":""},"categories":[2816],"tags":[1111,11,4519,1777,674,1011,27,12,2680,2551,25,104,2312],"class_list":{"0":"post-223524","1":"post","2":"type-post","3":"status-publish","4":"format-standard","5":"has-post-thumbnail","7":"category-toulouse","8":"tag-actu","9":"tag-actualites","10":"tag-capitole","11":"tag-eu","12":"tag-europe","13":"tag-fr","14":"tag-france","15":"tag-news","16":"tag-occitanie","17":"tag-patrimoine","18":"tag-republique-francaise","19":"tag-societe","20":"tag-toulouse"},"share_on_mastodon":{"url":"https:\/\/pubeurope.com\/@fr\/114790222168382635","error":""},"_links":{"self":[{"href":"https:\/\/www.europesays.com\/fr\/wp-json\/wp\/v2\/posts\/223524","targetHints":{"allow":["GET"]}}],"collection":[{"href":"https:\/\/www.europesays.com\/fr\/wp-json\/wp\/v2\/posts"}],"about":[{"href":"https:\/\/www.europesays.com\/fr\/wp-json\/wp\/v2\/types\/post"}],"author":[{"embeddable":true,"href":"https:\/\/www.europesays.com\/fr\/wp-json\/wp\/v2\/users\/2"}],"replies":[{"embeddable":true,"href":"https:\/\/www.europesays.com\/fr\/wp-json\/wp\/v2\/comments?post=223524"}],"version-history":[{"count":0,"href":"https:\/\/www.europesays.com\/fr\/wp-json\/wp\/v2\/posts\/223524\/revisions"}],"wp:featuredmedia":[{"embeddable":true,"href":"https:\/\/www.europesays.com\/fr\/wp-json\/wp\/v2\/media\/223525"}],"wp:attachment":[{"href":"https:\/\/www.europesays.com\/fr\/wp-json\/wp\/v2\/media?parent=223524"}],"wp:term":[{"taxonomy":"category","embeddable":true,"href":"https:\/\/www.europesays.com\/fr\/wp-json\/wp\/v2\/categories?post=223524"},{"taxonomy":"post_tag","embeddable":true,"href":"https:\/\/www.europesays.com\/fr\/wp-json\/wp\/v2\/tags?post=223524"}],"curies":[{"name":"wp","href":"https:\/\/api.w.org\/{rel}","templated":true}]}}