{"id":223539,"date":"2025-07-03T16:29:09","date_gmt":"2025-07-03T16:29:09","guid":{"rendered":"https:\/\/www.europesays.com\/fr\/223539\/"},"modified":"2025-07-03T16:29:09","modified_gmt":"2025-07-03T16:29:09","slug":"ils-ecumaient-lile-de-france-a-la-recherche-de-hyundai-tucson-a-voler","status":"publish","type":"post","link":"https:\/\/www.europesays.com\/fr\/223539\/","title":{"rendered":"Ils \u00e9cumaient l\u2019Ile-de-France \u00e0 la recherche de Hyundai Tucson \u00e0 voler"},"content":{"rendered":"<p class=\"paragraph text_align_left lp-f-body-02\">Des Hyundai Tucson et rien d\u2019autre. Voil\u00e0 ce que, la nuit, cherchaient ces deux habitants de Versailles (Yvelines). Et pour r\u00e9pondre aux commandes, ils n\u2019h\u00e9sitaient pas \u00e0 parcourir toute l\u2019Ile-de-France : Boissise-le-Roi, Mont\u00e9vrain ou encore Saint-Fargeau-Ponthierry en Seine-et-Marne. Mais aussi Paris, Le Pecq et Chatou (Yvelines), Fontenay-aux-Roses (Hauts-de-Seine) et Breuillet (Essonne)\u2026 Les adresses de stationnement des voitures leur \u00e9taient communiqu\u00e9es via les r\u00e9seaux sociaux.<\/p>\n<p class=\"paragraph text_align_left lp-f-body-02\">C\u2019est pour quelque onze vols commis entre d\u00e9cembre 2024 et mars 2025 que ces jeunes, \u00e2g\u00e9s de 19 et 21 ans, ont comparu \u2013 mercredi \u2013 devant le tribunal correctionnel de Meaux. A l\u2019audience, ils ont reconnu leur implication dans ce qui appara\u00eet comme une organisation efficace et structur\u00e9e.<\/p>\n<p class=\"paragraph text_align_left lp-f-body-02\">\u00ab Mon r\u00f4le, c\u2019\u00e9tait accompagnateur, j\u2019emmenais tout le monde \u00bb, a assur\u00e9 le plus \u00e2g\u00e9. \u00ab Moi, je conduisais les voitures \u00bb, a expliqu\u00e9 le second. Avant d\u2019oser, sur un ton peu convaincant : \u00ab Je savais pas que je volais. De base, je suis pas un voleur \u00bb. Les deux Versaillais \u2013 qui conduisaient sans permis de conduire &#8211; se sont d\u00e9crits comme des petites mains. La suite \u2013 \u00e0 savoir le chargement des Tucson dans des conteneurs et<a href=\"https:\/\/www.leparisien.fr\/seine-et-marne-77\/lognes-interpelles-alors-quils-saffairaient-autour-dun-conteneur-et-des-voitures-volees-26-06-2025-URUQL2IPJJBGVLHPJZ5C3HI3J4.php\" target=\"_self\" rel=\"nofollow noopener\"> leur exp\u00e9dition vers le continent africain<\/a> -, c\u2019\u00e9tait le travail d\u2019autres \u00e9quipes.<\/p>\n<p>Des pr\u00e9judices financiers \u00e9lev\u00e9s pour les victimes<\/p>\n<p class=\"paragraph text_align_left lp-f-body-02\">L\u2019un des pr\u00e9venus avait d\u00e9j\u00e0 \u00e9t\u00e9 incarc\u00e9r\u00e9 pour avoir d\u00e9rob\u00e9 des voitures. Il a expliqu\u00e9 sa rechute : \u00ab Au d\u00e9but, j\u2019ai fait \u00e7a pour des questions d\u2019argent. Apr\u00e8s, je n\u2019avais plus le choix, je recevais des ordres \u00bb. Encourag\u00e9 par la pr\u00e9sidente C\u00e9cile Lemoine \u00e0 d\u00e9tailler son propos, il a expliqu\u00e9 avoir refus\u00e9 \u2013 \u00e0 sa sortie de prison \u2013 de participer \u00e0 des nouveaux vols : \u00ab J\u2019ai regrett\u00e9. J\u2019ai fini dans une voiture, avec les mains et les jambes attach\u00e9es, dans une for\u00eat. J\u2019ai \u00e9t\u00e9 frapp\u00e9 avec la crosse d\u2019une arme \u00e0 feu \u00bb.<\/p>\n<p class=\"paragraph text_align_left lp-f-body-02\">M\u00eame quand elles ont pu r\u00e9cup\u00e9rer leur bien, les pr\u00e9judices financiers pour les victimes sont tr\u00e8s \u00e9lev\u00e9s. L\u2019une d\u2019elles, dans cette affaire, les chiffre \u00e0 plus de 14 000 euros. C\u2019est que parfois, elles continuent de payer en leasing un v\u00e9hicule\u2026 dont elles ne disposent pas. Sans oublier le montant des r\u00e9parations, en raison des d\u00e9gradations commises.<\/p>\n<p class=\"paragraph text_align_left lp-f-body-02\">La substitute du procureur Zo\u00e9 Debuse a requis 18 mois de prison, dont un an ferme, avec mandat de d\u00e9p\u00f4t \u00e0 l\u2019encontre du plus \u00e2g\u00e9, et 10 mois de prison ferme \u00e0 effectuer sous bracelet \u00e9lectronique contre le second. Les deux r\u00e9cidivistes avaient \u00e9t\u00e9 identifi\u00e9s gr\u00e2ce \u00e0 leurs lignes t\u00e9l\u00e9phoniques, qui bornaient sur la quasi-int\u00e9gralit\u00e9 des faits. Sans oublier la g\u00e9olocalisation de leur \u00ab v\u00e9hicule de guerre \u00bb et les traces d\u2019ADN retrouv\u00e9es dans des Tucson. Les juges ont suivi les r\u00e9quisitions du parquet.<\/p>\n","protected":false},"excerpt":{"rendered":"Des Hyundai Tucson et rien d\u2019autre. Voil\u00e0 ce que, la nuit, cherchaient ces deux habitants de Versailles (Yvelines).&hellip;\n","protected":false},"author":2,"featured_media":223540,"comment_status":"","ping_status":"","sticky":false,"template":"","format":"standard","meta":{"footnotes":""},"categories":[1592],"tags":[1111,11,1777,674,1011,27,662,1944,12,626,25,1937],"class_list":{"0":"post-223539","1":"post","2":"type-post","3":"status-publish","4":"format-standard","5":"has-post-thumbnail","7":"category-ile-de-france","8":"tag-actu","9":"tag-actualites","10":"tag-eu","11":"tag-europe","12":"tag-fr","13":"tag-france","14":"tag-ile-de-france","15":"tag-ma-ville","16":"tag-news","17":"tag-paris","18":"tag-republique-francaise","19":"tag-seine-et-marne"},"share_on_mastodon":{"url":"https:\/\/pubeurope.com\/@fr\/114790253501713054","error":""},"_links":{"self":[{"href":"https:\/\/www.europesays.com\/fr\/wp-json\/wp\/v2\/posts\/223539","targetHints":{"allow":["GET"]}}],"collection":[{"href":"https:\/\/www.europesays.com\/fr\/wp-json\/wp\/v2\/posts"}],"about":[{"href":"https:\/\/www.europesays.com\/fr\/wp-json\/wp\/v2\/types\/post"}],"author":[{"embeddable":true,"href":"https:\/\/www.europesays.com\/fr\/wp-json\/wp\/v2\/users\/2"}],"replies":[{"embeddable":true,"href":"https:\/\/www.europesays.com\/fr\/wp-json\/wp\/v2\/comments?post=223539"}],"version-history":[{"count":0,"href":"https:\/\/www.europesays.com\/fr\/wp-json\/wp\/v2\/posts\/223539\/revisions"}],"wp:featuredmedia":[{"embeddable":true,"href":"https:\/\/www.europesays.com\/fr\/wp-json\/wp\/v2\/media\/223540"}],"wp:attachment":[{"href":"https:\/\/www.europesays.com\/fr\/wp-json\/wp\/v2\/media?parent=223539"}],"wp:term":[{"taxonomy":"category","embeddable":true,"href":"https:\/\/www.europesays.com\/fr\/wp-json\/wp\/v2\/categories?post=223539"},{"taxonomy":"post_tag","embeddable":true,"href":"https:\/\/www.europesays.com\/fr\/wp-json\/wp\/v2\/tags?post=223539"}],"curies":[{"name":"wp","href":"https:\/\/api.w.org\/{rel}","templated":true}]}}