{"id":223568,"date":"2025-07-03T16:46:10","date_gmt":"2025-07-03T16:46:10","guid":{"rendered":"https:\/\/www.europesays.com\/fr\/223568\/"},"modified":"2025-07-03T16:46:10","modified_gmt":"2025-07-03T16:46:10","slug":"rugby-a-xiii-les-dragons-catalans-signent-une-premiere-recrue-australienne-pour-2026","status":"publish","type":"post","link":"https:\/\/www.europesays.com\/fr\/223568\/","title":{"rendered":"Rugby \u00e0 XIII\u00a0: Les Dragons Catalans signent une premi\u00e8re recrue australienne pour 2026"},"content":{"rendered":"<p>\n                                                                Le meneur de jeu australien, Toby Sexton (24 ans) vient de signer un contrat de deux ans, avec les Dragons Catalans qu\u2019il rejoindra d\u00e8s cet hiver pour pr\u00e9parer la saison 2026. Sexton quittera les Canterbury Bulldogs \u00e0 l\u2019issue de la saison 2025 du championnat professionnel australien de Rugby \u00e0 XIII. Dans le m\u00eame temps, Joel Tomkins devient officiellement l\u2019entra\u00eeneur des Dragons jusqu\u2019\u00e0 la fin de la saison 2025.\n                            <\/p>\n<p>Apr\u00e8s trois saisons chez les Titans de la Gold Coast et trois autres \u00e0 Canterbury, Toby Sexton (1,84\u00a0m et 86\u00a0kg) quittera la NRL (61 matches) pour la Super League et les Dragons Catalans. Les Dracs cherchent un meneur capable de conduire le jeu d\u2019une \u00e9quipe qui fera sans Luke Keary la saison prochaine. L\u2019Australien ne devrait pas activer sa deuxi\u00e8me ann\u00e9e de contrat. Sexton a disput\u00e9 14 des 17 matches des Bulldogs cette saison, une formation class\u00e9e deuxi\u00e8me et qui affronte les Brisbane Broncos ce vendredi \u00e0 domicile. Sexton formera la charni\u00e8re avec Matt Burton face aux Broncos.<br \/>Comment les Dragons ont-ils r\u00e9ussi \u00e0 s\u2019attacher les services d\u2019un titulaire de la prestigieuse NRL\u00a0? Les Bulldogs, par l\u2019interm\u00e9diaire de leur directeur du rugby, Phil Gould, lui ont fait comprendre qu\u2019aucune prolongation n\u2019\u00e9tait d\u2019actualit\u00e9 et qu\u2019ils comptaient sur Lachlan Galvin (20 ans), arriv\u00e9 en cours de saison (Wests Tigers), pour l\u2019avenir. Il y a deux semaines, face aux Eels (victoire 30-12), Sexton a m\u00eame \u00e9volu\u00e9 au talonnage en deuxi\u00e8me mi-temps, pour justement permettre \u00e0 Lachlan Galvin d\u2019entrer \u00e0 la charni\u00e8re.<br \/>Le natif de Sunnybank, situ\u00e9 dans la banlieue de Brisbane, a largement particip\u00e9 \u00e0 la remont\u00e9e au classement de Canterbury depuis son arriv\u00e9e en 2023. Les Dragons n\u2019ont pas laiss\u00e9 passer l\u2019opportunit\u00e9 de le faire venir \u00e0 Perpignan, avant que leurs rivaux ne s\u2019en saisissent. Attirer un meneur de jeu titulaire de 24 ans, qui \u00e9volue au sein d\u2019une formation du Top 2 de la NRL, montre une nouvelle fois l\u2019attractivit\u00e9 du club \u00e0 l\u2019autre bout de la plan\u00e8te.<br \/>\u00ab\u00a0C\u2019est un demi de m\u00eal\u00e9e prometteur, dot\u00e9 d\u2019un excellent jeu au pied, d\u2019une grande ma\u00eetrise du jeu et d\u2019un sang-froid remarquable sous pression\u00a0\u00bb, dit de lui Joel Tomkins, qui ajoute\u00a0: \u00ab\u00a0Il d\u00e9montre d\u00e9j\u00e0 qu\u2019il peut \u00e9voluer au plus haut niveau et je pense qu\u2019il ne fera que progresser. Son attitude, son professionnalisme et son esprit de comp\u00e9tition s\u2019int\u00e9greront parfaitement \u00e0 notre effectif et \u00e0 la culture que nous souhaitons instaurer au sein de l\u2019\u00e9quipe.\u00a0\u00bb<\/p>\n<p>Joel Tomkins nomm\u00e9 officiellement \u00e0 la t\u00eate des Dracs<\/p>\n<p>Cette signature intervient le m\u00eame jour que l\u2019officialisation du poste d\u2019entra\u00eeneur confi\u00e9 \u00e0 Joel Tomkins \u00e0 la place de Steve McNamara, comme l\u2019a r\u00e9v\u00e9l\u00e9 L\u2019Ind\u00e9pendant le 21\u00a0mai dernier.<br \/>\u00ab\u00a0Je suis ravi d\u2019avoir \u00e9t\u00e9 nomm\u00e9 entra\u00eeneur des Dragons Catalans et je tiens \u00e0 remercier Bernard Guasch ainsi que le bureau ex\u00e9cutif du club pour la confiance qu\u2019ils m\u2019ont accord\u00e9e\u00a0\u00bb, a expliqu\u00e9 l\u2019a\u00een\u00e9 des trois fr\u00e8res Tomkins. Lui qui n\u2019est qu\u2019au d\u00e9but de sa carri\u00e8re d\u2019entra\u00eeneur aborde ce r\u00f4le avec passion, enthousiasme et une totale conviction en ce que cette \u00e9quipe peut accomplir. \u00ab\u00a0J\u2019ai eu la chance d\u2019apprendre aupr\u00e8s de mentors exceptionnels et, gr\u00e2ce \u00e0 mes exp\u00e9riences dans le monde du rugby, je suis pr\u00eat \u00e0 apporter une perspective nouvelle \u00e0 l\u2019\u00e9quipe et au club.\u00a0\u00bb<br \/>Apr\u00e8s avoir connu quatre d\u00e9faites de rang pour ses d\u00e9buts \u00e0 la t\u00eate de l\u2019\u00e9quipe, Joel Tomkins a go\u00fbt\u00e9 \u00e0 la victoire samedi dernier contre Huddersfield (32-0). Samedi (18\u00a0h\u00a030), c\u2019est \u00e0 Wakefield que son groupe est attendu, pour une premi\u00e8re victoire en Angleterre dans sa jeune carri\u00e8re d\u2019entra\u00eeneur\u00a0? Il y croit fermement et affirme avoir minutieusement pr\u00e9par\u00e9 son groupe.<br \/>Rien ne dit que l\u2019ancien pilier ou deuxi\u00e8me ligne ne sera pas le coach des Dracs en 2026. Aujourd\u2019hui, il avance sans regarder plus loin, tout en accordant sa confiance aux jeunes, en \u00e9tant exigeant avec tout son effectif au quotidien et en prenant part aux discussions pour pr\u00e9parer 2026.<\/p>\n","protected":false},"excerpt":{"rendered":"Le meneur de jeu australien, Toby Sexton (24 ans) vient de signer un contrat de deux ans, avec&hellip;\n","protected":false},"author":2,"featured_media":223569,"comment_status":"","ping_status":"","sticky":false,"template":"","format":"standard","meta":{"footnotes":""},"categories":[1416],"tags":[1011,27,479,1468,60],"class_list":{"0":"post-223568","1":"post","2":"type-post","3":"status-publish","4":"format-standard","5":"has-post-thumbnail","7":"category-rugby","8":"tag-fr","9":"tag-france","10":"tag-rugby","11":"tag-rugby-football","12":"tag-sports"},"share_on_mastodon":{"url":"https:\/\/pubeurope.com\/@fr\/114790320279197916","error":""},"_links":{"self":[{"href":"https:\/\/www.europesays.com\/fr\/wp-json\/wp\/v2\/posts\/223568","targetHints":{"allow":["GET"]}}],"collection":[{"href":"https:\/\/www.europesays.com\/fr\/wp-json\/wp\/v2\/posts"}],"about":[{"href":"https:\/\/www.europesays.com\/fr\/wp-json\/wp\/v2\/types\/post"}],"author":[{"embeddable":true,"href":"https:\/\/www.europesays.com\/fr\/wp-json\/wp\/v2\/users\/2"}],"replies":[{"embeddable":true,"href":"https:\/\/www.europesays.com\/fr\/wp-json\/wp\/v2\/comments?post=223568"}],"version-history":[{"count":0,"href":"https:\/\/www.europesays.com\/fr\/wp-json\/wp\/v2\/posts\/223568\/revisions"}],"wp:featuredmedia":[{"embeddable":true,"href":"https:\/\/www.europesays.com\/fr\/wp-json\/wp\/v2\/media\/223569"}],"wp:attachment":[{"href":"https:\/\/www.europesays.com\/fr\/wp-json\/wp\/v2\/media?parent=223568"}],"wp:term":[{"taxonomy":"category","embeddable":true,"href":"https:\/\/www.europesays.com\/fr\/wp-json\/wp\/v2\/categories?post=223568"},{"taxonomy":"post_tag","embeddable":true,"href":"https:\/\/www.europesays.com\/fr\/wp-json\/wp\/v2\/tags?post=223568"}],"curies":[{"name":"wp","href":"https:\/\/api.w.org\/{rel}","templated":true}]}}