{"id":223581,"date":"2025-07-03T16:53:11","date_gmt":"2025-07-03T16:53:11","guid":{"rendered":"https:\/\/www.europesays.com\/fr\/223581\/"},"modified":"2025-07-03T16:53:11","modified_gmt":"2025-07-03T16:53:11","slug":"jean-luc-lahaye-se-marie-a-72-ans","status":"publish","type":"post","link":"https:\/\/www.europesays.com\/fr\/223581\/","title":{"rendered":"Jean-Luc Lahaye se marie \u00e0 72 ans"},"content":{"rendered":"<p class=\"mb-4 text-lg md:leading-8 break-words\">Mariage discret mais romantique pour <a class=\"link \" href=\"https:\/\/www.lepoint.fr\/people\/concert-de-jean-luc-lahaye-des-feministes-en-colere-jugent-cette-programmation-inacceptable-16-04-2025-2587529_2116.php\" rel=\"nofollow noopener\" target=\"_blank\" data-ylk=\"slk:Jean-Luc Lahaye;elm:context_link;itc:0;sec:content-canvas\">Jean-Luc Lahaye<\/a>, 72\u00a0ans. Ce 2\u00a0juillet, en pleine canicule, le chanteur a \u00e9pous\u00e9 Paola, de 30\u00a0ans sa cadette, dans la mairie du 18e arrondissement de Paris, un quartier qu&rsquo;ils connaissent bien\u00a0: petite robe cr\u00e8me et chapeau de paille pour elle, costume bleu p\u00e2le et baskets blanches pour lui, les mari\u00e9s ont pris la pose devant la mairie devant les photographes. Autour d&rsquo;eux, des amis et quelques people, dont <a class=\"link \" href=\"https:\/\/www.lepoint.fr\/people\/francis-lalanne-son-chant-a-la-gloire-de-la-russie-fait-tache-24-06-2025-2592780_2116.php\" rel=\"nofollow noopener\" target=\"_blank\" data-ylk=\"slk:Francis Lalanne;elm:context_link;itc:0;sec:content-canvas\">Francis Lalanne<\/a>, <a class=\"link \" href=\"https:\/\/www.lepoint.fr\/arts\/pierre-jean-chalencon-compte-sur-napoleon-pour-le-sauver-de-la-ruine-21-06-2025-2592540_36.php\" rel=\"nofollow noopener\" target=\"_blank\" data-ylk=\"slk:Pierre-Jean Chalen\u00e7on;elm:context_link;itc:0;sec:content-canvas\">Pierre-Jean Chalen\u00e7on<\/a> et B\u00e9bert, du groupe Les Forbans, rapporte le site Purepeople. L&rsquo;interpr\u00e8te des tubes \u00ab\u00a0Femme que j&rsquo;aime\u00a0\u00bb et \u00ab\u00a0Papa chanteur\u00a0\u00bb a ensuite convi\u00e9 la noce dans son pied-\u00e0-terre pour faire un barbecue sur la terrasse et \u00ab\u00a0une fiesta rock&rsquo;n&rsquo;roll\u00a0\u00bb.<\/p>\n<p><a href=\"https:\/\/www.tiktok.com\/@purepeople?refer=embed\" rel=\"nofollow noopener\" target=\"_blank\" data-ylk=\"slk:@purepeople;elm:context_link;itc:0;sec:content-canvas\" class=\"link \">@purepeople<\/a> \ufffd\ufffd\u200d\u2640\ufe0f\ufffd\ufffd\u200d\u2642\ufe0f Jean-Luc Lahaye s\u2019est mari\u00e9 ce mercredi avec Paola, 42 ans, \u00e0 la mairie du 18e arrondissement de Paris Ce mercredi, Jean-Luc Lahaye a uni sa destin\u00e9e \u00e0 celle de Paola, 42 ans, lors d\u2019une c\u00e9r\u00e9monie civile sobre et discr\u00e8te \u00e0 la mairie du 18\u1d49 arrondissement de Paris. Le chanteur, \u00e2g\u00e9 de 71 ans, \u00e9tait entour\u00e9 de ses proches pour cet \u00e9v\u00e9nement intime. Un moment symbolique pour celui qui marque ainsi un nouveau chapitre dans sa vie. <a href=\"https:\/\/www.tiktok.com\/tag\/jeanluclahaye?refer=embed\" rel=\"nofollow noopener\" target=\"_blank\" data-ylk=\"slk:#JeanLucLahaye;elm:context_link;itc:0;sec:content-canvas\" class=\"link \">#JeanLucLahaye<\/a> <a href=\"https:\/\/www.tiktok.com\/tag\/mariage?refer=embed\" rel=\"nofollow noopener\" target=\"_blank\" data-ylk=\"slk:#Mariage;elm:context_link;itc:0;sec:content-canvas\" class=\"link \">#Mariage<\/a> <a href=\"https:\/\/www.tiktok.com\/tag\/paola?refer=embed\" rel=\"nofollow noopener\" target=\"_blank\" data-ylk=\"slk:#Paola;elm:context_link;itc:0;sec:content-canvas\" class=\"link \">#Paola<\/a> <a href=\"https:\/\/www.tiktok.com\/tag\/paris18?refer=embed\" rel=\"nofollow noopener\" target=\"_blank\" data-ylk=\"slk:#Paris18;elm:context_link;itc:0;sec:content-canvas\" class=\"link \">#Paris18<\/a> <a href=\"https:\/\/www.tiktok.com\/tag\/purepeople?refer=embed\" rel=\"nofollow noopener\" target=\"_blank\" data-ylk=\"slk:#PurePeople;elm:context_link;itc:0;sec:content-canvas\" class=\"link \">#PurePeople<\/a> <a href=\"https:\/\/www.tiktok.com\/tag\/bestimage?refer=embed\" rel=\"nofollow noopener\" target=\"_blank\" data-ylk=\"slk:#bestimage;elm:context_link;itc:0;sec:content-canvas\" class=\"link \">#bestimage<\/a> <a href=\"https:\/\/www.tiktok.com\/music\/Celebration-6917221253644290049?refer=embed\" rel=\"nofollow noopener\" target=\"_blank\" data-ylk=\"slk:\u266c Celebration - Kool &amp; The Gang;elm:context_link;itc:0;sec:content-canvas\" class=\"link \">\u266c Celebration &#8211; Kool &amp; The Gang<\/a>\u00ab\u00a0Choisie \u00e0 l&rsquo;\u00e9chographie\u00a0\u00bb<\/p>\n<p class=\"mb-4 text-lg md:leading-8 break-words\">D\u00e9j\u00e0 p\u00e8re de deux filles, issues d&rsquo;une union pr\u00e9c\u00e9dente, Jean-Luc Lahaye a rencontr\u00e9 Paola sur un march\u00e9 de Montmartre il y a une dizaine d&rsquo;ann\u00e9es et a trouv\u00e9 en ell [&#8230;] <a href=\"https:\/\/www.lepoint.fr\/people\/jean-luc-lahaye-se-marie-a-72-ans-03-07-2025-2593574_2116.php\" rel=\"nofollow noopener\" target=\"_blank\" data-ylk=\"slk:Lire la suite;elm:context_link;itc:0;sec:content-canvas\" class=\"link \">Lire la suite<\/a><\/p>\n<p><script async src=\"\/\/www.tiktok.com\/embed.js\"><\/script><\/p>\n","protected":false},"excerpt":{"rendered":"Mariage discret mais romantique pour Jean-Luc Lahaye, 72\u00a0ans. Ce 2\u00a0juillet, en pleine canicule, le chanteur a \u00e9pous\u00e9 Paola,&hellip;\n","protected":false},"author":2,"featured_media":223582,"comment_status":"","ping_status":"","sticky":false,"template":"","format":"standard","meta":{"footnotes":""},"categories":[1359],"tags":[24078,1764,58,59,1011,27,21301,9415,36051,973],"class_list":{"0":"post-223581","1":"post","2":"type-post","3":"status-publish","4":"format-standard","5":"has-post-thumbnail","7":"category-people","8":"tag-18e-arrondissement-de-paris","9":"tag-ans","10":"tag-divertissement","11":"tag-entertainment","12":"tag-fr","13":"tag-france","14":"tag-francis-lalanne","15":"tag-jean-luc-lahaye","16":"tag-paola","17":"tag-people"},"share_on_mastodon":{"url":"https:\/\/pubeurope.com\/@fr\/114790347854685742","error":""},"_links":{"self":[{"href":"https:\/\/www.europesays.com\/fr\/wp-json\/wp\/v2\/posts\/223581","targetHints":{"allow":["GET"]}}],"collection":[{"href":"https:\/\/www.europesays.com\/fr\/wp-json\/wp\/v2\/posts"}],"about":[{"href":"https:\/\/www.europesays.com\/fr\/wp-json\/wp\/v2\/types\/post"}],"author":[{"embeddable":true,"href":"https:\/\/www.europesays.com\/fr\/wp-json\/wp\/v2\/users\/2"}],"replies":[{"embeddable":true,"href":"https:\/\/www.europesays.com\/fr\/wp-json\/wp\/v2\/comments?post=223581"}],"version-history":[{"count":0,"href":"https:\/\/www.europesays.com\/fr\/wp-json\/wp\/v2\/posts\/223581\/revisions"}],"wp:featuredmedia":[{"embeddable":true,"href":"https:\/\/www.europesays.com\/fr\/wp-json\/wp\/v2\/media\/223582"}],"wp:attachment":[{"href":"https:\/\/www.europesays.com\/fr\/wp-json\/wp\/v2\/media?parent=223581"}],"wp:term":[{"taxonomy":"category","embeddable":true,"href":"https:\/\/www.europesays.com\/fr\/wp-json\/wp\/v2\/categories?post=223581"},{"taxonomy":"post_tag","embeddable":true,"href":"https:\/\/www.europesays.com\/fr\/wp-json\/wp\/v2\/tags?post=223581"}],"curies":[{"name":"wp","href":"https:\/\/api.w.org\/{rel}","templated":true}]}}