{"id":223593,"date":"2025-07-03T16:59:10","date_gmt":"2025-07-03T16:59:10","guid":{"rendered":"https:\/\/www.europesays.com\/fr\/223593\/"},"modified":"2025-07-03T16:59:10","modified_gmt":"2025-07-03T16:59:10","slug":"une-nouvelle-cause-effrayante-du-cancer-du-poumon-qui-nous-concerne-tous-et-ce-nest-pas-le-tabac","status":"publish","type":"post","link":"https:\/\/www.europesays.com\/fr\/223593\/","title":{"rendered":"Une nouvelle cause effrayante du cancer du poumon qui nous concerne tous (et ce n&rsquo;est pas le tabac)"},"content":{"rendered":"<p>Le nombre de femmes concern\u00e9es par le cancer du poumon augmente en France selon l\u2019Assurance maladie. Cela s\u2019explique notamment par une augmentation du tabagisme f\u00e9minin, mais ce n\u2019est pas la seule raison. La part de non-fumeurs parmi les personnes diagnostiqu\u00e9es grimpe \u00e9galement. Cette proportion repr\u00e9sente aujourd\u2019hui environ 1 cas sur 4 dans le monde. En France, c\u2019est plut\u00f4t 2 personnes sur 10, soit environ 10 000 nouveaux cas par an.<\/p>\n<p>La pollution provoque des mutations g\u00e9n\u00e9tiques<\/p>\n<p>Plusieurs dizaines de chercheurs du monde entier se sont associ\u00e9s pour r\u00e9aliser une nouvelle \u00e9tude parue le 2 juillet 2025 dans la prestigieuse revue Nature. Leurs r\u00e9sultats confirment les liens entre pollution et cancers du poumon. Plus une r\u00e9gion est pollu\u00e9e, plus on retrouve de mutations g\u00e9n\u00e9tiques li\u00e9es au cancer dans les tumeurs pr\u00e9lev\u00e9es. C\u2019est la premi\u00e8re \u00e9tude qui explique comment la pollution favorise la maladie. Les chercheurs se sont bas\u00e9s sur les donn\u00e9es de l\u2019\u00e9tude Sherlock-Lung. Ils ont analys\u00e9 le g\u00e9nome de 871 personnes qui n\u2019avaient jamais fum\u00e9, mais ont tout de m\u00eame d\u00e9velopp\u00e9 un cancer du poumon. Ces patients \u00e9taient originaires de 28 r\u00e9gions du monde diff\u00e9rentes. \u00ab Nos recherches montrent que la pollution de l&rsquo;air est fortement associ\u00e9e aux m\u00eames types de mutations de l&rsquo;ADN que celles que l&rsquo;on associe g\u00e9n\u00e9ralement au tabagisme \u00bb, explique au Guardian Ludmil Alexandrov, docteur \u00e0 l\u2019Universit\u00e9 de San Diego en Californie. Il (&#8230;)<\/p>\n<p><a href=\"https:\/\/www.topsante.com\/medecine\/environnement_et_sante\/une-nouvelle-cause-effrayante-du-cancer-du-poumon-qui-nous-concerne-tous-et-ce-nest-pas-le-tabac-919837?utm_campaign=partenariat&amp;utm_source=yahoo-articles&amp;utm_medium=flux\" rel=\"nofollow noopener\" target=\"_blank\" data-ylk=\"slk:Lire la suite sur Top Sant\u00e9;elm:context_link;itc:0;sec:content-canvas\" class=\"link \">Lire la suite sur Top Sant\u00e9<\/a><\/p>\n<p><a href=\"https:\/\/www.topsante.com\/medecine\/cancers\/cancer_du_col_de_l_uterus\/les-femmes-de-plus-de-65-ans-ont-un-risque-accru-de-cancer-du-col-de-luterus-du-au-papillomavirus-919798?utm_campaign=partenariat&amp;utm_source=yahoo-articles&amp;utm_medium=flux\" rel=\"nofollow noopener\" target=\"_blank\" data-ylk=\"slk:Les femmes de plus de 65 ans ont un risque accru de cancer du col de l&#039;ut\u00e9rus d\u00fb au papillomavirus;elm:context_link;itc:0;sec:content-canvas\" class=\"link \">Les femmes de plus de 65 ans ont un risque accru de cancer du col de l&rsquo;ut\u00e9rus d\u00fb au papillomavirus<\/a><br \/><a href=\"https:\/\/www.topsante.com\/beaute_soins\/cheveux\/je-suis-une-journaliste-aux-cheveux-ondules-apres-des-annees-derrance-capillaire-je-peux-enfin-vous-devoiler-mes-produits-preferes-919656?utm_campaign=partenariat&amp;utm_source=yahoo-articles&amp;utm_medium=flux\" rel=\"nofollow noopener\" target=\"_blank\" data-ylk=\"slk:&quot;Je suis une journaliste aux cheveux ondul\u00e9s, apr\u00e8s des ann\u00e9es d&#039;errance capillaire, je peux enfin vous d\u00e9voiler mes produits pr\u00e9f\u00e9r\u00e9s&quot;;elm:context_link;itc:0;sec:content-canvas\" class=\"link \">\u00ab\u00a0Je suis une journaliste aux cheveux ondul\u00e9s, apr\u00e8s des ann\u00e9es d&rsquo;errance capillaire, je peux enfin vous d\u00e9voiler mes produits pr\u00e9f\u00e9r\u00e9s\u00a0\u00bb<\/a><br \/><a href=\"https:\/\/www.topsante.com\/forme_bien_etre\/vacances-cette-ville-provencale-serait-la-plus-reposante-de-france-919801?utm_campaign=partenariat&amp;utm_source=yahoo-articles&amp;utm_medium=flux\" rel=\"nofollow noopener\" target=\"_blank\" data-ylk=\"slk:Vacances : cette ville proven\u00e7ale serait la plus reposante de France;elm:context_link;itc:0;sec:content-canvas\" class=\"link \">Vacances : cette ville proven\u00e7ale serait la plus reposante de France<\/a><br \/><a href=\"https:\/\/www.topsante.com\/medecine\/votre_sante_vous\/greffe_et_dons\/je-me-suis-rendue-a-londres-pour-faire-don-de-ma-moelle-osseuse-puis-jai-decouvert-a-qui-elle-etait-destinee-919851?utm_campaign=partenariat&amp;utm_source=yahoo-articles&amp;utm_medium=flux\" rel=\"nofollow noopener\" target=\"_blank\" data-ylk=\"slk:&quot;Je me suis rendue \u00e0 Londres pour faire don de ma moelle osseuse, puis j&#039;ai d\u00e9couvert \u00e0 qui elle \u00e9tait destin\u00e9e.&quot;;elm:context_link;itc:0;sec:content-canvas\" class=\"link \">\u00ab\u00a0Je me suis rendue \u00e0 Londres pour faire don de ma moelle osseuse, puis j&rsquo;ai d\u00e9couvert \u00e0 qui elle \u00e9tait destin\u00e9e.\u00a0\u00bb<\/a><br \/><a href=\"https:\/\/www.topsante.com\/medecine\/cancers\/cancer_de_l_estomac\/mon-cancer-a-ete-confondu-avec-ce-symptome-digestif-maintenant-il-me-reste-12-mois-a-vivre-919840?utm_campaign=partenariat&amp;utm_source=yahoo-articles&amp;utm_medium=flux\" rel=\"nofollow noopener\" target=\"_blank\" data-ylk=\"slk:&quot;Mon cancer a \u00e9t\u00e9 confondu avec ce sympt\u00f4me digestif : maintenant il me reste 12 mois \u00e0 vivre&quot;;elm:context_link;itc:0;sec:content-canvas\" class=\"link \">\u00ab\u00a0Mon cancer a \u00e9t\u00e9 confondu avec ce sympt\u00f4me digestif : maintenant il me reste 12 mois \u00e0 vivre\u00a0\u00bb<\/a><\/p>\n","protected":false},"excerpt":{"rendered":"Le nombre de femmes concern\u00e9es par le cancer du poumon augmente en France selon l\u2019Assurance maladie. Cela s\u2019explique&hellip;\n","protected":false},"author":2,"featured_media":223594,"comment_status":"","ping_status":"","sticky":false,"template":"","format":"standard","meta":{"footnotes":""},"categories":[10],"tags":[101,8203,1011,27,72,7243,33543,71],"class_list":{"0":"post-223593","1":"post","2":"type-post","3":"status-publish","4":"format-standard","5":"has-post-thumbnail","7":"category-sante","8":"tag-cancer","9":"tag-cancer-du-poumon","10":"tag-fr","11":"tag-france","12":"tag-health","13":"tag-le-monde","14":"tag-mutations-genetiques","15":"tag-sante"},"share_on_mastodon":{"url":"https:\/\/pubeurope.com\/@fr\/114790371401501261","error":""},"_links":{"self":[{"href":"https:\/\/www.europesays.com\/fr\/wp-json\/wp\/v2\/posts\/223593","targetHints":{"allow":["GET"]}}],"collection":[{"href":"https:\/\/www.europesays.com\/fr\/wp-json\/wp\/v2\/posts"}],"about":[{"href":"https:\/\/www.europesays.com\/fr\/wp-json\/wp\/v2\/types\/post"}],"author":[{"embeddable":true,"href":"https:\/\/www.europesays.com\/fr\/wp-json\/wp\/v2\/users\/2"}],"replies":[{"embeddable":true,"href":"https:\/\/www.europesays.com\/fr\/wp-json\/wp\/v2\/comments?post=223593"}],"version-history":[{"count":0,"href":"https:\/\/www.europesays.com\/fr\/wp-json\/wp\/v2\/posts\/223593\/revisions"}],"wp:featuredmedia":[{"embeddable":true,"href":"https:\/\/www.europesays.com\/fr\/wp-json\/wp\/v2\/media\/223594"}],"wp:attachment":[{"href":"https:\/\/www.europesays.com\/fr\/wp-json\/wp\/v2\/media?parent=223593"}],"wp:term":[{"taxonomy":"category","embeddable":true,"href":"https:\/\/www.europesays.com\/fr\/wp-json\/wp\/v2\/categories?post=223593"},{"taxonomy":"post_tag","embeddable":true,"href":"https:\/\/www.europesays.com\/fr\/wp-json\/wp\/v2\/tags?post=223593"}],"curies":[{"name":"wp","href":"https:\/\/api.w.org\/{rel}","templated":true}]}}