{"id":223599,"date":"2025-07-03T17:02:10","date_gmt":"2025-07-03T17:02:10","guid":{"rendered":"https:\/\/www.europesays.com\/fr\/223599\/"},"modified":"2025-07-03T17:02:10","modified_gmt":"2025-07-03T17:02:10","slug":"ready-or-not-les-developpeurs-sexpliquent-face-a-la-colere-des-joueurs-gamekult","status":"publish","type":"post","link":"https:\/\/www.europesays.com\/fr\/223599\/","title":{"rendered":"Ready or Not : les d\u00e9veloppeurs s&#039;expliquent face \u00e0 la col\u00e8re des joueurs &#8211; Gamekult"},"content":{"rendered":"<ol>\n<li><a href=\"https:\/\/news.google.com\/rss\/articles\/CBMivwFBVV95cUxQR1gya3ppaG1PT3ZubExmMjA1WEFsM3lGYzBIQ2tLZUZFNFEyYnJybkI5OHpGdUdDeEotWXFBVGphTU93cXRtbTBkZUZWdW9RcnY4NnhrTzlHWGhWTkZCT3JISnFNemgyRGxGcm9IMHpwdWNVcldtWW9wMmloaUxVb2N6QnRDcUdSSHVnZ0hzTFUxcFVjU1BRcWlfenlIakNEVVRfMHAzbGVLWWhJV2w3VDRRdDltekVtQXZYSU85OA?oc=5\" target=\"_blank\" rel=\"nofollow noopener\">Ready or Not : les d\u00e9veloppeurs s&rsquo;expliquent face \u00e0 la col\u00e8re des joueurs<\/a>&nbsp;&nbsp;Gamekult<\/li>\n<li><a href=\"https:\/\/news.google.com\/rss\/articles\/CBMi2wFBVV95cUxPejZadTZpVWpmRkdNUHVVbUV5Tm44c0JXR2ZYT29QYlRtbXF3aVVMbDJGc1dyODhCLTh6dWItWVJ4WEh5anJwb3F6LWZLQWxXbHl2eVNZOUtTTU9yeXViREFfTU45MTRQUTU3Qmx2YURLOWh6LV8wdUQ0V2h6LWw4OHhaQ3R5OUN1V1VETm1FR2dmLWx2RDhKMXlFb0FXelFvQ3NfQjlLZmRyNTFEUEp0eDVPdEQ0SC1fZ1haZFVwclRzREVtb09XSllYX2gyV0g5TXMyb01vWVdjaUE?oc=5\" target=\"_blank\" rel=\"nofollow noopener\">Le studio de Ready or Not d\u00e9voile des images avant\/apr\u00e8s pour lutter contre le retour de flamme et le review bombing dus \u00e0 la &lsquo;censure&rsquo;<\/a>&nbsp;&nbsp;IGN<\/li>\n<li><a href=\"https:\/\/news.google.com\/rss\/articles\/CBMitwFBVV95cUxOdzc2ckdCd2dhZF9Veld1eHJsX1NEWEd3VHNHd0VWX0RlRXUtRGFORE0wX3NQZFd2VlZZXzk3bnBLYWtGMDhoZGNCbUtNSUxCME51NldzNXV1czRpTUQwLWlwcmN4OGN3a0s5M2pnQXBGTWdZNG9TVzhqT2JPN3l6M2NqbDNyNC1RS3l1dDhHM0ZtNXhCVXJNZm1aaF9CVUs0a2h0Z1A4c21EYkZBRnBYaGxySm84UlU?oc=5\" target=\"_blank\" rel=\"nofollow noopener\">Ready or Not : \u00e0 quelle date et heure sort le nouveau FPS tactique sur Xbox et PS5 ?<\/a>&nbsp;&nbsp;Xboxygen<\/li>\n<li><a href=\"https:\/\/news.google.com\/rss\/articles\/CBMiswFBVV95cUxOMDFYRzNWUGJRZkVub3dSUDJrWi1OUXkzQWRJTjAzQmFacTBQSlN3TmJENlczZFdXcTdlek9xNjJ3MjZBUVRxX0Y3X28zLWptOUpZZkhjQU9OX2kyR3M5V2xqSzY1QnBnMnluYlQxV1doNWdkcDYwRVJ0dU5kX3JCcUpCUm9wVFJjSkxmeHhUbUVIYzEtMTJmMC1rQU5iUG9rQXc3d1FBb0hydDJELU91bTdwSQ?oc=5\" target=\"_blank\" rel=\"nofollow noopener\">Ready or Not arrive sur console<\/a>&nbsp;&nbsp;Gamalive<\/li>\n<li><a href=\"https:\/\/news.google.com\/rss\/articles\/CBMirAFBVV95cUxPckptei1hSExVY3pDRUVOWXNEaFl3V1l6T0Z1QnlGd3JmRGdNVjJCS1B0dWlTeG9yUzg4WllxS1dEYXUwcWJSYXpObXBZclNxRE5SdnFCWWJZOXNleFlMZ052eTUtRXI0aGVPQ2FrWUs1T2Zob3NqSFpjN3dXVl81b0tWYmx1Z3l6Y2lzNG55VjdVQTlMYWMzM1pHVUZPRUpneldFelY4aU9WaWdq?oc=5\" target=\"_blank\" rel=\"nofollow noopener\">READY OR NOT PS5 et Xbox Series X|S : portage censur\u00e9<\/a>&nbsp;&nbsp;INFINITY AREA<\/li>\n<\/ol>\n","protected":false},"excerpt":{"rendered":"Ready or Not : les d\u00e9veloppeurs s&rsquo;expliquent face \u00e0 la col\u00e8re des joueurs&nbsp;&nbsp;Gamekult Le studio de Ready or&hellip;\n","protected":false},"author":2,"featured_media":223600,"comment_status":"","ping_status":"","sticky":false,"template":"","format":"standard","meta":{"footnotes":""},"categories":[7],"tags":[1011,27,43,40,41,39,42,44],"class_list":{"0":"post-223599","1":"post","2":"type-post","3":"status-publish","4":"format-standard","5":"has-post-thumbnail","7":"category-sciences-et-technologies","8":"tag-fr","9":"tag-france","10":"tag-science","11":"tag-science-and-technology","12":"tag-sciences","13":"tag-sciences-et-technologies","14":"tag-technologies","15":"tag-technology"},"share_on_mastodon":{"url":"https:\/\/pubeurope.com\/@fr\/114790383267107884","error":""},"_links":{"self":[{"href":"https:\/\/www.europesays.com\/fr\/wp-json\/wp\/v2\/posts\/223599","targetHints":{"allow":["GET"]}}],"collection":[{"href":"https:\/\/www.europesays.com\/fr\/wp-json\/wp\/v2\/posts"}],"about":[{"href":"https:\/\/www.europesays.com\/fr\/wp-json\/wp\/v2\/types\/post"}],"author":[{"embeddable":true,"href":"https:\/\/www.europesays.com\/fr\/wp-json\/wp\/v2\/users\/2"}],"replies":[{"embeddable":true,"href":"https:\/\/www.europesays.com\/fr\/wp-json\/wp\/v2\/comments?post=223599"}],"version-history":[{"count":0,"href":"https:\/\/www.europesays.com\/fr\/wp-json\/wp\/v2\/posts\/223599\/revisions"}],"wp:featuredmedia":[{"embeddable":true,"href":"https:\/\/www.europesays.com\/fr\/wp-json\/wp\/v2\/media\/223600"}],"wp:attachment":[{"href":"https:\/\/www.europesays.com\/fr\/wp-json\/wp\/v2\/media?parent=223599"}],"wp:term":[{"taxonomy":"category","embeddable":true,"href":"https:\/\/www.europesays.com\/fr\/wp-json\/wp\/v2\/categories?post=223599"},{"taxonomy":"post_tag","embeddable":true,"href":"https:\/\/www.europesays.com\/fr\/wp-json\/wp\/v2\/tags?post=223599"}],"curies":[{"name":"wp","href":"https:\/\/api.w.org\/{rel}","templated":true}]}}