{"id":223609,"date":"2025-07-03T17:07:10","date_gmt":"2025-07-03T17:07:10","guid":{"rendered":"https:\/\/www.europesays.com\/fr\/223609\/"},"modified":"2025-07-03T17:07:10","modified_gmt":"2025-07-03T17:07:10","slug":"firminy-muriele-grimonprez-quitte-le-college-waldeck-rousseau-apres-une-carriere-sans-fausse-note","status":"publish","type":"post","link":"https:\/\/www.europesays.com\/fr\/223609\/","title":{"rendered":"Firminy. Muri\u00e8le Grimonprez quitte le coll\u00e8ge Waldeck-Rousseau apr\u00e8s une carri\u00e8re sans fausse note"},"content":{"rendered":"<p>Une page se tourne pour Muri\u00e8le Grimonprez, \u00e0 quelques jours de la retraite. \u00ab\u00a0J\u2019ai pass\u00e9 31 ans \u00e0 Waldeck-Rousseau, un charmant coll\u00e8ge qui abrite la salle 209, que j\u2019ai d\u00e9cor\u00e9e au fil des ann\u00e9es. Une classe o\u00f9 j\u2019ai enseign\u00e9 uniquement ce que j\u2019aimais, avec passion\u00a0: des projets artistiques, solidaires, \u00e9cologiques\u00a0\u00bb, \u00e9voquecette professeure de musique.<\/p>\n<p>\u00ab\u00a0Le travail et l\u2019\u00e9nergie que j\u2019ai d\u00e9pens\u00e9s pour mes&#8230;                <\/p>\n","protected":false},"excerpt":{"rendered":"Une page se tourne pour Muri\u00e8le Grimonprez, \u00e0 quelques jours de la retraite. \u00ab\u00a0J\u2019ai pass\u00e9 31 ans \u00e0&hellip;\n","protected":false},"author":2,"featured_media":223610,"comment_status":"","ping_status":"","sticky":false,"template":"","format":"standard","meta":{"footnotes":""},"categories":[9653],"tags":[1111,11,2430,3599,7539,1057,1777,674,10282,10283,1011,27,12,25,4001],"class_list":{"0":"post-223609","1":"post","2":"type-post","3":"status-publish","4":"format-standard","5":"has-post-thumbnail","7":"category-saint-etienne","8":"tag-actu","9":"tag-actualites","10":"tag-auvergne-rhone-alpes","11":"tag-college-lycee","12":"tag-edition-loire-sud","13":"tag-education","14":"tag-eu","15":"tag-europe","16":"tag-firminy","17":"tag-firminy-ville","18":"tag-fr","19":"tag-france","20":"tag-news","21":"tag-republique-francaise","22":"tag-saint-etienne"},"share_on_mastodon":{"url":"https:\/\/pubeurope.com\/@fr\/114790402861621816","error":""},"_links":{"self":[{"href":"https:\/\/www.europesays.com\/fr\/wp-json\/wp\/v2\/posts\/223609","targetHints":{"allow":["GET"]}}],"collection":[{"href":"https:\/\/www.europesays.com\/fr\/wp-json\/wp\/v2\/posts"}],"about":[{"href":"https:\/\/www.europesays.com\/fr\/wp-json\/wp\/v2\/types\/post"}],"author":[{"embeddable":true,"href":"https:\/\/www.europesays.com\/fr\/wp-json\/wp\/v2\/users\/2"}],"replies":[{"embeddable":true,"href":"https:\/\/www.europesays.com\/fr\/wp-json\/wp\/v2\/comments?post=223609"}],"version-history":[{"count":0,"href":"https:\/\/www.europesays.com\/fr\/wp-json\/wp\/v2\/posts\/223609\/revisions"}],"wp:featuredmedia":[{"embeddable":true,"href":"https:\/\/www.europesays.com\/fr\/wp-json\/wp\/v2\/media\/223610"}],"wp:attachment":[{"href":"https:\/\/www.europesays.com\/fr\/wp-json\/wp\/v2\/media?parent=223609"}],"wp:term":[{"taxonomy":"category","embeddable":true,"href":"https:\/\/www.europesays.com\/fr\/wp-json\/wp\/v2\/categories?post=223609"},{"taxonomy":"post_tag","embeddable":true,"href":"https:\/\/www.europesays.com\/fr\/wp-json\/wp\/v2\/tags?post=223609"}],"curies":[{"name":"wp","href":"https:\/\/api.w.org\/{rel}","templated":true}]}}