{"id":22361,"date":"2025-04-13T14:16:16","date_gmt":"2025-04-13T14:16:16","guid":{"rendered":"https:\/\/www.europesays.com\/fr\/22361\/"},"modified":"2025-04-13T14:16:16","modified_gmt":"2025-04-13T14:16:16","slug":"carquefou-820-enfants-au-14e-enduro-des-ecoles-publiques","status":"publish","type":"post","link":"https:\/\/www.europesays.com\/fr\/22361\/","title":{"rendered":"Carquefou. 820\u00a0enfants au 14e enduro des \u00e9coles publiques"},"content":{"rendered":"<p>C\u2019est \u00e0 nouveau une tr\u00e8s impressionnante organisation qui pr\u00e9side \u00e0 cette journ\u00e9e sportive \u00e0 laquelle plus de 210\u00a0b\u00e9n\u00e9voles et parents pr\u00eatent leur concours pour en faire un \u00e9v\u00e8nement sportif de qualit\u00e9. \u00a0Les enfants courent plusieurs tours par groupe de 3 \u00e0 8, sur sept circuits possibles de 600 \u00e0 1\u00a0300\u00a0m\u00e8tres, adapt\u00e9s \u00e0 leur \u00e2ge et \u00e0 leur capacit\u00e9 physique\u00a0, explique Marion Le Gall, une des responsables organisatrices de cette journ\u00e9e qui s\u2019est d\u00e9roul\u00e9e sous un soleil radieux. \u00a0Il ne s\u2019agit pas tant de r\u00e9aliser un bon chrono, une performance de vitesse, que de surtout favoriser la r\u00e9gularit\u00e9 et la solidarit\u00e9\u00a0. Pour accueillir ces 820\u00a0jeunes enfants, il a fallu pr\u00e9parer le site, baliser les parcours, assurer le guidage et le chronom\u00e9trage. Soutenu par la mairie pour les installations et le mat\u00e9riel, par le Super U pour les collations propos\u00e9es aux enfants apr\u00e8s l\u2019effort, c\u2019est l\u2019Usep (Union sportive de l\u2019enseignement du premier degr\u00e9) qui chapeaute les rencontres sportives dans le cadre scolaire pour les \u00e9coles primaires publiques.<\/p>\n<p>L\u2019amicale la\u00efque de Carquefou recherche des b\u00e9n\u00e9voles adultes pour participer toute l\u2019ann\u00e9e durant \u00e0 des sessions de lecture en \u00e9cole Lire et faire lire, afin d\u2019entretenir le go\u00fbt de la lecture tout en favorisant les \u00e9changes interg\u00e9n\u00e9rationnels.<\/p>\n<p>La f\u00eate des \u00e9coles publiques est d\u00e9j\u00e0 annonc\u00e9e pour le samedi 14\u00a0juin \u00e0 la Fleuriaye.<\/p>\n<p>www.alcep44.fr<\/p>\n<p>\u00a0<\/p>\n","protected":false},"excerpt":{"rendered":"C\u2019est \u00e0 nouveau une tr\u00e8s impressionnante organisation qui pr\u00e9side \u00e0 cette journ\u00e9e sportive \u00e0 laquelle plus de 210\u00a0b\u00e9n\u00e9voles&hellip;\n","protected":false},"author":2,"featured_media":22362,"comment_status":"","ping_status":"","sticky":false,"template":"","format":"standard","meta":{"footnotes":""},"categories":[2818],"tags":[7788,8303,1111,11,3862,4019,8304,1719,1777,674,1011,27,766,12,2636,1009,25],"class_list":{"0":"post-22361","1":"post","2":"type-post","3":"status-publish","4":"format-standard","5":"has-post-thumbnail","7":"category-nantes","8":"tag-14e","9":"tag-8303","10":"tag-actu","11":"tag-actualites","12":"tag-carquefou","13":"tag-ecoles","14":"tag-enduro","15":"tag-enfants","16":"tag-eu","17":"tag-europe","18":"tag-fr","19":"tag-france","20":"tag-nantes","21":"tag-news","22":"tag-pays-de-la-loire","23":"tag-publiques","24":"tag-republique-francaise"},"share_on_mastodon":{"url":"https:\/\/pubeurope.com\/@fr\/114331083277212474","error":""},"_links":{"self":[{"href":"https:\/\/www.europesays.com\/fr\/wp-json\/wp\/v2\/posts\/22361","targetHints":{"allow":["GET"]}}],"collection":[{"href":"https:\/\/www.europesays.com\/fr\/wp-json\/wp\/v2\/posts"}],"about":[{"href":"https:\/\/www.europesays.com\/fr\/wp-json\/wp\/v2\/types\/post"}],"author":[{"embeddable":true,"href":"https:\/\/www.europesays.com\/fr\/wp-json\/wp\/v2\/users\/2"}],"replies":[{"embeddable":true,"href":"https:\/\/www.europesays.com\/fr\/wp-json\/wp\/v2\/comments?post=22361"}],"version-history":[{"count":0,"href":"https:\/\/www.europesays.com\/fr\/wp-json\/wp\/v2\/posts\/22361\/revisions"}],"wp:featuredmedia":[{"embeddable":true,"href":"https:\/\/www.europesays.com\/fr\/wp-json\/wp\/v2\/media\/22362"}],"wp:attachment":[{"href":"https:\/\/www.europesays.com\/fr\/wp-json\/wp\/v2\/media?parent=22361"}],"wp:term":[{"taxonomy":"category","embeddable":true,"href":"https:\/\/www.europesays.com\/fr\/wp-json\/wp\/v2\/categories?post=22361"},{"taxonomy":"post_tag","embeddable":true,"href":"https:\/\/www.europesays.com\/fr\/wp-json\/wp\/v2\/tags?post=22361"}],"curies":[{"name":"wp","href":"https:\/\/api.w.org\/{rel}","templated":true}]}}