{"id":223615,"date":"2025-07-03T17:10:45","date_gmt":"2025-07-03T17:10:45","guid":{"rendered":"https:\/\/www.europesays.com\/fr\/223615\/"},"modified":"2025-07-03T17:10:45","modified_gmt":"2025-07-03T17:10:45","slug":"le-concert-deddy-mitchell-annule","status":"publish","type":"post","link":"https:\/\/www.europesays.com\/fr\/223615\/","title":{"rendered":"le concert d\u2019Eddy Mitchell annul\u00e9"},"content":{"rendered":"<p>Son annonce a surpris plus d\u2019un fan de Monsieur Eddy. Il faut dire que les apparitions sur sc\u00e8ne de l\u2019interpr\u00e8te de Couleur menthe \u00e0 l\u2019eau et de La Derni\u00e8re S\u00e9ance sont rares et donc pr\u00e9cieuses.<\/p>\n<p>Surtout, de le voir dans l\u2019amphith\u00e9\u00e2tre plein air du <a href=\"https:\/\/www.estrepublicain.fr\/p\/zenith-du-grand-nancy\" target=\"_blank\" rel=\"noopener\">Z\u00e9nith du Grand Nancy<\/a> promettait un incroyable moment. Et la confirmation de sa venue pour <a href=\"https:\/\/www.estrepublicain.fr\/culture-loisirs\/2024\/12\/10\/nancy-open-air-eddy-mitchell-dans-l-amphitheatre-plein-air-du-zenith-en-2025\" target=\"_blank\" rel=\"noopener\">le Nancy Open Air 2025<\/a> , <a href=\"https:\/\/www.estrepublicain.fr\/culture-loisirs\/2024\/12\/10\/nancy-open-air-eddy-mitchell-dans-l-amphitheatre-plein-air-du-zenith-en-2025\" target=\"_blank\" rel=\"noopener\">en d\u00e9cembre dernier<\/a> , a suscit\u00e9 un bel enthousiasme.<\/p>\n<p>  Convalescence prolong\u00e9e<\/p>\n<p>Enthousiasme malheureusement douch\u00e9, ce mardi 25 mars, avec l\u2019annonce de l\u2019annulation de la tourn\u00e9e d\u2019\u00e9t\u00e9 d\u2019<a href=\"https:\/\/www.estrepublicain.fr\/p\/eddy-mitchell\" target=\"_blank\" rel=\"noopener\">Eddy Mitchell<\/a>.<\/p>\n<p>Une s\u00e9rie de six dates exceptionnelles devant d\u00e9buter \u00e0 Nancy.<\/p>\n<p>Mais l\u2019\u00e9tat de sant\u00e9 de l\u2019artiste le contraint \u00e0 l\u2019annuler. \u00ab C\u2019est avec regret qu\u2019Eddy Mitchell annonce l\u2019annulation de sa tourn\u00e9e de 6 dates exceptionnelles pr\u00e9vue pour l\u2018\u00e9t\u00e9 2025. En raison de probl\u00e8mes de sant\u00e9 n\u00e9cessitant un traitement et un repos prolong\u00e9 pendant plusieurs mois, l\u2019artiste ne pourra pas assurer ses concerts tant attendus par son public. Le chanteur doit suivre un traitement m\u00e9dical strict et se reposer pour sa convalescence. Apr\u00e8s consultation aupr\u00e8s de ses m\u00e9decins, il est apparu qu\u2019il ne serait pas en mesure d\u2019assurer la tourn\u00e9e dans les meilleures conditions possibles, tant pour sa sant\u00e9 que pour la qualit\u00e9 de ses performances \u00bb, souligne la production.<\/p>\n<p>  Retour esp\u00e9r\u00e9 ?<\/p>\n<p>Cette derni\u00e8re se fait \u00e9galement le relais du chanteur. \u00ab C\u2019est avec un immense regret que je vous annonce cette annulation. J\u2019\u00e9tais impatient de vous retrouver cet \u00e9t\u00e9, mais ma sant\u00e9 doit passer avant tout. Je tiens \u00e0 m\u2019excuser sinc\u00e8rement aupr\u00e8s de mon public et \u00e0 vous assurer que je ferai tout mon possible pour revenir sur sc\u00e8ne d\u00e8s que cela sera possible. \u00bb<\/p>\n<p>Les d\u00e9tenteurs de billets pourront obtenir leur remboursement aupr\u00e8s des points de vente o\u00f9 ils ont \u00e9t\u00e9 achet\u00e9s.<\/p>\n","protected":false},"excerpt":{"rendered":"Son annonce a surpris plus d\u2019un fan de Monsieur Eddy. Il faut dire que les apparitions sur sc\u00e8ne&hellip;\n","protected":false},"author":2,"featured_media":223616,"comment_status":"","ping_status":"","sticky":false,"template":"","format":"standard","meta":{"footnotes":""},"categories":[9635],"tags":[1111,11,1687,1704,1777,674,1011,27,775,873,1702,1703,12,25],"class_list":{"0":"post-223615","1":"post","2":"type-post","3":"status-publish","4":"format-standard","5":"has-post-thumbnail","7":"category-nancy","8":"tag-actu","9":"tag-actualites","10":"tag-culture-loisirs","11":"tag-edition-nancy-et-agglomeration","12":"tag-eu","13":"tag-europe","14":"tag-fr","15":"tag-france","16":"tag-grand-est","17":"tag-musique","18":"tag-nancy","19":"tag-nancy-ville-54b","20":"tag-news","21":"tag-republique-francaise"},"share_on_mastodon":{"url":"https:\/\/pubeurope.com\/@fr\/114790414631518911","error":""},"_links":{"self":[{"href":"https:\/\/www.europesays.com\/fr\/wp-json\/wp\/v2\/posts\/223615","targetHints":{"allow":["GET"]}}],"collection":[{"href":"https:\/\/www.europesays.com\/fr\/wp-json\/wp\/v2\/posts"}],"about":[{"href":"https:\/\/www.europesays.com\/fr\/wp-json\/wp\/v2\/types\/post"}],"author":[{"embeddable":true,"href":"https:\/\/www.europesays.com\/fr\/wp-json\/wp\/v2\/users\/2"}],"replies":[{"embeddable":true,"href":"https:\/\/www.europesays.com\/fr\/wp-json\/wp\/v2\/comments?post=223615"}],"version-history":[{"count":0,"href":"https:\/\/www.europesays.com\/fr\/wp-json\/wp\/v2\/posts\/223615\/revisions"}],"wp:featuredmedia":[{"embeddable":true,"href":"https:\/\/www.europesays.com\/fr\/wp-json\/wp\/v2\/media\/223616"}],"wp:attachment":[{"href":"https:\/\/www.europesays.com\/fr\/wp-json\/wp\/v2\/media?parent=223615"}],"wp:term":[{"taxonomy":"category","embeddable":true,"href":"https:\/\/www.europesays.com\/fr\/wp-json\/wp\/v2\/categories?post=223615"},{"taxonomy":"post_tag","embeddable":true,"href":"https:\/\/www.europesays.com\/fr\/wp-json\/wp\/v2\/tags?post=223615"}],"curies":[{"name":"wp","href":"https:\/\/api.w.org\/{rel}","templated":true}]}}