{"id":223629,"date":"2025-07-03T17:20:11","date_gmt":"2025-07-03T17:20:11","guid":{"rendered":"https:\/\/www.europesays.com\/fr\/223629\/"},"modified":"2025-07-03T17:20:11","modified_gmt":"2025-07-03T17:20:11","slug":"nous-devons-nous-adapter-au-changement-climatique","status":"publish","type":"post","link":"https:\/\/www.europesays.com\/fr\/223629\/","title":{"rendered":"\u00ab Nous devons nous adapter au changement climatique \u00bb"},"content":{"rendered":"<p>            Par<br \/>\n        <strong><br \/>\n            <a href=\"https:\/\/actu.fr\/auteur\/bertrand-dumarche\" title=\"Consulter tous les articles de Bertrand Dumarch\u00e9\" rel=\"nofollow noopener\" target=\"_blank\">Bertrand Dumarch\u00e9<\/a><br \/>\n        <\/strong><\/p>\n<p>        Publi\u00e9 le<\/p>\n<p>            3 juil. 2025 \u00e0 18h00        <\/p>\n<p><b>Changement climatique<\/b>, amplification et fr\u00e9quence des al\u00e9as \u2013\u00a0Comment nous pr\u00e9parer et nous adapter, individuellement et collectivement\u2009? <b>La chambre territoriale d\u2019agriculture d\u2019Ille-et-Vilaine<\/b> lance le d\u00e9bat. M\u00eame si les agriculteurs r\u00e9fl\u00e9chissent \u00e0 la question depuis des ann\u00e9es.<\/p>\n<p class=\" wall-content\">\u00ab\u2009L\u2019eau sera un sujet pour les d\u00e9cennies qui viennent\u2009\u00bb, affirme le pr\u00e9sident <b>Lo\u00efc Guines<\/b>. Le climat, \u00ab\u2009on vit ce d\u00e9r\u00e8glement avec des \u00e9pisodes pluvieux intenses, des hausses de temp\u00e9ratures pendant de longues p\u00e9riodes.\u2009\u00bb Les agriculteurs doivent donc s\u2019adapter, \u00ab\u2009s\u00e9lectionner d\u2019autres cultures et vari\u00e9t\u00e9s pour r\u00e9sister \u00e0 ces changements.\u2009\u00bb<\/p>\n<p class=\" wall-content\">Comment irriguer, \u00e9conomiser l\u2019eau, la stocker\u2009? \u00ab\u2009Tout cela est aussi un sujet qui concerne le Sage dont le d\u00e9bat est fort aujourd\u2019hui.\u2009\u00bb Comment aussi cr\u00e9er des exutoires, des r\u00e9serves avec le trop-plein de l\u2019hiver\u2009? Autant de questions que Lo\u00efc Guines entend soumettre \u00e0 ses confr\u00e8res.<\/p>\n<p>Empreinte carbone de l\u2019\u00e9levage<\/p>\n<p class=\" wall-content\">\u00ab\u2009C\u2019est aussi un autre sujet majeur, il faut parler carbone et avenir de l\u2019\u00e9levage. R\u00e9fl\u00e9chir \u00e0 un \u00e9levage moins \u00e9metteur.\u2009\u00bb La Bretagne est en pointe sur un syst\u00e8me avec davantage de prairies, de haies. \u00ab\u2009Tout cela est \u00e0 r\u00e9fl\u00e9chir dans le cadre de la PAC et pourquoi pas \u00e0 plusieurs exploitants.\u2009\u00bb<\/p>\n<p class=\" wall-content\">Les \u00e9nergies sont aussi au c\u0153ur du d\u00e9bat. \u00ab\u2009Comment faire pour que chaque culture qui sort d\u2019un champ aille vers l\u2019alimentation et peut-\u00eatre une autre partie vers la m\u00e9thanisation\u2009?\u2009\u00bb<\/p>\n<p>Vid\u00e9os : en ce moment sur ActuAdapter les syst\u00e8mes<\/p>\n<p class=\" wall-content\">Lo\u00efc Guines veut aussi mettre en exergue la question des transports, de l\u2019\u00e9nergie pour les engins agricoles. La question de l\u2019adaptation. \u00ab\u2009Nous allons peut-\u00eatre vers des animaux plus petits avec plus de mati\u00e8re utile. Et nous devons nous pencher sur l\u2019adaptation de nos b\u00e2timents. C\u2019est valable pour les vaches laiti\u00e8res mais aussi le porc et la volaille.\u2009\u00bb<\/p>\n<p class=\" wall-content\">Lo\u00efc Guines fait confiance \u00e0 la recherche pour accompagner les agriculteurs. \u00ab\u2009On travaille sur l\u2019ultra son pour remplacer les phytos, sur la gestion de l\u2019eau. Avec les changements des saisons, on fait davantage attention \u00e0 l\u2019implantation des prairies.\u2009\u00bb Un travail que les stations de la chambre m\u00e8nent depuis des ann\u00e9es.<\/p>\n<p>V\u0153ux de la session<\/p>\n<p class=\" wall-content\"><b>Faune sauvage. <\/b>Choucas, corbeaux, sangliers, loups\u2026 les agriculteurs veulent interpeller les services de l\u2019\u00c9tat.<\/p>\n<p class=\" wall-content\"><b>Contr\u00f4les<\/b>. O\u00f9 en est le contr\u00f4le unique\u2009? \u00ab\u2009Nous voulons r\u00e9affirmer notre volont\u00e9 de travailler avec les services de l\u2019\u00c9tat sur le sujet. Que ces contr\u00f4les soient les plus humains possibles.\u2009\u00bb<\/p>\n<p class=\" wall-content\">\u00c0 chaque contr\u00f4le, un accompagnement par un membre de la chambre est possible. \u00ab\u2009Encore faut-il qu\u2019on soit pr\u00e9venu avec un d\u00e9lai de pr\u00e9venance suffisant.\u2009\u00bb<\/p>\n<p class=\" wall-content\"><b>Agriculture biologique.<\/b> \u00ab\u2009On a besoin d\u2019une agence bio. On a besoin d\u2019un fonds d\u2019investissement.\u2009\u00bb Le pr\u00e9sident Lo\u00efc Guines et les \u00e9lus font le v\u0153u d\u2019une revalorisation des \u00e9co-r\u00e9gimes, des aides pour les Maec. Un point d\u2019autant plus important au moment o\u00f9 la consommation bio se rel\u00e8ve. Ce n\u2019est pas le moment de l\u00e2cher.<\/p>\n<p class=\" wall-content\"><b>Les entraves.<\/b> Les \u00e9lus ont \u00e9mis un v\u0153u pour la simplification des autorisations d\u2019exploiter. \u00ab\u2009Pour les petits comme les grands \u00e9levages.\u2009\u00bb<\/p>\n<p class=\" wall-content\"><b>Sage Vilaine.<\/b> \u00ab\u2009Deux syndicats sont d\u2019accord pour avancer mais pas \u00e0 la m\u00eame vitesse.\u2009\u00bb Lo\u00efc Guines ne nie pas les probl\u00e8mes de qualit\u00e9 de l\u2019eau, \u00ab\u2009mais prenons le temps et exigeons un engagement financier de l\u2019\u00c9tat\u2009\u00bb. Et pour la majorit\u00e9 de la chambre, il faut en m\u00eame temps poser la question des stations d\u2019\u00e9puration. Ne pas tout mettre sur le dos des agriculteurs. \u00ab\u2009Donnons-nous rendez-vous dans 10-15\u00a0ans et travaillons sur la qualit\u00e9 de l\u2019eau en m\u00eame temps que sur la facilitation administrative.\u2009\u00bb<\/p>\n<p class=\" wall-content\">Suivez toute l\u2019actualit\u00e9 de vos villes et m\u00e9dias favoris en vous inscrivant \u00e0 <a href=\"https:\/\/moncompte.actu.fr\" title=\"D\u00e9couvez Mon Actu\" rel=\"nofollow noopener\" data-trk=\"{&quot;cta&quot;:{&quot;action&quot;:&quot;https:\\\/\\\/moncompte.actu.fr&quot;,&quot;category&quot;:&quot;mon compte&quot;,&quot;from&quot;:&quot;article footer&quot;,&quot;name&quot;:&quot;Mon actu&quot;,&quot;type&quot;:&quot;cta&quot;}}\" target=\"_blank\">Mon Actu<\/a>.<\/p>\n","protected":false},"excerpt":{"rendered":"Par Bertrand Dumarch\u00e9 Publi\u00e9 le 3 juil. 2025 \u00e0 18h00 Changement climatique, amplification et fr\u00e9quence des al\u00e9as \u2013\u00a0Comment&hellip;\n","protected":false},"author":2,"featured_media":223630,"comment_status":"","ping_status":"","sticky":false,"template":"","format":"standard","meta":{"footnotes":""},"categories":[2821],"tags":[1111,11,327,829,1777,674,1011,27,12,584,25,104],"class_list":{"0":"post-223629","1":"post","2":"type-post","3":"status-publish","4":"format-standard","5":"has-post-thumbnail","7":"category-rennes","8":"tag-actu","9":"tag-actualites","10":"tag-agriculture","11":"tag-bretagne","12":"tag-eu","13":"tag-europe","14":"tag-fr","15":"tag-france","16":"tag-news","17":"tag-rennes","18":"tag-republique-francaise","19":"tag-societe"},"share_on_mastodon":{"url":"https:\/\/pubeurope.com\/@fr\/114790453941736045","error":""},"_links":{"self":[{"href":"https:\/\/www.europesays.com\/fr\/wp-json\/wp\/v2\/posts\/223629","targetHints":{"allow":["GET"]}}],"collection":[{"href":"https:\/\/www.europesays.com\/fr\/wp-json\/wp\/v2\/posts"}],"about":[{"href":"https:\/\/www.europesays.com\/fr\/wp-json\/wp\/v2\/types\/post"}],"author":[{"embeddable":true,"href":"https:\/\/www.europesays.com\/fr\/wp-json\/wp\/v2\/users\/2"}],"replies":[{"embeddable":true,"href":"https:\/\/www.europesays.com\/fr\/wp-json\/wp\/v2\/comments?post=223629"}],"version-history":[{"count":0,"href":"https:\/\/www.europesays.com\/fr\/wp-json\/wp\/v2\/posts\/223629\/revisions"}],"wp:featuredmedia":[{"embeddable":true,"href":"https:\/\/www.europesays.com\/fr\/wp-json\/wp\/v2\/media\/223630"}],"wp:attachment":[{"href":"https:\/\/www.europesays.com\/fr\/wp-json\/wp\/v2\/media?parent=223629"}],"wp:term":[{"taxonomy":"category","embeddable":true,"href":"https:\/\/www.europesays.com\/fr\/wp-json\/wp\/v2\/categories?post=223629"},{"taxonomy":"post_tag","embeddable":true,"href":"https:\/\/www.europesays.com\/fr\/wp-json\/wp\/v2\/tags?post=223629"}],"curies":[{"name":"wp","href":"https:\/\/api.w.org\/{rel}","templated":true}]}}