{"id":223635,"date":"2025-07-03T17:23:10","date_gmt":"2025-07-03T17:23:10","guid":{"rendered":"https:\/\/www.europesays.com\/fr\/223635\/"},"modified":"2025-07-03T17:23:10","modified_gmt":"2025-07-03T17:23:10","slug":"strasbourg-lancien-zoo-de-lorangerie-va-se-transformer-son-nouveau-nom-devoile","status":"publish","type":"post","link":"https:\/\/www.europesays.com\/fr\/223635\/","title":{"rendered":"Strasbourg. L&rsquo;ancien zoo de l&rsquo;Orangerie va se transformer, son nouveau nom d\u00e9voil\u00e9"},"content":{"rendered":"<p>            Par<br \/>\n        <strong><br \/>\n            <a href=\"https:\/\/actu.fr\/auteur\/olivia-kouassi\" title=\"Consulter tous les articles de Olivia Kouassi\" target=\"_blank\" rel=\"noopener\">Olivia Kouassi<\/a><br \/>\n        <\/strong><\/p>\n<p>        Publi\u00e9 le<\/p>\n<p>            3 juil. 2025 \u00e0 18h48        <\/p>\n<p>Le scrutin \u00e9tait quasiment unanime. Ferm\u00e9 depuis ao\u00fbt\u00a02022, le<strong> zoo de l\u2019Orangerie<\/strong> \u00e0 <a href=\"https:\/\/actu.fr\/strasbourg\/\" target=\"_blank\" rel=\"noopener\"><strong>Strasbourg<\/strong> <\/a>(Bas-Rhin) se transforme en<strong> parc animalier p\u00e9dagogique<\/strong>. La Ville et le groupement interassociatif, en charge de la transformation du lieu, ont appel\u00e9 les habitants<a href=\"https:\/\/actu.fr\/grand-est\/strasbourg_67482\/strasbourg-le-zoo-de-l-orangerie-change-de-nom-votez-parmi-ces-3-propositions_62581246.html\" target=\"_blank\" rel=\"noopener\"> \u00e0 voter entre trois d\u00e9nominations<\/a>. Le nouveau nom a ainsi \u00e9t\u00e9 d\u00e9voil\u00e9 ce jeudi en pr\u00e9sence de la maire <a href=\"https:\/\/actu.fr\/tag\/jeanne-barseghian\" target=\"_blank\" rel=\"noopener\">Jeanne Barseghian<\/a>.<\/p>\n<p>Plus de 1\u2009700 votes<\/p>\n<p class=\" wall-content\">Parmi les trois propositions soumises aux votes se trouvait\u2009: \u00ab\u2009L\u2019Arche de l\u2019Orangerie\u2009\u00bb, \u00ab\u2009L\u2019Orangerie des animaux \u00ab\u2009et \u00ab\u2009PIAFF\u2009!\u2009\u00bb, une d\u00e9nomination qui correspond \u00e0 l\u2019acronyme \u00ab\u2009Pavillons interassociatifs pour la faune et la flore\u2009\u00bb.<\/p>\n<p class=\" wall-content\">Avec 1\u2009125 votes sur <strong>1\u2009700 votes<\/strong>, les habitants se sont donc tr\u00e8s majoritairement d\u00e9cid\u00e9s pour <strong>L\u2019Arche de l\u2019Orangerie<\/strong>. \u00ab\u2009Une arche c\u2019est un refuge mais c\u2019est aussi fait de ponts. On peut voir ici des ponts qui vont se cr\u00e9er entre la ville et la nature, l\u2019humain et les animaux et la nature et la culture\u2009\u00bb, a d\u00e9taill\u00e9 Bernard Irrmann, pr\u00e9sident de pr\u00e9sident de Strasbourg Initiation Nature Environnement (SINE), une des associations en charge de la gestion du projet avec LPO Alsace, GEPMA et la Fondation pour les Ours.<\/p>\n<p>    <img   decoding=\"async\" loading=\"lazy\" src=\"https:\/\/www.europesays.com\/fr\/wp-content\/uploads\/2025\/07\/orangerie-zoo-strasbourg-parc-ferme-960x640.jpg\" alt=\"En face de l'ancien zoo, la mini ferme p\u00e9dagogique rouvrira ses portes au printemps 2026. \" width=\"960\" height=\"640\"\/><br \/>\n    En face de l\u2019ancien zoo, la mini-ferme p\u00e9dagogique rouvrira ses portes au printemps 2026. (\u00a9Olivia Kouassi \/ actu Strasbourg)<\/p>\n<p class=\" wall-content\">Compos\u00e9 en deux parties, le projet verra d\u2019une part<strong> le retour des animaux de la ferme<\/strong> dans le b\u00e2timent qui jouxte la Maison d\u2019initiation au comportement animal De l\u2019Orangerie (MICADO) qui sera lui r\u00e9habilit\u00e9 d\u2019ici le printemps 2026 pour permettre d\u2019accueillir des classes scolaires. Six poules, six lapins, six rats et six cochons d\u2019inde de laboratoire feront leur arriv\u00e9e \u00e0 cette occasion.<\/p>\n<p>Vid\u00e9os : en ce moment sur ActuUn centre de r\u00e9habilitation pour animaux sauvages bless\u00e9s<\/p>\n<p class=\" wall-content\">En face de l\u2019all\u00e9e de platanes, <strong>l\u2019ancien zoo<\/strong> sera lui <strong>reconverti<\/strong> en <a href=\"https:\/\/actu.fr\/grand-est\/strasbourg_67482\/parc-de-l-orangerie-a-strasbourg-bientot-un-local-lpo-pour-deposer-des-animaux-blesses_62640612.html\" target=\"_blank\" rel=\"noopener\">centre de r\u00e9habilitation pour animaux sauvages bless\u00e9s<\/a>. G\u00e9r\u00e9 par la Ligue pour la protection des oiseaux (LPO), le futur centre de soin, qui sera une annexe du centre de <strong>Rosenwiller<\/strong> qui accueille chaque ann\u00e9e 5\u2009000 animaux, sera sp\u00e9cialis\u00e9 dans l\u2019accueil des<strong> oiseaux d\u2019eau<\/strong>. Tous les autres animaux qui seront d\u00e9pos\u00e9s par les habitants (h\u00e9rissons, chauves-souris, oiseaux, etc.) pour \u00eatre soign\u00e9s seront envoy\u00e9s \u00e0 Rosenwiller gr\u00e2ce \u00e0 une navette qui sera mise en place.<\/p>\n<p class=\" wall-content\">\u00ab\u2009C\u2019est une tr\u00e8s <strong>belle reconversion<\/strong> apr\u00e8s un zoo\u2009\u00bb, s\u2019est f\u00e9licit\u00e9 le pr\u00e9sident de LPO Alsace, Yves M\u00fcller. L\u2019ancien corps de ferme, en tr\u00e8s mauvais \u00e9tat, devra \u00eatre lourdement r\u00e9habilit\u00e9. Les \u00e9tudes sont en cours et les travaux devraient d\u00e9buter en mars 2027 pour une ouverture du centre imagin\u00e9e au printemps 2028. \u00ab\u2009Nous sommes tr\u00e8s fiers de participer \u00e0 ce projet qui est collectif et fait partie d\u2019un projet \u00e9ducatif\u2009\u00bb, a pr\u00e9cis\u00e9 Suzel Hurstel, responsable du centre de soin de Rosenwiller. Si le futur centre, v\u00e9ritable sanctuaire, ne sera pas ouvert au public, des activit\u00e9s seront propos\u00e9es du c\u00f4t\u00e9 de la mini-ferme et de MICADO.<\/p>\n<p>Si vous recueillez un animal sauvage bless\u00e9, contactez la LPO au 03\u200988\u200922\u200907\u200935 et laissez un message vocal. Les professionnels vous rappelleront pour vous guider sur les d\u00e9marches \u00e0 suivre.<\/p>\n<p class=\" wall-content\">Suivez toute l\u2019actualit\u00e9 de vos villes et m\u00e9dias favoris en vous inscrivant \u00e0 <a href=\"https:\/\/moncompte.actu.fr\" title=\"D\u00e9couvez Mon Actu\" rel=\"nofollow noopener\" data-trk=\"{&quot;cta&quot;:{&quot;action&quot;:&quot;https:\\\/\\\/moncompte.actu.fr&quot;,&quot;category&quot;:&quot;mon compte&quot;,&quot;from&quot;:&quot;article footer&quot;,&quot;name&quot;:&quot;Mon actu&quot;,&quot;type&quot;:&quot;cta&quot;}}\" target=\"_blank\">Mon Actu<\/a>.<\/p>\n<ul class=\"ac-article-tag wall-content\">\n<li><a href=\"https:\/\/actu.fr\/tag\/animaux\" data-trk=\"{&quot;cta&quot;:{&quot;action&quot;:&quot;Animaux&quot;,&quot;category&quot;:&quot;tag&quot;,&quot;from&quot;:&quot;article footer&quot;,&quot;name&quot;:&quot;Animaux&quot;,&quot;type&quot;:&quot;cta&quot;}}\" target=\"_blank\" rel=\"noopener\">#Animaux<\/a><\/li>\n<li><a href=\"https:\/\/actu.fr\/tag\/jeanne-barseghian\" data-trk=\"{&quot;cta&quot;:{&quot;action&quot;:&quot;Jeanne Barseghian&quot;,&quot;category&quot;:&quot;tag&quot;,&quot;from&quot;:&quot;article footer&quot;,&quot;name&quot;:&quot;Jeanne Barseghian&quot;,&quot;type&quot;:&quot;cta&quot;}}\" target=\"_blank\" rel=\"noopener\">#Jeanne Barseghian<\/a><\/li>\n<\/ul>\n","protected":false},"excerpt":{"rendered":"Par Olivia Kouassi Publi\u00e9 le 3 juil. 2025 \u00e0 18h48 Le scrutin \u00e9tait quasiment unanime. Ferm\u00e9 depuis ao\u00fbt\u00a02022,&hellip;\n","protected":false},"author":2,"featured_media":223636,"comment_status":"","ping_status":"","sticky":false,"template":"","format":"standard","meta":{"footnotes":""},"categories":[2820],"tags":[1111,11,1867,1777,674,1011,27,775,7125,12,25,104,640],"class_list":{"0":"post-223635","1":"post","2":"type-post","3":"status-publish","4":"format-standard","5":"has-post-thumbnail","7":"category-strasbourg","8":"tag-actu","9":"tag-actualites","10":"tag-animaux","11":"tag-eu","12":"tag-europe","13":"tag-fr","14":"tag-france","15":"tag-grand-est","16":"tag-jeanne-barseghian","17":"tag-news","18":"tag-republique-francaise","19":"tag-societe","20":"tag-strasbourg"},"share_on_mastodon":{"url":"https:\/\/pubeurope.com\/@fr\/114790465948516331","error":""},"_links":{"self":[{"href":"https:\/\/www.europesays.com\/fr\/wp-json\/wp\/v2\/posts\/223635","targetHints":{"allow":["GET"]}}],"collection":[{"href":"https:\/\/www.europesays.com\/fr\/wp-json\/wp\/v2\/posts"}],"about":[{"href":"https:\/\/www.europesays.com\/fr\/wp-json\/wp\/v2\/types\/post"}],"author":[{"embeddable":true,"href":"https:\/\/www.europesays.com\/fr\/wp-json\/wp\/v2\/users\/2"}],"replies":[{"embeddable":true,"href":"https:\/\/www.europesays.com\/fr\/wp-json\/wp\/v2\/comments?post=223635"}],"version-history":[{"count":0,"href":"https:\/\/www.europesays.com\/fr\/wp-json\/wp\/v2\/posts\/223635\/revisions"}],"wp:featuredmedia":[{"embeddable":true,"href":"https:\/\/www.europesays.com\/fr\/wp-json\/wp\/v2\/media\/223636"}],"wp:attachment":[{"href":"https:\/\/www.europesays.com\/fr\/wp-json\/wp\/v2\/media?parent=223635"}],"wp:term":[{"taxonomy":"category","embeddable":true,"href":"https:\/\/www.europesays.com\/fr\/wp-json\/wp\/v2\/categories?post=223635"},{"taxonomy":"post_tag","embeddable":true,"href":"https:\/\/www.europesays.com\/fr\/wp-json\/wp\/v2\/tags?post=223635"}],"curies":[{"name":"wp","href":"https:\/\/api.w.org\/{rel}","templated":true}]}}