{"id":223639,"date":"2025-07-03T17:25:10","date_gmt":"2025-07-03T17:25:10","guid":{"rendered":"https:\/\/www.europesays.com\/fr\/223639\/"},"modified":"2025-07-03T17:25:10","modified_gmt":"2025-07-03T17:25:10","slug":"la-circulation-coupee-40-minutes-sur-la8-apres-un-accident-autour-de-nice-de-gros-embouteillages-ce-jeudi-soir","status":"publish","type":"post","link":"https:\/\/www.europesays.com\/fr\/223639\/","title":{"rendered":"La circulation coup\u00e9e 40 minutes sur l&rsquo;A8 apr\u00e8s un accident autour de Nice, de gros embouteillages ce jeudi soir"},"content":{"rendered":"<p>Fin de journ\u00e9e gal\u00e8re sur l&rsquo;A8 ce jeudi soir.<\/p>\n<p>Un accident survenu au nord de Nice a provoqu\u00e9 l&rsquo;interruption du trafic sur cet axe en direction de l&rsquo;Italie. <strong>L&rsquo;A8 est coup\u00e9e \u00e0 la circulation.\u00a0<\/strong><\/p>\n<p>Il implique <strong>trois v\u00e9hicules et un camionnette sous le Tunnel Cap de Croix<\/strong>. Le bilan fait \u00e9tat d&rsquo;une personne l\u00e9g\u00e8rement bless\u00e9e.\u00a0<\/p>\n<p>La gendarmerie et le service de l&rsquo;autoroute VINCI sont sur place pour s\u00e9curiser la zone et faciliter la fluidit\u00e9 du trafic.<\/p>\n<p><strong>Le concessionnaire encourage les automobilistes \u00e0 prendre la sortie 54,<\/strong><strong> \u00ab\u00a0une sortie obligatoire\u00a0\u00bb<\/strong>.\u00a0<\/p>\n<p>L&rsquo;entr\u00e9e 52 Nice St Isidore ainsi que l&rsquo;entr\u00e9e 54 Nice Nord sont ferm\u00e9es.\u00a0Il est conseill\u00e9 de limiter vos d\u00e9placements dans ce secteur si possible.<\/p>\n<p>Peu avant 19h, et apr\u00e8s 40 minutes environ de coupure, la circulation a \u00e9t\u00e9 r\u00e9tablie.<\/p>\n<p>Mais de grosses perturbations demeurent.<\/p>\n<p>Evitez le secteur si vous le pouvez.<\/p>\n<blockquote class=\"twitter-tweet\">\n<p lang=\"fr\" dir=\"ltr\">18h58 : sur <a href=\"https:\/\/twitter.com\/hashtag\/A8?src=hash&amp;ref_src=twsrc%5Etfw\" target=\"_blank\" rel=\"noopener\">#A8<\/a> en direction de l\u2019Italie apr\u00e8s l&rsquo;entr\u00e9e n\u00b054 Nice Quartier Nord, la circulation reste tres perturb\u00e9e. Nos \u00e9quipes interviennent sur un <a href=\"https:\/\/twitter.com\/hashtag\/Accident?src=hash&amp;ref_src=twsrc%5Etfw\" target=\"_blank\" rel=\"noopener\">#Accident<\/a>. Les v\u00e9hicules circulent sur une seule voie. <br \/>\u27a1\ufe0f Fin de la coupure de l&rsquo;<a href=\"https:\/\/twitter.com\/hashtag\/A8?src=hash&amp;ref_src=twsrc%5Etfw\" target=\"_blank\" rel=\"noopener\">#A8<\/a><a href=\"https:\/\/twitter.com\/hashtag\/InfoTrafic?src=hash&amp;ref_src=twsrc%5Etfw\" target=\"_blank\" rel=\"noopener\">#InfoTrafic<\/a><\/p>\n<p>\u2014 Autoroute A8 (@A8Trafic) <a href=\"https:\/\/twitter.com\/A8Trafic\/status\/1940818544846864800?ref_src=twsrc%5Etfw\" target=\"_blank\" rel=\"noopener\">July 3, 2025<\/a><\/p><\/blockquote>\n<blockquote class=\"twitter-tweet\">\n<p lang=\"fr\" dir=\"ltr\">18h36 : sur <a href=\"https:\/\/twitter.com\/hashtag\/A8?src=hash&amp;ref_src=twsrc%5Etfw\" target=\"_blank\" rel=\"noopener\">#A8<\/a> en direction de l\u2019Italie apr\u00e8s l&rsquo;entr\u00e9e n\u00b054 Nice Quartier Nord, en raison d&rsquo;un#Accident. <br \/>\u27a1\ufe0f Sortie obligatoire 54 Nice Nord <br \/>\u26d4 Entr\u00e9e ferm\u00e9e 52 Nice St Isidore<br \/>\u26d4 Entr\u00e9e ferm\u00e9e 54 Nice Nord<a href=\"https:\/\/twitter.com\/hashtag\/InfoTrafic?src=hash&amp;ref_src=twsrc%5Etfw\" target=\"_blank\" rel=\"noopener\">#InfoTrafic<\/a><\/p>\n<p>\u2014 Autoroute A8 (@A8Trafic) <a href=\"https:\/\/twitter.com\/A8Trafic\/status\/1940812518873575892?ref_src=twsrc%5Etfw\" target=\"_blank\" rel=\"noopener\">July 3, 2025<\/a><\/p><\/blockquote>\n<blockquote class=\"twitter-tweet\">\n<p lang=\"fr\" dir=\"ltr\">\u26a0\ufe0f 18h31 : sur <a href=\"https:\/\/twitter.com\/hashtag\/A8?src=hash&amp;ref_src=twsrc%5Etfw\" target=\"_blank\" rel=\"noopener\">#A8<\/a> en direction de l\u2019Italie apr\u00e8s l&rsquo;entr\u00e9e n\u00b054 Nice Quartier Nord, la circulation est totalement interrompue. Nos \u00e9quipes interviennent sur un <a href=\"https:\/\/twitter.com\/hashtag\/Accident?src=hash&amp;ref_src=twsrc%5Etfw\" target=\"_blank\" rel=\"noopener\">#Accident<\/a>. <a href=\"https:\/\/twitter.com\/hashtag\/InfoTrafic?src=hash&amp;ref_src=twsrc%5Etfw\" target=\"_blank\" rel=\"noopener\">#InfoTrafic<\/a><\/p>\n<p>\u2014 Autoroute A8 (@A8Trafic) <a href=\"https:\/\/twitter.com\/A8Trafic\/status\/1940811706877317131?ref_src=twsrc%5Etfw\" target=\"_blank\" rel=\"noopener\">July 3, 2025<\/a><\/p><\/blockquote>\n<p>                                                                                                                                        <script async src=\"https:\/\/platform.twitter.com\/widgets.js\" charset=\"utf-8\"><\/script><\/p>\n","protected":false},"excerpt":{"rendered":"Fin de journ\u00e9e gal\u00e8re sur l&rsquo;A8 ce jeudi soir. Un accident survenu au nord de Nice a provoqu\u00e9&hellip;\n","protected":false},"author":2,"featured_media":199512,"comment_status":"","ping_status":"","sticky":false,"template":"","format":"standard","meta":{"footnotes":""},"categories":[2819],"tags":[1111,11,1777,674,1011,27,803,12,2401,882,25],"class_list":{"0":"post-223639","1":"post","2":"type-post","3":"status-publish","4":"format-standard","5":"has-post-thumbnail","7":"category-nice","8":"tag-actu","9":"tag-actualites","10":"tag-eu","11":"tag-europe","12":"tag-fr","13":"tag-france","14":"tag-info-trafic","15":"tag-news","16":"tag-nice","17":"tag-provence-alpes-cote-dazur","18":"tag-republique-francaise"},"share_on_mastodon":{"url":"https:\/\/pubeurope.com\/@fr\/114790473623790646","error":""},"_links":{"self":[{"href":"https:\/\/www.europesays.com\/fr\/wp-json\/wp\/v2\/posts\/223639","targetHints":{"allow":["GET"]}}],"collection":[{"href":"https:\/\/www.europesays.com\/fr\/wp-json\/wp\/v2\/posts"}],"about":[{"href":"https:\/\/www.europesays.com\/fr\/wp-json\/wp\/v2\/types\/post"}],"author":[{"embeddable":true,"href":"https:\/\/www.europesays.com\/fr\/wp-json\/wp\/v2\/users\/2"}],"replies":[{"embeddable":true,"href":"https:\/\/www.europesays.com\/fr\/wp-json\/wp\/v2\/comments?post=223639"}],"version-history":[{"count":0,"href":"https:\/\/www.europesays.com\/fr\/wp-json\/wp\/v2\/posts\/223639\/revisions"}],"wp:featuredmedia":[{"embeddable":true,"href":"https:\/\/www.europesays.com\/fr\/wp-json\/wp\/v2\/media\/199512"}],"wp:attachment":[{"href":"https:\/\/www.europesays.com\/fr\/wp-json\/wp\/v2\/media?parent=223639"}],"wp:term":[{"taxonomy":"category","embeddable":true,"href":"https:\/\/www.europesays.com\/fr\/wp-json\/wp\/v2\/categories?post=223639"},{"taxonomy":"post_tag","embeddable":true,"href":"https:\/\/www.europesays.com\/fr\/wp-json\/wp\/v2\/tags?post=223639"}],"curies":[{"name":"wp","href":"https:\/\/api.w.org\/{rel}","templated":true}]}}