{"id":223640,"date":"2025-07-03T17:32:15","date_gmt":"2025-07-03T17:32:15","guid":{"rendered":"https:\/\/www.europesays.com\/fr\/223640\/"},"modified":"2025-07-03T17:32:15","modified_gmt":"2025-07-03T17:32:15","slug":"un-nouveau-club-pour-unir-les-acteurs-logistiques-du-territoire","status":"publish","type":"post","link":"https:\/\/www.europesays.com\/fr\/223640\/","title":{"rendered":"un nouveau club pour unir les acteurs logistiques du territoire"},"content":{"rendered":"<p>Publi\u00e9 par Soizick David, le 03 Juillet 2025 \u00e0 18:53<\/p>\n<p itemprop=\"description\" class=\"chapo\">Le Club des Chargeurs du Grand Ouest est lanc\u00e9 avec la volont\u00e9 de f\u00e9d\u00e9rer la fili\u00e8re, et renforcer la performance logistique des entreprises r\u00e9gionales.<\/p>\n<p><img decoding=\"async\" src=\"https:\/\/www.europesays.com\/fr\/wp-content\/uploads\/2025\/07\/2025-07-03-nantes-saint-nazaire-port-un-nouveau-club-pour-unir-les-acteurs-logistiques-du-territoire.jpeg\" class=\"img-fluid rounded-3 mb-4\" alt=\"Nantes Saint-Nazaire Port : un nouveau club pour unir les acteurs logistiques du territoire\"\/><br \/>\nJean-R\u00e9my Villageois et  Pauline Van den Bulcke \u00a9 Nantes Saint-Nazaire Port<\/p>\n<p>\u00c0 l\u2019initiative de plusieurs entreprises majeures du territoire, dont <strong>U Log<\/strong> et <strong>Manitou<\/strong>, et avec le soutien de <a href=\"https:\/\/www.saintnazairenews.fr\/news\/nantes-saint-nazaire-port-choisit-le-groupe-SF-pour-son-projet-d-entrepot-multitemperature\" target=\"_blank\" rel=\"noopener\">Nantes Saint-Nazaire Port<\/a> et de la <a href=\"https:\/\/www.saintnazairenews.fr\/news\/saint-nazaire-l-hotel-consulaire-de-la-cci-n-a-toujours-pas-trouve-de-locataires\" target=\"_blank\" rel=\"noopener\">CCI Nantes Saint-Nazaire<\/a>, <strong>le Club des Chargeurs du Grand Ouest<\/strong> vient officiellement de voir le jour. Son objectif est de f\u00e9d\u00e9rer les acteurs de la cha\u00eene logistique autour d\u2019une ambition commune pour am\u00e9liorer la performance, la comp\u00e9titivit\u00e9 et la durabilit\u00e9 du transport maritime et logistique r\u00e9gional.<\/p>\n<p>Un collectif tourn\u00e9 vers l\u2019action<\/p>\n<p>Ce nouveau club se veut un v\u00e9ritable espace de coop\u00e9ration entre industriels, logisticiens, distributeurs et transporteurs collaborant avec le port de Nantes Saint-Nazaire. Il vise \u00e0 optimiser les flux de marchandises (conteneuris\u00e9s, conventionnels ou rouliers) en favorisant le dialogue op\u00e9rationnel et le partage d\u2019exp\u00e9rience entre professionnels du secteur. \u00ab Face aux enjeux r\u00e9glementaires, environnementaux et technologiques, il est plus que jamais essentiel de mutualiser nos ressources et de porter une voix commune \u00bb souligne <strong>Pauline Van den Bulcke, pr\u00e9sidente du club et directrice logistique export chez U Logistique.<\/strong><\/p>\n<p>Des groupes de travail par fili\u00e8re<\/p>\n<p>Pour agir efficacement, le club s\u2019est structur\u00e9 autour de groupes de travail th\u00e9matiques : agroalimentaire, industrie, \u00e9nergie, BTP et pharmacie. Chaque groupe rassemble des experts de leur fili\u00e8re pour identifier les besoins concrets des entreprises, mutualiser les contraintes, proposer des leviers de r\u00e9duction de co\u00fbts et r\u00e9soudre les points de friction op\u00e9rationnels (d\u00e9lais, stockage, facturation&#8230;). Parmi les premiers membres, on compte <strong>Manitou<\/strong>, acteur de r\u00e9f\u00e9rence dans la fabrication d\u2019engins de manutention, et <strong>U Log<\/strong>, bras logistique du groupement Syst\u00e8me U.<\/p>\n<p><img decoding=\"async\" src=\"https:\/\/www.europesays.com\/fr\/wp-content\/uploads\/2025\/07\/1751563935_895_2025-07-03-nantes-saint-nazaire-port-un-nouveau-club-pour-unir-les-acteurs-logistiques-du-territoire.jpeg\" class=\"img-fluid rounded-3 mb-4\" alt=\"Nantes Saint-Nazaire Port : un nouveau club pour unir les acteurs logistiques du territoire\"\/><br \/>\nUn cargo attendant d&rsquo;\u00eatre d\u00e9charg\u00e9 dans le port de Saint-Nazaire \u00a9 Adobe Stock<\/p>\n<p>Soutien affirm\u00e9 des institutions locales<\/p>\n<p>Le projet b\u00e9n\u00e9ficie d\u2019un solide appui institutionnel. Pour <a href=\"https:\/\/www.saintnazairenews.fr\/news\/jean-remy-villageois-prend-ses-fonctions-a-la-direction-de-nantes-saint-nazaire-port\" target=\"_blank\" rel=\"noopener\">Jean-R\u00e9my Villageois<\/a>, pr\u00e9sident du Directoire de Nantes Saint-Nazaire Port, \u00ab cette initiative incarne l\u2019intelligence collective au service de la performance et de la transition logistique. Elle participera au rayonnement et \u00e0 la comp\u00e9titivit\u00e9 de notre fa\u00e7ade maritime \u00bb. <strong>Yann Trichard<\/strong>, pr\u00e9sident de la CCI Nantes Saint-Nazaire, y voit un levier strat\u00e9gique : \u00ab En f\u00e9d\u00e9rant les entreprises autour du port, on renforce leur capacit\u00e9 \u00e0 se d\u00e9velopper \u00e0 l\u2019international tout en cr\u00e9ant de la valeur et de l\u2019emploi sur notre territoire \u00bb.<\/p>\n<p>Nantes Saint-Nazaire, un atout logistique r\u00e9gional<\/p>\n<p>Situ\u00e9 sur l\u2019estuaire de la Loire, <strong>Nantes Saint-Nazaire Port<\/strong> est le premier port de la fa\u00e7ade atlantique. Il dessert plus de 400 ports dans le monde avec des liaisons r\u00e9guli\u00e8res vers l\u2019Europe du Nord, la M\u00e9diterran\u00e9e, l\u2019Afrique de l\u2019Ouest, l\u2019Asie ou encore l\u2019Am\u00e9rique latine. Un outil strat\u00e9gique pour les entreprises du Grand Ouest en qu\u00eate d\u2019efficacit\u00e9 logistique et de d\u00e9veloppement international. Le Club des Chargeurs du Grand Ouest est ouvert \u00e0 toutes les entreprises souhaitant s\u2019inscrire dans cette dynamique collaborative. Une opportunit\u00e9 de gagner en comp\u00e9titivit\u00e9, de faire entendre sa voix aupr\u00e8s des armateurs et d\u2019inscrire la logistique du territoire dans une d\u00e9marche plus durable.<\/p>\n","protected":false},"excerpt":{"rendered":"Publi\u00e9 par Soizick David, le 03 Juillet 2025 \u00e0 18:53 Le Club des Chargeurs du Grand Ouest est&hellip;\n","protected":false},"author":2,"featured_media":223641,"comment_status":"","ping_status":"","sticky":false,"template":"","format":"standard","meta":{"footnotes":""},"categories":[2818],"tags":[1111,11,3723,1777,674,1011,27,1114,766,13694,12,2636,25,3213],"class_list":{"0":"post-223640","1":"post","2":"type-post","3":"status-publish","4":"format-standard","5":"has-post-thumbnail","7":"category-nantes","8":"tag-actu","9":"tag-actualites","10":"tag-actus","11":"tag-eu","12":"tag-europe","13":"tag-fr","14":"tag-france","15":"tag-infos","16":"tag-nantes","17":"tag-nazaire","18":"tag-news","19":"tag-pays-de-la-loire","20":"tag-republique-francaise","21":"tag-saint"},"share_on_mastodon":{"url":"https:\/\/pubeurope.com\/@fr\/114790501423499306","error":""},"_links":{"self":[{"href":"https:\/\/www.europesays.com\/fr\/wp-json\/wp\/v2\/posts\/223640","targetHints":{"allow":["GET"]}}],"collection":[{"href":"https:\/\/www.europesays.com\/fr\/wp-json\/wp\/v2\/posts"}],"about":[{"href":"https:\/\/www.europesays.com\/fr\/wp-json\/wp\/v2\/types\/post"}],"author":[{"embeddable":true,"href":"https:\/\/www.europesays.com\/fr\/wp-json\/wp\/v2\/users\/2"}],"replies":[{"embeddable":true,"href":"https:\/\/www.europesays.com\/fr\/wp-json\/wp\/v2\/comments?post=223640"}],"version-history":[{"count":0,"href":"https:\/\/www.europesays.com\/fr\/wp-json\/wp\/v2\/posts\/223640\/revisions"}],"wp:featuredmedia":[{"embeddable":true,"href":"https:\/\/www.europesays.com\/fr\/wp-json\/wp\/v2\/media\/223641"}],"wp:attachment":[{"href":"https:\/\/www.europesays.com\/fr\/wp-json\/wp\/v2\/media?parent=223640"}],"wp:term":[{"taxonomy":"category","embeddable":true,"href":"https:\/\/www.europesays.com\/fr\/wp-json\/wp\/v2\/categories?post=223640"},{"taxonomy":"post_tag","embeddable":true,"href":"https:\/\/www.europesays.com\/fr\/wp-json\/wp\/v2\/tags?post=223640"}],"curies":[{"name":"wp","href":"https:\/\/api.w.org\/{rel}","templated":true}]}}