{"id":223642,"date":"2025-07-03T17:33:08","date_gmt":"2025-07-03T17:33:08","guid":{"rendered":"https:\/\/www.europesays.com\/fr\/223642\/"},"modified":"2025-07-03T17:33:08","modified_gmt":"2025-07-03T17:33:08","slug":"cet-hopital-essentiel-a-bordeaux-est-au-bord-du-gouffre","status":"publish","type":"post","link":"https:\/\/www.europesays.com\/fr\/223642\/","title":{"rendered":"cet h\u00f4pital essentiel \u00e0 Bordeaux est au bord du gouffre"},"content":{"rendered":"<p>            Par<br \/>\n        <strong><br \/>\n            <a href=\"https:\/\/actu.fr\/auteur\/charlotte-lesprit\" title=\"Consulter tous les articles de Charlotte Lesprit\" rel=\"nofollow noopener\" target=\"_blank\">Charlotte Lesprit<\/a><br \/>\n        <\/strong><\/p>\n<p>        Publi\u00e9 le<\/p>\n<p>            3 juil. 2025 \u00e0 18h32        <\/p>\n<p>Bagatelle, l\u2019embl\u00e9matique Maison de sant\u00e9 protestante de Bordeaux est en p\u00e9ril. En effet, <a href=\"https:\/\/actu.fr\/nouvelle-aquitaine\/talence_33522\/le-projet-de-fusion-des-hopitaux-bordeaux-bagatelle-et-robert-picque-fait-chou-blanc_61754576.html\" rel=\"nofollow noopener\" target=\"_blank\">depuis le retrait en octobre\u00a02024<\/a> de l\u2019<strong>h\u00f4pital des arm\u00e9es Robert-Picqu\u00e9<\/strong> qui s\u2019\u00e9tait engag\u00e9 dans une fusion avec l\u2019\u00e9tablissement priv\u00e9 \u00e0 but non lucratif situ\u00e9<a href=\"https:\/\/actu.fr\/nouvelle-aquitaine\/talence_33522\" rel=\"nofollow noopener\" target=\"_blank\"> \u00e0 Talence,<\/a> l\u2019h\u00f4pital risque une possible <strong>\u00ab\u2009cessation de paiements\u2009\u00bb<\/strong> d\u2019ici fin 2025. Ce qui pourrait entra\u00eener la fermeture de services vitaux tels que la maternit\u00e9, les urgences et la r\u00e9animation.<\/p>\n<p class=\" wall-content\">Mobilis\u00e9 pour \u00ab\u2009sauver l\u2019h\u00f4pital Bagatelle\u2009\u00bb, le Conseil municipal de B\u00e8gles a vot\u00e9, mardi 1er\u00a0juillet, lors de sa s\u00e9ance, <strong>une motion de soutien<\/strong> \u00e0 la Fondation de l\u2019h\u00f4pital Bagatelle en appelant l\u2019\u00c9tat \u00ab\u2009\u00e0 prendre ses responsabilit\u00e9s\u2009\u00bb.<\/p>\n<p class=\" wall-content\">L\u2019objectif\u2009: lui demander \u00ab\u2009de respecter ses engagements contractualis\u00e9s et pr\u00e9vus\u2009\u00bb dans le <strong>dossier Bahia<\/strong>, le nom donn\u00e9 au projet de regroupement hospitalier entre Bagatelle et l\u2019h\u00f4pital d\u2019instruction des Arm\u00e9es Robert-Picqu\u00e9.<\/p>\n<p>\u00ab\u2009Un pique-nique solidaire\u2009\u00bb<\/p>\n<p class=\" wall-content\">Or, depuis le d\u00e9sengagement du service de <a href=\"https:\/\/actu.fr\/tag\/sante\" rel=\"nofollow noopener\" target=\"_blank\">sant\u00e9<\/a> des arm\u00e9es,<strong> un apport de 24\u00a0millions d\u2019euros<\/strong> permettrait d\u2019\u00e9quilibrer le mod\u00e8le \u00e9conomique du nouvel h\u00f4pital rapporte un communiqu\u00e9 du collectif Unis pour Bagatelle du conseiller d\u00e9partemental \u00e9cologiste Bruno B\u00e9ziade. Collectif qui, dimanche 6\u00a0juillet, organise \u00ab\u2009un pique-nique solidaire pour Bagatelle\u2009\u00bb dans les jardins de l\u2019h\u00f4pital.<\/p>\n<p class=\" wall-content\">\u00ab\u2009Il est temps de mener une politique de sant\u00e9 ambitieuse en investissant fortement en faveur d\u2019une sant\u00e9 publique accessible, de qualit\u00e9, bien dimensionn\u00e9e et justement r\u00e9partie sur le territoire\u2009\u00bb, d\u00e9clare de son c\u00f4t\u00e9 le maire de B\u00e8gles, Cl\u00e9ment Rossignol Puech. Et d\u2019ajouter\u2009: \u00ab\u2009Devenu le <strong>deuxi\u00e8me h\u00f4pital de la m\u00e9tropole bordelaise<\/strong> en termes de flux, <strong>Bagatelle emploie 1\u2009600\u00a0personnes<\/strong> et r\u00e9pond quotidiennement aux besoins de milliers de patients.\u2009\u00bb<\/p>\n<p>Vid\u00e9os : en ce moment sur Actu<br \/>\n    <a href=\"https:\/\/www.facebook.com\/plugins\/video.php?height=476&amp;href=https%3A%2F%2Fwww.facebook.com%2FFondationBagatelle%2Fvideos%2F1112532767375400%2F&amp;show_text=false&amp;width=350&amp;t=0\" title=\"Ouvrie le lien\" rel=\"nofollow noopener\" target=\"_blank\">Cliquez ici pour visualiser le contenu<\/a><\/p>\n<p class=\" wall-content\">Post\u00e9e le 19\u00a0juin sur la page Facebook de la Fondation Bagatelle, une vid\u00e9o rappelle qu\u2019il \u00ab\u2009ne s\u2019agit pas d\u2019un combat politique\u2009\u00bb mais d\u2019une \u00ab\u2009alerte citoyenne\u2009\u00bb tout en soulignant que les professionnels de sant\u00e9 sont inquiets pour l\u2019avenir. \u00ab\u2009Nous voulons rester un h\u00f4pital <a href=\"https:\/\/actu.fr\/ile-de-france\/paris_75056\/dans-ce-centre-medical-de-paris-les-consultations-specialisees-sont-assurees-par-des-medecins-retraites_62856665.html\" rel=\"nofollow noopener\" target=\"_blank\">sans d\u00e9passement d\u2019honoraires<\/a>, au c\u0153ur du service public hospitalier, et ouvert \u00e0 tous\u2009\u00bb, peut-on lire en commentaire.<\/p>\n<p class=\" wall-content\">Suivez toute l\u2019actualit\u00e9 de vos villes et m\u00e9dias favoris en vous inscrivant \u00e0 <a href=\"https:\/\/moncompte.actu.fr\" title=\"D\u00e9couvez Mon Actu\" rel=\"nofollow noopener\" data-trk=\"{&quot;cta&quot;:{&quot;action&quot;:&quot;https:\\\/\\\/moncompte.actu.fr&quot;,&quot;category&quot;:&quot;mon compte&quot;,&quot;from&quot;:&quot;article footer&quot;,&quot;name&quot;:&quot;Mon actu&quot;,&quot;type&quot;:&quot;cta&quot;}}\" target=\"_blank\">Mon Actu<\/a>.<\/p>\n","protected":false},"excerpt":{"rendered":"Par Charlotte Lesprit Publi\u00e9 le 3 juil. 2025 \u00e0 18h32 Bagatelle, l\u2019embl\u00e9matique Maison de sant\u00e9 protestante de Bordeaux&hellip;\n","protected":false},"author":2,"featured_media":223643,"comment_status":"","ping_status":"","sticky":false,"template":"","format":"standard","meta":{"footnotes":""},"categories":[2817],"tags":[1111,11,1997,1777,674,1011,27,100,12,2219,25,71,104],"class_list":{"0":"post-223642","1":"post","2":"type-post","3":"status-publish","4":"format-standard","5":"has-post-thumbnail","7":"category-bordeaux","8":"tag-actu","9":"tag-actualites","10":"tag-bordeaux","11":"tag-eu","12":"tag-europe","13":"tag-fr","14":"tag-france","15":"tag-hopital","16":"tag-news","17":"tag-nouvelle-aquitaine","18":"tag-republique-francaise","19":"tag-sante","20":"tag-societe"},"share_on_mastodon":{"url":"https:\/\/pubeurope.com\/@fr\/114790505284258387","error":""},"_links":{"self":[{"href":"https:\/\/www.europesays.com\/fr\/wp-json\/wp\/v2\/posts\/223642","targetHints":{"allow":["GET"]}}],"collection":[{"href":"https:\/\/www.europesays.com\/fr\/wp-json\/wp\/v2\/posts"}],"about":[{"href":"https:\/\/www.europesays.com\/fr\/wp-json\/wp\/v2\/types\/post"}],"author":[{"embeddable":true,"href":"https:\/\/www.europesays.com\/fr\/wp-json\/wp\/v2\/users\/2"}],"replies":[{"embeddable":true,"href":"https:\/\/www.europesays.com\/fr\/wp-json\/wp\/v2\/comments?post=223642"}],"version-history":[{"count":0,"href":"https:\/\/www.europesays.com\/fr\/wp-json\/wp\/v2\/posts\/223642\/revisions"}],"wp:featuredmedia":[{"embeddable":true,"href":"https:\/\/www.europesays.com\/fr\/wp-json\/wp\/v2\/media\/223643"}],"wp:attachment":[{"href":"https:\/\/www.europesays.com\/fr\/wp-json\/wp\/v2\/media?parent=223642"}],"wp:term":[{"taxonomy":"category","embeddable":true,"href":"https:\/\/www.europesays.com\/fr\/wp-json\/wp\/v2\/categories?post=223642"},{"taxonomy":"post_tag","embeddable":true,"href":"https:\/\/www.europesays.com\/fr\/wp-json\/wp\/v2\/tags?post=223642"}],"curies":[{"name":"wp","href":"https:\/\/api.w.org\/{rel}","templated":true}]}}