{"id":223646,"date":"2025-07-03T17:35:09","date_gmt":"2025-07-03T17:35:09","guid":{"rendered":"https:\/\/www.europesays.com\/fr\/223646\/"},"modified":"2025-07-03T17:35:09","modified_gmt":"2025-07-03T17:35:09","slug":"haut-lieu-de-la-fete-a-toulouse-la-place-saint-pierre-sera-tout-en-rose-ce-vendredi-voici-pourquoi","status":"publish","type":"post","link":"https:\/\/www.europesays.com\/fr\/223646\/","title":{"rendered":"Haut lieu de la f\u00eate \u00e0 Toulouse, la place Saint-Pierre sera tout en rose ce vendredi : voici pourquoi"},"content":{"rendered":"<p>            Par<br \/>\n        <strong><br \/>\n            <a href=\"https:\/\/actu.fr\/auteur\/lea-afonso\" title=\"Consulter tous les articles de L\u00e9a Afonso\" rel=\"nofollow noopener\" target=\"_blank\">L\u00e9a Afonso<\/a><br \/>\n        <\/strong><\/p>\n<p>        Publi\u00e9 le<\/p>\n<p>            3 juil. 2025 \u00e0 17h47        <\/p>\n<p>Le compte \u00e0 rebours est lanc\u00e9 : dans 57 jours, le<strong> Rose Festival<\/strong> fera vibrer <a href=\"https:\/\/actu.fr\/toulouse\/\" rel=\"nofollow noopener\" target=\"_blank\">Toulouse<\/a> pour une 4\u1d49 \u00e9dition haute en couleurs, orchestr\u00e9e par les embl\u00e9matiques <a href=\"https:\/\/actu.fr\/tag\/bigflo-et-oli\" rel=\"nofollow noopener\" target=\"_blank\">Bigflo et Oli<\/a>. En attendant le grand jour ce 29 ao\u00fbt 2025, une <strong>soir\u00e9e de lancement<\/strong> est organis\u00e9e ce vendredi 4 juillet, au c\u0153ur de la ville, <strong>place Saint-Pierre.<\/strong><\/p>\n<p>Une soir\u00e9e plac\u00e9e sur le th\u00e8me du rose !<\/p>\n<p class=\" wall-content\">De 18h30 \u00e0 22h, la place Saint-Pierre se transformera en un v\u00e9ritable terrain de f\u00eate aux <strong>couleurs du Rose Festival<\/strong>. Les Toulousains sont invit\u00e9s \u00e0 jouer le jeu : tenues roses, accessoires flashy, ambiance lumineuse ros\u00e9e\u2026<\/p>\n<p class=\" wall-content\">L\u2019objectif, comme l\u2019ann\u00e9e pass\u00e9e : plonger la ville dans une ambiance festive, \u00e0 l\u2019image de l\u2019\u00e9v\u00e9nement qu\u2019elle s\u2019appr\u00eate \u00e0 accueillir pour une nouvelle \u00e9dition.<\/p>\n<p class=\" wall-content\">Deux lieux incontournables du quartier seront mobilis\u00e9s pour l\u2019occasion : la <strong>place<\/strong> elle-m\u00eame, mais aussi le bar embl\u00e9matique <strong>La Couleur de la Culotte<\/strong>.<\/p>\n<p class=\" wall-content\">Au programme :<\/p>\n<p>Vid\u00e9os : en ce moment sur Actu<\/p>\n<ul class=\" wall-content\">\n<li><strong>DJ sets<\/strong> enflamm\u00e9s pour faire danser la foule<\/li>\n<li>Animation assur\u00e9e par The Wingzer<\/li>\n<li>Et pour finir la soir\u00e9e en beaut\u00e9 : un <strong>lancer de poudre color\u00e9e<\/strong> inondera la place, dans un nuage de rose !<\/li>\n<\/ul>\n<p class=\" wall-content\">De quoi faire vibrer Toulouse avant le jour J.<\/p>\n<p class=\" wall-content\"><a href=\"https:\/\/www.instagram.com\/p\/DLkjpvqo0qe\/embed\" title=\"Ouvrir le lien sur Instagram\" rel=\"nofollow noopener\" target=\"_blank\">Visualiser le contenu sur Instagram<\/a><\/p>\n<p>Le Rose Festival arrive<\/p>\n<p class=\" wall-content\">Ce lancement n\u2019est qu\u2019un avant-go\u00fbt de ce qui attend les festivaliers. Le Rose Festival, pr\u00e9vu du<strong> 29 au 31 ao\u00fbt au MEETT,<\/strong> s\u2019annonce de nouveau comme l\u2019un des grands temps forts de la fin de l\u2019\u00e9t\u00e9.<\/p>\n<p class=\" wall-content\">C\u00f4t\u00e9 programmation, le line-up est d\u00e9j\u00e0 bien constitu\u00e9. Comptez entre autres sur<strong> Ninho, Niska, Vald, Ronisia et Laylow<\/strong> qui feront chauffer les sc\u00e8nes. Sans oublier la pr\u00e9sence tr\u00e8s attendue de <strong>Pierre Garnier et H\u00e9l\u00e9na<\/strong>, r\u00e9v\u00e9l\u00e9s par la Star Academy.<\/p>\n<p class=\" wall-content\">L\u2019an dernier, 110 000 personnes \u00e9taient au rendez-vous.<a href=\"https:\/\/rosefestival.fr\/\" rel=\"nofollow noopener\" target=\"_blank\"> Autant dire que les billets risquent de partir tr\u00e8s vite<\/a> !<\/p>\n<p class=\" wall-content\">Suivez toute l\u2019actualit\u00e9 de vos villes et m\u00e9dias favoris en vous inscrivant \u00e0 <a href=\"https:\/\/moncompte.actu.fr\" title=\"D\u00e9couvez Mon Actu\" rel=\"nofollow noopener\" data-trk=\"{&quot;cta&quot;:{&quot;action&quot;:&quot;https:\\\/\\\/moncompte.actu.fr&quot;,&quot;category&quot;:&quot;mon compte&quot;,&quot;from&quot;:&quot;article footer&quot;,&quot;name&quot;:&quot;Mon actu&quot;,&quot;type&quot;:&quot;cta&quot;}}\" target=\"_blank\">Mon Actu<\/a>.<\/p>\n<p>                    <script async src=\"\/\/www.instagram.com\/embed.js\"><\/script><\/p>\n","protected":false},"excerpt":{"rendered":"Par L\u00e9a Afonso Publi\u00e9 le 3 juil. 2025 \u00e0 17h47 Le compte \u00e0 rebours est lanc\u00e9 : dans&hellip;\n","protected":false},"author":2,"featured_media":223647,"comment_status":"","ping_status":"","sticky":false,"template":"","format":"standard","meta":{"footnotes":""},"categories":[2816],"tags":[1111,11,1777,674,1011,27,12,2680,25,104,1341,2312],"class_list":{"0":"post-223646","1":"post","2":"type-post","3":"status-publish","4":"format-standard","5":"has-post-thumbnail","7":"category-toulouse","8":"tag-actu","9":"tag-actualites","10":"tag-eu","11":"tag-europe","12":"tag-fr","13":"tag-france","14":"tag-news","15":"tag-occitanie","16":"tag-republique-francaise","17":"tag-societe","18":"tag-sortir-a-toulouse","19":"tag-toulouse"},"share_on_mastodon":{"url":"https:\/\/pubeurope.com\/@fr\/114790513339285895","error":""},"_links":{"self":[{"href":"https:\/\/www.europesays.com\/fr\/wp-json\/wp\/v2\/posts\/223646","targetHints":{"allow":["GET"]}}],"collection":[{"href":"https:\/\/www.europesays.com\/fr\/wp-json\/wp\/v2\/posts"}],"about":[{"href":"https:\/\/www.europesays.com\/fr\/wp-json\/wp\/v2\/types\/post"}],"author":[{"embeddable":true,"href":"https:\/\/www.europesays.com\/fr\/wp-json\/wp\/v2\/users\/2"}],"replies":[{"embeddable":true,"href":"https:\/\/www.europesays.com\/fr\/wp-json\/wp\/v2\/comments?post=223646"}],"version-history":[{"count":0,"href":"https:\/\/www.europesays.com\/fr\/wp-json\/wp\/v2\/posts\/223646\/revisions"}],"wp:featuredmedia":[{"embeddable":true,"href":"https:\/\/www.europesays.com\/fr\/wp-json\/wp\/v2\/media\/223647"}],"wp:attachment":[{"href":"https:\/\/www.europesays.com\/fr\/wp-json\/wp\/v2\/media?parent=223646"}],"wp:term":[{"taxonomy":"category","embeddable":true,"href":"https:\/\/www.europesays.com\/fr\/wp-json\/wp\/v2\/categories?post=223646"},{"taxonomy":"post_tag","embeddable":true,"href":"https:\/\/www.europesays.com\/fr\/wp-json\/wp\/v2\/tags?post=223646"}],"curies":[{"name":"wp","href":"https:\/\/api.w.org\/{rel}","templated":true}]}}