{"id":223650,"date":"2025-07-03T17:37:15","date_gmt":"2025-07-03T17:37:15","guid":{"rendered":"https:\/\/www.europesays.com\/fr\/223650\/"},"modified":"2025-07-03T17:37:15","modified_gmt":"2025-07-03T17:37:15","slug":"la-madeleine-la-nouvelle-place-du-marche-se-devoile-avec-son-chemin-deau-et-sa-hall-aux-miroirs","status":"publish","type":"post","link":"https:\/\/www.europesays.com\/fr\/223650\/","title":{"rendered":"La Madeleine. La nouvelle place du march\u00e9 se d\u00e9voile, avec son chemin d&rsquo;eau et sa hall aux miroirs"},"content":{"rendered":"<p>            Par<br \/>\n        <strong><br \/>\n            <a href=\"https:\/\/actu.fr\/auteur\/margot-nicodeme\" title=\"Consulter tous les articles de Margot Nicod\u00e8me\" target=\"_blank\" rel=\"noopener\">Margot Nicod\u00e8me<\/a><br \/>\n        <\/strong><\/p>\n<p>        Publi\u00e9 le<\/p>\n<p>            3 juil. 2025 \u00e0 17h40        <\/p>\n<p>Plus d\u2019un an s\u2019est pass\u00e9, <a href=\"https:\/\/actu.fr\/hauts-de-france\/la-madeleine_59368\/la-madeleine-nouvelle-halle-chemin-deau-arbres-la-metamorphose-de-la-place-du-marche-a-commence_61146047.html\" target=\"_blank\" rel=\"noopener\">depuis le d\u00e9but des travaux<\/a>. Le calendrier est au point : <b>la place du march\u00e9 <\/b>de <a href=\"https:\/\/actu.fr\/hauts-de-france\/la-madeleine_59368\" target=\"_blank\" rel=\"noopener\">La Madeleine<\/a> (Nord), avec <b>son chemin d\u2019eau<\/b>, se r\u00e9v\u00e8le en ce d\u00e9but ensoleill\u00e9 du mois de juillet 2025. Son inauguration s\u2019est tenue ce jeudi 3, en pr\u00e9sence du maire S\u00e9bastien Lepr\u00eatre, et de Damien Castelain, pr\u00e9sident de la M\u00e9tropole de Lille, qui a contribu\u00e9 <a href=\"https:\/\/actu.fr\/hauts-de-france\/la-madeleine_59368\/la-madeleine-nouvelle-halle-chemin-deau-arbres-la-metamorphose-de-la-place-du-marche-a-commence_61146047.html\" target=\"_blank\" rel=\"noopener\">\u00e0 cette transformation<\/a> <b>\u00e0 hauteur de 4,5 millions d\u2019euros<\/b>. Le premier pan de ce nouvel espace, incontestablement min\u00e9ral, est abouti ; la seconde partie, plus ombrag\u00e9e, le maire l\u2019assure, sera termin\u00e9e fin 2025.\u00a0<\/p>\n<p>    <img   decoding=\"async\" loading=\"lazy\" class=\"size-large\" src=\"https:\/\/www.europesays.com\/fr\/wp-content\/uploads\/2025\/07\/4c3922f776686204922f77668f3492v-960x640.jpg\" alt=\"Avant\/apr\u00e8s : voici la place du march\u00e9 de La Madeleine au commencement des travaux, en mai 2024, puis sa nouvelle version d\u00e9but juillet 2025.\" width=\"960\" height=\"640\"\/><br \/>\n    Avant\/apr\u00e8s : voici la place du march\u00e9 de La Madeleine au commencement des travaux, en mai 2024, puis sa nouvelle version d\u00e9but juillet 2025. \u00a9Margot Nicod\u00e8meUne all\u00e9e v\u00e9g\u00e9talis\u00e9e encore en travaux jusqu\u2019\u00e0 la fin de l\u2019ann\u00e9e<\/p>\n<p class=\" wall-content\">La place est immacul\u00e9e, et para\u00eet par cons\u00e9quent immense, d\u2019un bout \u00e0 l\u2019autre. Seul un chemin d\u2019eau la traverse, sur la partie qui sert de parvis \u00e0 l\u2019\u00e9cole Rostand. Si un \u00ab\u00a0pavage clair\u00a0\u00bb a \u00e9t\u00e9 s\u00e9lectionn\u00e9 pour \u00ab\u00a0lutter contre l\u2019effet \u00eelot de chaleur\u00a0\u00bb, dit S\u00e9bastien Lepr\u00eatre, c\u2019est surtout <b>la halle <\/b>attenante qui offrira la pause fra\u00eecheur n\u00e9cessaire. <b>Orn\u00e9e de grands miroirs de tout son long<\/b>, l\u2019\u00e9dile la d\u00e9crit comme \u00ab\u00a0tout en \u00e9l\u00e9gance et en l\u00e9g\u00e8ret\u00e9\u00a0\u00bb.\u00a0<\/p>\n<p>    <img   decoding=\"async\" loading=\"lazy\" class=\"size-large\" src=\"https:\/\/www.europesays.com\/fr\/wp-content\/uploads\/2025\/07\/6e03b53876686a213b5387668a613bv-960x640.jpg\" alt=\"Une halle orn\u00e9e de miroirs offre un peu d'ombre.\" width=\"960\" height=\"640\"\/><br \/>\n    Une halle orn\u00e9e de miroirs offre un peu d\u2019ombre. \u00a9Margot Nicod\u00e8me<\/p>\n<p class=\" wall-content\">Elle ne sera pas le seul \u00e9l\u00e9ment \u00e0 offrir de l\u2019ombre aux Madeleinois, puisqu\u2019une all\u00e9e v\u00e9g\u00e9talis\u00e9e, avec de grands arbres de part et d\u2019autre, lui sera parall\u00e8le. Encore en am\u00e9nagement, c\u2019est ce tron\u00e7on qui sera termin\u00e9 en d\u00e9cembre 2025.\u00a0<\/p>\n<p>    <img   decoding=\"async\" loading=\"lazy\" class=\"size-large\" src=\"https:\/\/www.europesays.com\/fr\/wp-content\/uploads\/2025\/07\/48cfb53876686bccfb5387668b0dfbv-960x640.jpg\" alt=\"L'all\u00e9e v\u00e9g\u00e9talis\u00e9e en cours d'am\u00e9nagement. Elle sera termin\u00e9e fin 2025.\" width=\"960\" height=\"640\"\/><br \/>\n    L\u2019all\u00e9e v\u00e9g\u00e9talis\u00e9e en cours d\u2019am\u00e9nagement. Elle sera termin\u00e9e fin 2025. \u00a9Margot Nicod\u00e8meVid\u00e9os : en ce moment sur Actu<\/p>\n<p class=\" wall-content\">\u00c0 qui trouverait la nouvelle place des Fusill\u00e9s et D\u00e9port\u00e9s trop min\u00e9rale, S\u00e9bastien Lepr\u00eatre rappelle que ce sont les habitants qui ont choisi entre trois sc\u00e9narii. Il leur a \u00e9t\u00e9 demand\u00e9 de \u00ab\u00a0pousser leurs id\u00e9es\u00a0\u00bb sur une vaste p\u00e9riode comprise entre 2010 et 2018, et finalement de participer \u00e0 une consultation r\u00e9f\u00e9rendaire en 2019, visant \u00e0 arr\u00eater un projet. C\u2019est celui qui s\u2019offre d\u00e9sormais \u00e0 tous.<\/p>\n<p>Une place qui devait rester \u00ab\u00a0multifonctionnelle\u00a0\u00bb pour les 121 \u00e9v\u00e9nements \u00e0 l\u2019ann\u00e9e, dont le march\u00e9<\/p>\n<p class=\" wall-content\">Sur le parking existant, o\u00f9 le march\u00e9 a \u00e9t\u00e9 d\u00e9plac\u00e9, et l\u2019all\u00e9e encore en travaux, ce sont \u00ab\u00a01 300 m\u00b2 d\u2019espaces v\u00e9g\u00e9talis\u00e9s\u00a0\u00bb qui seront cr\u00e9\u00e9s \u00e0 terme. C\u2019est \u00ab\u00a0deux fois plus d\u2019arbres\u00a0\u00bb qu\u2019auparavant.<\/p>\n<p>    <img   decoding=\"async\" loading=\"lazy\" class=\"size-large\" src=\"https:\/\/www.europesays.com\/fr\/wp-content\/uploads\/2025\/07\/5dfd953876686510e95387668250e9v-960x640.jpg\" alt=\"La nouvelle place du march\u00e9 de La Madeleine (Nord) a son chemin d'eau, sur le parvis de l'\u00e9cole Rostand.\" width=\"960\" height=\"640\"\/><br \/>\n    La nouvelle place du march\u00e9 de La Madeleine (Nord) a son chemin d\u2019eau, sur le parvis de l\u2019\u00e9cole Rostand. \u00a9Margot Nicod\u00e8me<\/p>\n<p class=\" wall-content\">Pour la place en elle-m\u00eame, il fallait qu\u2019elle reste \u00ab\u00a0un espace multifonctionnel\u00a0\u00bb,\u00a0 capable d\u2019accueillir les 121 \u00e9v\u00e9nements qui s\u2019y tiennent \u00e0 l\u2019ann\u00e9e. Le march\u00e9 bihebdomadaire (du lundi et du vendredi) en priorit\u00e9, puis <a href=\"https:\/\/actu.fr\/hauts-de-france\/la-madeleine_59368\/concert-du-14-juillet-la-madeleine-voit-grand-avec-quatre-chanteuses-mythiques-des-annees-2000_62785611.html\" target=\"_blank\" rel=\"noopener\">le concert du 14-Juillet<\/a>, la foire aux man\u00e8ges, et toutes les autres animations, comme <b>les jeux \u00e0 destination des familles<\/b> qui se tiendront <b>ce dimanche 6 juillet<\/b>.\u00a0<\/p>\n<p class=\" wall-content\">Le march\u00e9 quant \u00e0 lui reviendra \u00e0 son emplacement historique \u00e0 compter du vendredi 18 juillet.<\/p>\n<p class=\" wall-content\">Suivez toute l\u2019actualit\u00e9 de vos villes et m\u00e9dias favoris en vous inscrivant \u00e0 <a href=\"https:\/\/moncompte.actu.fr\" title=\"D\u00e9couvez Mon Actu\" rel=\"nofollow noopener\" data-trk=\"{&quot;cta&quot;:{&quot;action&quot;:&quot;https:\\\/\\\/moncompte.actu.fr&quot;,&quot;category&quot;:&quot;mon compte&quot;,&quot;from&quot;:&quot;article footer&quot;,&quot;name&quot;:&quot;Mon actu&quot;,&quot;type&quot;:&quot;cta&quot;}}\" target=\"_blank\">Mon Actu<\/a>.<\/p>\n","protected":false},"excerpt":{"rendered":"Par Margot Nicod\u00e8me Publi\u00e9 le 3 juil. 2025 \u00e0 17h40 Plus d\u2019un an s\u2019est pass\u00e9, depuis le d\u00e9but&hellip;\n","protected":false},"author":2,"featured_media":223651,"comment_status":"","ping_status":"","sticky":false,"template":"","format":"standard","meta":{"footnotes":""},"categories":[2815],"tags":[1111,11,1777,674,1011,27,811,1307,4863,12,25,104,2086,1352],"class_list":{"0":"post-223650","1":"post","2":"type-post","3":"status-publish","4":"format-standard","5":"has-post-thumbnail","7":"category-lille","8":"tag-actu","9":"tag-actualites","10":"tag-eu","11":"tag-europe","12":"tag-fr","13":"tag-france","14":"tag-hauts-de-france","15":"tag-lille","16":"tag-metropole-europeenne-de-lille","17":"tag-news","18":"tag-republique-francaise","19":"tag-societe","20":"tag-travaux","21":"tag-urbanisme"},"share_on_mastodon":{"url":"https:\/\/pubeurope.com\/@fr\/114790521172411742","error":""},"_links":{"self":[{"href":"https:\/\/www.europesays.com\/fr\/wp-json\/wp\/v2\/posts\/223650","targetHints":{"allow":["GET"]}}],"collection":[{"href":"https:\/\/www.europesays.com\/fr\/wp-json\/wp\/v2\/posts"}],"about":[{"href":"https:\/\/www.europesays.com\/fr\/wp-json\/wp\/v2\/types\/post"}],"author":[{"embeddable":true,"href":"https:\/\/www.europesays.com\/fr\/wp-json\/wp\/v2\/users\/2"}],"replies":[{"embeddable":true,"href":"https:\/\/www.europesays.com\/fr\/wp-json\/wp\/v2\/comments?post=223650"}],"version-history":[{"count":0,"href":"https:\/\/www.europesays.com\/fr\/wp-json\/wp\/v2\/posts\/223650\/revisions"}],"wp:featuredmedia":[{"embeddable":true,"href":"https:\/\/www.europesays.com\/fr\/wp-json\/wp\/v2\/media\/223651"}],"wp:attachment":[{"href":"https:\/\/www.europesays.com\/fr\/wp-json\/wp\/v2\/media?parent=223650"}],"wp:term":[{"taxonomy":"category","embeddable":true,"href":"https:\/\/www.europesays.com\/fr\/wp-json\/wp\/v2\/categories?post=223650"},{"taxonomy":"post_tag","embeddable":true,"href":"https:\/\/www.europesays.com\/fr\/wp-json\/wp\/v2\/tags?post=223650"}],"curies":[{"name":"wp","href":"https:\/\/api.w.org\/{rel}","templated":true}]}}