{"id":223652,"date":"2025-07-03T17:38:25","date_gmt":"2025-07-03T17:38:25","guid":{"rendered":"https:\/\/www.europesays.com\/fr\/223652\/"},"modified":"2025-07-03T17:38:25","modified_gmt":"2025-07-03T17:38:25","slug":"revivez-en-images-la-grande-parade-des-coureurs-dans-le-centre-ville","status":"publish","type":"post","link":"https:\/\/www.europesays.com\/fr\/223652\/","title":{"rendered":"revivez en images la grande parade des coureurs dans le centre-ville"},"content":{"rendered":"<p>            Par<br \/>\n        <strong><br \/>\n            <a href=\"https:\/\/actu.fr\/auteur\/margot-nicodeme\" title=\"Consulter tous les articles de Margot Nicod\u00e8me\" target=\"_blank\" rel=\"noopener\">Margot Nicod\u00e8me<\/a><br \/>\n        <\/strong><\/p>\n<p>        Publi\u00e9 le<\/p>\n<p>            3 juil. 2025 \u00e0 18h57        <\/p>\n<p>Cela a ind\u00e9niablement<b> fait monter l\u2019ambiance \u00e0 <a href=\"https:\/\/actu.fr\/hauts-de-france\/lille_59350\" target=\"_blank\" rel=\"noopener\">Lille<\/a><\/b>, deux jours avant le grand d\u00e9part <a href=\"https:\/\/actu.fr\/tag\/tour-de-france-2025\" target=\"_blank\" rel=\"noopener\">du <b>Tour de France<\/b><\/a><b> <\/b>dans la ville. Ce jeudi 3 juillet,<b> une grande parade des coureurs<\/b> \u00e9tait organis\u00e9e dans les rues de la Capitale des Flandres. D\u00e8s les premi\u00e8res heures de la matin\u00e9e, des barri\u00e8res \u00e9taient install\u00e9es le long de la rue Faidherbe (voir photo), et les passants ont fait l\u2019objet de fouilles pour acc\u00e9der \u00e0 <a href=\"https:\/\/actu.fr\/hauts-de-france\/lille_59350\/lille-la-pietonnisation-de-la-grandplace-cest-pour-bientot-quelle-option-preferez-vous_62830812.html#:~:text=Arnaud%20Deslandes%2C%20maire%20de%20Lille,au%20plus%20tard%20d%C3%A9but%202026%20%C2%BB.\" target=\"_blank\" rel=\"noopener\">la Grand\u2019Place<\/a>. Mais <b>le spectacle \u00e9tait \u00e0 suivre \u00e0 partir de 18h<\/b> : apr\u00e8s le d\u00e9fil\u00e9 des cyclistes <a href=\"https:\/\/actu.fr\/hauts-de-france\/lille_59350\/par-quelles-rues-va-passer-la-grande-parade-du-tour-de-france-ce-jeudi-a-lille-voici-le-parcours_62856006.html\" target=\"_blank\" rel=\"noopener\">dans 7 rues et places de la ville<\/a>, les \u00e9quipes \u00e9taient officiellement pr\u00e9sent\u00e9es sur <a href=\"https:\/\/actu.fr\/hauts-de-france\/lille_59350\/lille-cest-quoi-ces-amenagements-tout-autour-de-la-fontaine-de-la-grandplace_62812435.html\" target=\"_blank\" rel=\"noopener\">une grande sc\u00e8ne au pied de la colonne de la D\u00e9esse<\/a>. Retour en images sur ce temps fort.<\/p>\n<p>Des installations aux premi\u00e8res heures de la matin\u00e9e \u00e0 l\u2019euphorie Grand\u2019Place<br \/>\n    <img   decoding=\"async\" loading=\"lazy\" class=\"size-large\" src=\"https:\/\/www.europesays.com\/fr\/wp-content\/uploads\/2025\/07\/2945c181466860d45c1814668e055cv-960x640.jpg\" alt=\"D\u00e8s les premi\u00e8res heures de la matin\u00e9e ce jeudi, des barri\u00e8res ont \u00e9t\u00e9 install\u00e9es le long de la rue Faidherbe \u00e0 Lille. Les passants devaient montrer patte blanche pour acc\u00e9der \u00e0 la Grand'Place.\" width=\"960\" height=\"640\"\/><br \/>\n    D\u00e8s les premi\u00e8res heures de la matin\u00e9e ce jeudi, des barri\u00e8res ont \u00e9t\u00e9 install\u00e9es le long de la rue Faidherbe \u00e0 Lille. Les passants devaient montrer patte blanche pour acc\u00e9der \u00e0 la Grand\u2019Place. \u00a9AV\/Lille actu<br \/>\n    <img   decoding=\"async\" loading=\"lazy\" class=\"size-large\" src=\"https:\/\/www.europesays.com\/fr\/wp-content\/uploads\/2025\/07\/0fcc5c66a6686f2dc5c66a668f5dc5v-960x640.jpg\" alt=\"Vers 17h45, l'ambiance avait drastiquement chang\u00e9 \u00e0 la gare Lille-Flandres avec ce couloir d\u00e9gag\u00e9 que forme la rue Faidherbe, bient\u00f4t remont\u00e9e par les coureurs.\" width=\"960\" height=\"640\"\/><br \/>\n    Vers 17h45, l\u2019ambiance avait drastiquement chang\u00e9 \u00e0 la gare Lille-Flandres avec ce couloir d\u00e9gag\u00e9 que forme la rue Faidherbe, bient\u00f4t remont\u00e9e par les coureurs. \u00a9AV\/Lille actu<\/p>\n<p class=\" wall-content\">Il fallait montrer patte blanche ce jeudi matin, aux abords de la Grand\u2019Place : les rangs de barri\u00e8res \u00e9taient install\u00e9s, et des fouilles organis\u00e9es. M\u00eame endroit, ou presque, 8 heures plus tard, et les spectateurs se sont mass\u00e9s derri\u00e8res lesdites barri\u00e8res, peu avant 18h.<\/p>\n<p class=\" wall-content\">Reprenons le cours de la journ\u00e9e : l\u2019ambiance est mont\u00e9e au fur et \u00e0 mesure, notamment d\u00e8s 14h, avec <a href=\"https:\/\/actu.fr\/hauts-de-france\/lille_59350\/en-images-le-fan-park-du-tour-de-france-pris-dassaut-des-son-ouverture-a-lille_62863508.html\" target=\"_blank\" rel=\"noopener\">l\u2019ouverture du Fan park, place de la R\u00e9publique<\/a>. \u00c0 l\u2019approche de 18h, beaucoup d\u2019inconditionnels du Tour de France ont gagn\u00e9 la Grand\u2019Place, endroit strat\u00e9gique pour apercevoir les cyclistes stars.<\/p>\n<p>Vid\u00e9os : en ce moment sur Actu<br \/>\n    <img   decoding=\"async\" loading=\"lazy\" class=\"size-large\" src=\"https:\/\/www.europesays.com\/fr\/wp-content\/uploads\/2025\/07\/a3638f92a6686a7638f92a668bb638v-960x640.jpg\" alt=\"L'esprit de f\u00eate \u00e9tait au rendez-vous, chez ces fans du Tour de France.\" width=\"960\" height=\"640\"\/><br \/>\n    L\u2019esprit de f\u00eate \u00e9tait au rendez-vous, chez ces fans du Tour de France. \u00a9ND\/Lille actu<\/p>\n<p class=\" wall-content\">Magnifique foule en liesse, et logiquement coiff\u00e9e de bobs ou habill\u00e9e de T-shirts\u2026 L\u2019esprit de la Grande boucle \u00e9tait bien pr\u00e9sent, sous un beau soleil nordiste.<\/p>\n<p>    <img   decoding=\"async\" loading=\"lazy\" class=\"size-large\" src=\"https:\/\/www.europesays.com\/fr\/wp-content\/uploads\/2025\/07\/4db31305a668631c31305a66815c31v-960x640.jpg\" alt=\"La D\u00e9esse surplombant la foule qui attend de voir les coureurs.\" width=\"960\" height=\"640\"\/><br \/>\n    La D\u00e9esse surplombant la foule qui attend de voir les coureurs. \u00a9ND\/Lille actu<br \/>\n    <img   decoding=\"async\" loading=\"lazy\" class=\"size-large\" src=\"https:\/\/www.europesays.com\/fr\/wp-content\/uploads\/2025\/07\/f9441305a6686fd441305a668c1541v-960x640.jpg\" alt=\"Le Nord et Lille au rendez-vous du Tour !\" width=\"960\" height=\"640\"\/><br \/>\n    Le Nord et Lille au rendez-vous du Tour ! \u00a9ND\/Lille actu<\/p>\n<p class=\" wall-content\">\n<p>    <img   decoding=\"async\" loading=\"lazy\" class=\"size-large\" src=\"https:\/\/www.europesays.com\/fr\/wp-content\/uploads\/2025\/07\/9d1a2672a6686812a2672a668652a2v-960x640.jpg\" alt=\"La Grand'Place \u00e9tait bond\u00e9e de monde, 30 minutes avant le d\u00e9but officiel de la parade.\" width=\"960\" height=\"640\"\/><br \/>\n    La Grand\u2019Place \u00e9tait bond\u00e9e de monde, 30 minutes avant le d\u00e9but officiel de la parade. \u00a9ND\/Lille actu<br \/>\n    <img   decoding=\"async\" loading=\"lazy\" class=\"size-large\" src=\"https:\/\/www.europesays.com\/fr\/wp-content\/uploads\/2025\/07\/9c272305a6686a0372305a66874372v-960x640.jpg\" alt=\"Bobs et T-shirts jaunes \u00e0 perte de vue !\" width=\"960\" height=\"640\"\/><br \/>\n    Bobs et T-shirts jaunes \u00e0 perte de vue ! \u00a9ND\/Lille actu<\/p>\n<p class=\" wall-content\">La Belgique \u00e9tait aussi dignement repr\u00e9sent\u00e9e :<\/p>\n<p>    <img   decoding=\"async\" loading=\"lazy\" class=\"size-large\" src=\"https:\/\/www.europesays.com\/fr\/wp-content\/uploads\/2025\/07\/125b818aa6686e26b818aa668276b8v-960x640.jpg\" alt=\"La Belgique en force !\" width=\"960\" height=\"640\"\/><br \/>\n    La Belgique en force ! \u00a9ND\/Lille actu<\/p>\n<p class=\" wall-content\">La parade va bien entendu au-del\u00e0 de la Grand\u2019Place, et certains spectateurs ont pr\u00e9f\u00e9r\u00e9 les plus tranquilles <a href=\"https:\/\/actu.fr\/hauts-de-france\/lille_59350\/lille-des-annees-70-au-xxie-siecle-les-rues-du-molinel-et-pierre-mauroy-officiellement-inaugurees_62807901.html\" target=\"_blank\" rel=\"noopener\">rues Pierre-Mauroy et du Molinel<\/a>.<\/p>\n<p class=\" wall-content\">\n<p>    <img   decoding=\"async\" loading=\"lazy\" class=\"size-large\" src=\"https:\/\/www.europesays.com\/fr\/wp-content\/uploads\/2025\/07\/d8adbeb5a6686ccadbeb5a66890bdbv-960x640.jpg\" alt=\"La parade passe aussi par la rue du Molinel.\" width=\"960\" height=\"640\"\/><br \/>\n    La parade passe aussi par la rue du Molinel. \u00a9RM\/Lille actu<br \/>\n    <img   decoding=\"async\" loading=\"lazy\" class=\"size-large\" src=\"https:\/\/www.europesays.com\/fr\/wp-content\/uploads\/2025\/07\/6cbd36e5a668660cd36e5a66844cd3v-960x640.jpg\" alt=\"Rue Pierre-Mauroy, le monde \u00e9tait aussi l\u00e0.\" width=\"960\" height=\"640\"\/><br \/>\n    Rue Pierre-Mauroy, le monde \u00e9tait aussi l\u00e0. \u00a9RM\/Lille actu<\/p>\n<p class=\" wall-content\">On y a crois\u00e9 la route de C\u00e9lestin et Christophe, habitants de la m\u00e9tropole lilloise. Ils sont venus profiter de l\u2019ambiance entre p\u00e8re et fils, et m\u00eame s\u2019ils ne sont \u00ab\u00a0pas forc\u00e9ment fans de cyclisme\u00a0\u00bb, \u00ab\u00a0c\u2019\u00e9tait l\u2019occasion de voir les coureurs !\u00a0\u00bb<\/p>\n<p>    <img   decoding=\"async\" loading=\"lazy\" class=\"size-large\" src=\"https:\/\/www.europesays.com\/fr\/wp-content\/uploads\/2025\/07\/9071321ba66868471321ba66868713v-960x640.jpg\" alt=\"C\u00e9lestin et Christophe, p\u00e8re et fils, sont venus voir les coureurs.\" width=\"960\" height=\"640\"\/><br \/>\n    C\u00e9lestin et Christophe, p\u00e8re et fils, sont venus voir les coureurs. \u00a9RM\/Lille actu<br \/>\n    <img   decoding=\"async\" loading=\"lazy\" class=\"size-large\" src=\"https:\/\/www.europesays.com\/fr\/wp-content\/uploads\/2025\/07\/3dae18c2b668621be18c2b66815be1v-960x640.jpg\" alt=\"La rue Pierre-Mauroy, noire de monde.\" width=\"960\" height=\"640\"\/><br \/>\n    La rue Pierre-Mauroy, noire de monde. \u00a9BG\/Lille actuL\u2019arriv\u00e9e des coureurs, et de l\u2019\u00e9quipe Nord de Cofidis : \u00ab\u00a0On se sent chez nous\u00a0\u00bb<\/p>\n<p class=\" wall-content\">Et vers 18h20\u2026 <b>L\u2019arriv\u00e9e tant attendue des coureurs<\/b> ! Le bal a \u00e9t\u00e9 ouvert par l\u2019\u00e9quipe du Nord Cofidis, par la rue Faidherbe, avant un passage par la rue Pierre-Mauroy, o\u00f9 nous les avons immortalis\u00e9s\u2026 en \u00e9tant perch\u00e9 :<\/p>\n<p>    <img   decoding=\"async\" loading=\"lazy\" class=\"size-large\" src=\"https:\/\/www.europesays.com\/fr\/wp-content\/uploads\/2025\/07\/d2aea19ea668657aea19ea6680eaeav-960x640.jpg\" alt=\"Les coureurs ont remont\u00e9 la rue Faidherbe vers 18h20.\" width=\"960\" height=\"640\"\/><br \/>\n    Les coureurs ont remont\u00e9 la rue Faidherbe vers 18h20. \u00a9AV\/Lille actu<br \/>\n    <img   decoding=\"async\" loading=\"lazy\" class=\"size-large\" src=\"https:\/\/www.europesays.com\/fr\/wp-content\/uploads\/2025\/07\/e5090ff0b6686d9090ff0b6689d090v-960x640.jpg\" alt=\"Il fallait \u00eatre r\u00e9actif, pour prendre une photo !\" width=\"960\" height=\"640\"\/><br \/>\n    Il fallait \u00eatre r\u00e9actif, pour prendre une photo ! \u00a9AV\/Lille actu<br \/>\n    <img   decoding=\"async\" loading=\"lazy\" class=\"size-large\" src=\"https:\/\/www.europesays.com\/fr\/wp-content\/uploads\/2025\/07\/e329e79fa6686d729e79fa668bb29ev-960x640.jpg\" alt=\"Rue Pierre-Mauroy, les coureurs \u00e9taient bien visibles !\" width=\"960\" height=\"640\"\/><br \/>\n    Rue Pierre-Mauroy, les coureurs \u00e9taient bien visibles ! \u00a9RM\/Lille actu<\/p>\n<p class=\" wall-content\">Et l\u2019apoth\u00e9ose, sur la Grand\u2019Place, avec l\u2019\u00e9quipe Cofidis arriv\u00e9e en premier, vers 18h40. <b>\u00ab\u00a0On se sent chez nous\u00a0\u00bb, ont dit les coureurs<\/b>.<\/p>\n<p>    <img   decoding=\"async\" loading=\"lazy\" class=\"size-large\" src=\"https:\/\/www.europesays.com\/fr\/wp-content\/uploads\/2025\/07\/07b95522b66860bb95522b668feb95v-960x640.jpg\" alt=\"L'\u00e9quipe Cofidis est arriv\u00e9e sur la Grand'Place vers 18h40.\" width=\"960\" height=\"640\"\/><br \/>\n    L\u2019\u00e9quipe Cofidis est arriv\u00e9e sur la Grand\u2019Place vers 18h40. \u00a9ND\/Lille actu<\/p>\n<p class=\" wall-content\">Puis l\u2019\u00e9quipe belge Lotto :<\/p>\n<p>    <img   decoding=\"async\" loading=\"lazy\" class=\"size-large\" src=\"https:\/\/www.europesays.com\/fr\/wp-content\/uploads\/2025\/07\/8e465f54b6686a2565f54b66886565v-960x640.jpg\" alt=\"L'\u00e9quipe Lotto belge sur la sc\u00e8ne de la Grand'Place.\" width=\"960\" height=\"640\"\/><br \/>\n    L\u2019\u00e9quipe Lotto belge sur la sc\u00e8ne de la Grand\u2019Place. \u00a9ND\/Lille actu<\/p>\n<p class=\" wall-content\">\u00c0 noter, pour les amateurs de la comp\u00e9tition, que <a href=\"https:\/\/actu.fr\/hauts-de-france\/lille_59350\/en-images-le-fan-park-du-tour-de-france-pris-dassaut-des-son-ouverture-a-lille_62863508.html\" target=\"_blank\" rel=\"noopener\">le Fan park a ouvert ce jeudi apr\u00e8s-midi<\/a>, et qu\u2019il assurera des<b> jeux, d\u00e9fis sportifs et m\u00eame des distributions de goodies<\/b> pendant trois jours. Les premiers visiteurs s\u2019en sont donn\u00e9 \u00e0 c\u0153ur joie !<\/p>\n<p class=\" wall-content\">Suivez toute l\u2019actualit\u00e9 de vos villes et m\u00e9dias favoris en vous inscrivant \u00e0 <a href=\"https:\/\/moncompte.actu.fr\" title=\"D\u00e9couvez Mon Actu\" rel=\"nofollow noopener\" data-trk=\"{&quot;cta&quot;:{&quot;action&quot;:&quot;https:\\\/\\\/moncompte.actu.fr&quot;,&quot;category&quot;:&quot;mon compte&quot;,&quot;from&quot;:&quot;article footer&quot;,&quot;name&quot;:&quot;Mon actu&quot;,&quot;type&quot;:&quot;cta&quot;}}\" target=\"_blank\">Mon Actu<\/a>.<\/p>\n","protected":false},"excerpt":{"rendered":"Par Margot Nicod\u00e8me Publi\u00e9 le 3 juil. 2025 \u00e0 18h57 Cela a ind\u00e9niablement fait monter l\u2019ambiance \u00e0 Lille,&hellip;\n","protected":false},"author":2,"featured_media":223653,"comment_status":"","ping_status":"","sticky":false,"template":"","format":"standard","meta":{"footnotes":""},"categories":[2815],"tags":[1111,11,1777,674,3696,1011,27,811,1307,12,25,2116,208],"class_list":{"0":"post-223652","1":"post","2":"type-post","3":"status-publish","4":"format-standard","5":"has-post-thumbnail","7":"category-lille","8":"tag-actu","9":"tag-actualites","10":"tag-eu","11":"tag-europe","12":"tag-evenements","13":"tag-fr","14":"tag-france","15":"tag-hauts-de-france","16":"tag-lille","17":"tag-news","18":"tag-republique-francaise","19":"tag-tour-de-france-2025","20":"tag-velo"},"share_on_mastodon":{"url":"https:\/\/pubeurope.com\/@fr\/114790525524106246","error":""},"_links":{"self":[{"href":"https:\/\/www.europesays.com\/fr\/wp-json\/wp\/v2\/posts\/223652","targetHints":{"allow":["GET"]}}],"collection":[{"href":"https:\/\/www.europesays.com\/fr\/wp-json\/wp\/v2\/posts"}],"about":[{"href":"https:\/\/www.europesays.com\/fr\/wp-json\/wp\/v2\/types\/post"}],"author":[{"embeddable":true,"href":"https:\/\/www.europesays.com\/fr\/wp-json\/wp\/v2\/users\/2"}],"replies":[{"embeddable":true,"href":"https:\/\/www.europesays.com\/fr\/wp-json\/wp\/v2\/comments?post=223652"}],"version-history":[{"count":0,"href":"https:\/\/www.europesays.com\/fr\/wp-json\/wp\/v2\/posts\/223652\/revisions"}],"wp:featuredmedia":[{"embeddable":true,"href":"https:\/\/www.europesays.com\/fr\/wp-json\/wp\/v2\/media\/223653"}],"wp:attachment":[{"href":"https:\/\/www.europesays.com\/fr\/wp-json\/wp\/v2\/media?parent=223652"}],"wp:term":[{"taxonomy":"category","embeddable":true,"href":"https:\/\/www.europesays.com\/fr\/wp-json\/wp\/v2\/categories?post=223652"},{"taxonomy":"post_tag","embeddable":true,"href":"https:\/\/www.europesays.com\/fr\/wp-json\/wp\/v2\/tags?post=223652"}],"curies":[{"name":"wp","href":"https:\/\/api.w.org\/{rel}","templated":true}]}}