{"id":223663,"date":"2025-07-03T17:45:10","date_gmt":"2025-07-03T17:45:10","guid":{"rendered":"https:\/\/www.europesays.com\/fr\/223663\/"},"modified":"2025-07-03T17:45:10","modified_gmt":"2025-07-03T17:45:10","slug":"a-paris-85-interventions-en-15-jours-pour-des-coupures-liees-a-la-chaleur-selon-enedis","status":"publish","type":"post","link":"https:\/\/www.europesays.com\/fr\/223663\/","title":{"rendered":"\u00c0 Paris, 85 interventions en 15 jours pour des coupures li\u00e9es \u00e0 la chaleur, selon Enedis"},"content":{"rendered":"<p>            Par<br \/>\n        <strong><br \/>\n            <a href=\"https:\/\/actu.fr\/auteur\/redaction-paris\" title=\"Consulter tous les articles de R\u00e9daction Paris\" target=\"_blank\" rel=\"noopener\">R\u00e9daction Paris<\/a><br \/>\n        <\/strong><\/p>\n<p>        Publi\u00e9 le<\/p>\n<p>            3 juil. 2025 \u00e0 19h27        <\/p>\n<p>\u00ab\u00a0Depuis une quinzaine de jours, on a fait 85 d\u00e9pannages sur ce type de tron\u00e7ons. On fait en moyenne, chaque ann\u00e9e, \u00e0 peu pr\u00e8s 300 d\u00e9pannages de ce type, \u00e9videmment plut\u00f4t concentr\u00e9s l\u2019\u00e9t\u00e9\u00a0\u00bb, a d\u00e9clar\u00e9 lors d\u2019une visite de chantier, Nicolas Perrin, directeur r\u00e9gional d\u2019<a href=\"https:\/\/actu.fr\/tag\/enedis\" target=\"_blank\" rel=\"noopener\">Enedis<\/a> pour <a href=\"https:\/\/actu.fr\/paris\/\" target=\"_blank\" rel=\"noopener\">Paris<\/a>.<br \/>Ont notamment \u00e9t\u00e9 touch\u00e9 fin juin 2025 : <a href=\"https:\/\/actu.fr\/ile-de-france\/paris_75056\/balade-au-palais-de-la-cite-a-paris-quand-la-justice-rencontre-l-histoire_58236470.html\" target=\"_blank\" rel=\"noopener\">l\u2019ancien palais de justice de l\u2019Ile de la Cit\u00e9<\/a> et la <a href=\"https:\/\/actu.fr\/tag\/prefecture-de-police-de-paris\" target=\"_blank\" rel=\"noopener\">pr\u00e9fecture de police<\/a>. Enedis esp\u00e8re endiguer ce ph\u00e9nom\u00e8ne en grande partie avec le remplacement de c\u00e2bles souterrains anciens par du mat\u00e9riel moins sensible \u00e0 la chaleur, <strong>un chantier<\/strong> entam\u00e9 depuis une quinzaine d\u2019ann\u00e9es et<strong> pr\u00e9vu pour durer encore 25 ans<\/strong>.<\/p>\n<p>\u00ab\u00a0Quand on renouvelle un tron\u00e7on, on divise par 33 le nombre d\u2019incidents\u00a0\u00bb<\/p>\n<p class=\" wall-content\">Dans le 15e arrondissement, une belle tranch\u00e9e de 200 m\u00e8tres laisse appara\u00eetre des c\u00e2bles \u00e0 isolation papier impr\u00e9gn\u00e9 d\u2019huile (ou CPI), une <strong>technologie qui date des ann\u00e9es 1970<\/strong>, en cours de remplacement par des c\u00e2bles \u00ab\u00a0imagin\u00e9s en prenant en compte les mont\u00e9es de temp\u00e9rature\u00a0\u00bb. Une enveloppe isolante synth\u00e9tique compos\u00e9e de diff\u00e9rents types de plastiques, dont du poly\u00e9thyl\u00e8ne, entoure \u00ab\u00a0l\u2019\u00e2me du c\u00e2ble\u00a0\u00bb, soit le c\u0153ur en aluminium qui conduit le courant.<\/p>\n<p class=\" wall-content\">\u00ab\u00a0Quand on renouvelle un tron\u00e7on comme on est en train de le faire aujourd\u2019hui, <strong>on divise par 33 le nombre d\u2019incidents observ\u00e9s<\/strong> sur le r\u00e9seau\u00a0\u00bb, a indiqu\u00e9 M. Perrin.<\/p>\n<p>En sous-sol, la temp\u00e9rature \u00ab\u00a0peut monter jusqu\u2019\u00e0 80-90\u00b0C\u00a0\u00bb<\/p>\n<p class=\" wall-content\">Car lors des \u00e9pisodes caniculaires, le <strong>r\u00e9seau parisien, 100% souterrain<\/strong>, est soumis \u00e0 rude \u00e9preuve : ces derniers jours, \u00ab\u00a0on a approch\u00e9 les 40\u00b0C \u00e0 l\u2019ombre (\u2026)\u00a0\u00bb soit 50\u00b0C en plein soleil, a soulign\u00e9 M. Perrin. Du fait de la couleur sombre du macadam parisien et d\u2019une temp\u00e9rature ne faiblissant pas suffisamment la nuit, \u00ab\u00a0la chaleur s\u2019accumule toute la journ\u00e9e\u00a0\u00bb et en sous-sol, \u00ab\u00a0peut monter jusqu\u2019\u00e0 80-90\u00b0C\u00a0\u00bb, a indiqu\u00e9 M. Perrin.<\/p>\n<p class=\" wall-content\">\u00c0 ces temp\u00e9ratures, les c\u00e2bles ancienne g\u00e9n\u00e9ration subissent \u00ab\u00a0une dilatation particuli\u00e8re qui fait travailler les accessoires de jonction\u00a0\u00bb, sortes de gros dominos reliant les tron\u00e7ons de c\u00e2bles de jonction, mettant le r\u00e9seau en d\u00e9faut.<\/p>\n<p>Vid\u00e9os : en ce moment sur Actu<\/p>\n<p class=\" wall-content\">Les chantiers de remplacement sont programm\u00e9s toute l\u2019ann\u00e9e, \u00e0 raison de <strong>100 kilom\u00e8tres par an<\/strong>, pour un montant chaque ann\u00e9e d\u2019environ 40 millions d\u2019euros. Temp\u00eates, inondations, canicules : Enedis investit 1,3 milliard d\u2019euros chaque ann\u00e9e en France pour pouvoir rendre plus robustes ses r\u00e9seaux, qu\u2019ils soient souterrains ou a\u00e9riens.<\/p>\n<p class=\" wall-content\">Avec AFP.<\/p>\n<p class=\" wall-content\">Suivez toute l\u2019actualit\u00e9 de vos villes et m\u00e9dias favoris en vous inscrivant \u00e0 <a href=\"https:\/\/moncompte.actu.fr\" title=\"D\u00e9couvez Mon Actu\" rel=\"nofollow noopener\" data-trk=\"{&quot;cta&quot;:{&quot;action&quot;:&quot;https:\\\/\\\/moncompte.actu.fr&quot;,&quot;category&quot;:&quot;mon compte&quot;,&quot;from&quot;:&quot;article footer&quot;,&quot;name&quot;:&quot;Mon actu&quot;,&quot;type&quot;:&quot;cta&quot;}}\" target=\"_blank\">Mon Actu<\/a>.<\/p>\n","protected":false},"excerpt":{"rendered":"Par R\u00e9daction Paris Publi\u00e9 le 3 juil. 2025 \u00e0 19h27 \u00ab\u00a0Depuis une quinzaine de jours, on a fait&hellip;\n","protected":false},"author":2,"featured_media":223664,"comment_status":"","ping_status":"","sticky":false,"template":"","format":"standard","meta":{"footnotes":""},"categories":[1888],"tags":[1111,1928,11,1927,6698,3674,1777,674,1011,27,12,1926,626,1925,25,104],"class_list":{"0":"post-223663","1":"post","2":"type-post","3":"status-publish","4":"format-standard","5":"has-post-thumbnail","7":"category-paris","8":"tag-actu","9":"tag-actu-paris","10":"tag-actualites","11":"tag-actualites-paris","12":"tag-canicule","13":"tag-enedis","14":"tag-eu","15":"tag-europe","16":"tag-fr","17":"tag-france","18":"tag-news","19":"tag-news-paris","20":"tag-paris","21":"tag-paris-news","22":"tag-republique-francaise","23":"tag-societe"},"share_on_mastodon":{"url":"https:\/\/pubeurope.com\/@fr\/114790552273571875","error":""},"_links":{"self":[{"href":"https:\/\/www.europesays.com\/fr\/wp-json\/wp\/v2\/posts\/223663","targetHints":{"allow":["GET"]}}],"collection":[{"href":"https:\/\/www.europesays.com\/fr\/wp-json\/wp\/v2\/posts"}],"about":[{"href":"https:\/\/www.europesays.com\/fr\/wp-json\/wp\/v2\/types\/post"}],"author":[{"embeddable":true,"href":"https:\/\/www.europesays.com\/fr\/wp-json\/wp\/v2\/users\/2"}],"replies":[{"embeddable":true,"href":"https:\/\/www.europesays.com\/fr\/wp-json\/wp\/v2\/comments?post=223663"}],"version-history":[{"count":0,"href":"https:\/\/www.europesays.com\/fr\/wp-json\/wp\/v2\/posts\/223663\/revisions"}],"wp:featuredmedia":[{"embeddable":true,"href":"https:\/\/www.europesays.com\/fr\/wp-json\/wp\/v2\/media\/223664"}],"wp:attachment":[{"href":"https:\/\/www.europesays.com\/fr\/wp-json\/wp\/v2\/media?parent=223663"}],"wp:term":[{"taxonomy":"category","embeddable":true,"href":"https:\/\/www.europesays.com\/fr\/wp-json\/wp\/v2\/categories?post=223663"},{"taxonomy":"post_tag","embeddable":true,"href":"https:\/\/www.europesays.com\/fr\/wp-json\/wp\/v2\/tags?post=223663"}],"curies":[{"name":"wp","href":"https:\/\/api.w.org\/{rel}","templated":true}]}}