{"id":223669,"date":"2025-07-03T17:48:16","date_gmt":"2025-07-03T17:48:16","guid":{"rendered":"https:\/\/www.europesays.com\/fr\/223669\/"},"modified":"2025-07-03T17:48:16","modified_gmt":"2025-07-03T17:48:16","slug":"mma-les-billets-pour-lufc-paris-4-a-laccor-arena-avec-nassourdine-imavov-mis-en-vente-ce-vendredi","status":"publish","type":"post","link":"https:\/\/www.europesays.com\/fr\/223669\/","title":{"rendered":"MMA\u00a0: les billets pour l\u2019UFC Paris 4 \u00e0 l\u2019Accor Arena avec Nassourdine Imavov mis en vente ce vendredi"},"content":{"rendered":"<p class=\"paragraph text_align_left lp-f-body-02\">La course aux billets s\u2019annonce encore intense. Ce vendredi 4 juillet, la billetterie pour <a href=\"https:\/\/www.leparisien.fr\/sports\/mma\/mma-lufc-paris-4-de-retour-a-laccor-arena-de-bercy-le-6-septembre-2025-03-06-2025-SASGPGGRHJBURPSG2R4BOTIVJU.php\" target=\"_blank\" rel=\"noreferrer noopener\">l\u2019UFC Paris 4<\/a>, qui se d\u00e9roulera le samedi 6 septembre prochain \u00e0 l\u2019Accor Arena, va \u00eatre ouverte. Comme chaque ann\u00e9e, les tickets pour le rendez-vous de <a href=\"https:\/\/www.leparisien.fr\/sports\/mma\/\" target=\"_blank\" rel=\"noreferrer noopener\">MMA <\/a>devraient s\u2019\u00e9couler \u00e0 une vitesse impressionnante. Donc si vous aimez les mitaines, la bagarre et les KO, rendez-vous d\u00e8s 10 heures sur le site de l\u2019Accor Arena.<\/p>\n<p class=\"paragraph text_align_left lp-f-body-02\">Plusieurs combats ont d\u00e9j\u00e0 \u00e9t\u00e9 annonc\u00e9s. Le \u00ab main event \u00bb de la soir\u00e9e opposera <a href=\"https:\/\/www.leparisien.fr\/sports\/mma\/quatre-succes-en-un-an-un-ko-contre-une-legende-comment-nassourdine-imavov-devient-la-star-du-mma-francais-02-02-2025-2EVDWM346JBZND2YWKCNV343JM.php\" target=\"_blank\" rel=\"noreferrer noopener\">le Fran\u00e7ais Nassourdine Imavov<\/a> au Br\u00e9silien Caio Borralho. En cas de succ\u00e8s, Imavov pourra ensuite briguer le titre de l\u2019UFC face au vainqueur du duel entre Khamzat Chimaev et le champion Dricus Du Plessis. S\u2019il est battu, la route sera bien plus longue.<\/p>\n<p class=\"paragraph text_align_left lp-f-body-02\">Aucun autre Tricolore n\u2019a \u00e9t\u00e9 annonc\u00e9, m\u00eame si William Gomis, Far\u00e8s Ziam et <a href=\"https:\/\/www.leparisien.fr\/sports\/mma\/benoit-saint-denis\/\" target=\"_blank\" rel=\"noreferrer noopener\">Beno\u00eet Saint Denis<\/a> sont notamment attendus. Cinq affiches internationales sont toutefois d\u00e9j\u00e0 connues. Chez les lourds, il y aura notamment le combat entre le Polonais Marcin Tybura et le Croate Ante Delija. Le Belge Bolaji Oki sera de retour dans la cage parisienne pour d\u00e9fier le Gallois Mason Jones. Belle affiche \u00e9galement chez les moins de 77 kg entre le Su\u00e9dois Andreas Gustafsson et le Russe Rinat Fakhretdinov.<\/p>\n","protected":false},"excerpt":{"rendered":"La course aux billets s\u2019annonce encore intense. Ce vendredi 4 juillet, la billetterie pour l\u2019UFC Paris 4, qui&hellip;\n","protected":false},"author":2,"featured_media":223670,"comment_status":"","ping_status":"","sticky":false,"template":"","format":"standard","meta":{"footnotes":""},"categories":[1888],"tags":[11,1777,674,1011,27,1847,12,626,25,60],"class_list":{"0":"post-223669","1":"post","2":"type-post","3":"status-publish","4":"format-standard","5":"has-post-thumbnail","7":"category-paris","8":"tag-actualites","9":"tag-eu","10":"tag-europe","11":"tag-fr","12":"tag-france","13":"tag-mma","14":"tag-news","15":"tag-paris","16":"tag-republique-francaise","17":"tag-sports"},"share_on_mastodon":{"url":"https:\/\/pubeurope.com\/@fr\/114790564428724999","error":""},"_links":{"self":[{"href":"https:\/\/www.europesays.com\/fr\/wp-json\/wp\/v2\/posts\/223669","targetHints":{"allow":["GET"]}}],"collection":[{"href":"https:\/\/www.europesays.com\/fr\/wp-json\/wp\/v2\/posts"}],"about":[{"href":"https:\/\/www.europesays.com\/fr\/wp-json\/wp\/v2\/types\/post"}],"author":[{"embeddable":true,"href":"https:\/\/www.europesays.com\/fr\/wp-json\/wp\/v2\/users\/2"}],"replies":[{"embeddable":true,"href":"https:\/\/www.europesays.com\/fr\/wp-json\/wp\/v2\/comments?post=223669"}],"version-history":[{"count":0,"href":"https:\/\/www.europesays.com\/fr\/wp-json\/wp\/v2\/posts\/223669\/revisions"}],"wp:featuredmedia":[{"embeddable":true,"href":"https:\/\/www.europesays.com\/fr\/wp-json\/wp\/v2\/media\/223670"}],"wp:attachment":[{"href":"https:\/\/www.europesays.com\/fr\/wp-json\/wp\/v2\/media?parent=223669"}],"wp:term":[{"taxonomy":"category","embeddable":true,"href":"https:\/\/www.europesays.com\/fr\/wp-json\/wp\/v2\/categories?post=223669"},{"taxonomy":"post_tag","embeddable":true,"href":"https:\/\/www.europesays.com\/fr\/wp-json\/wp\/v2\/tags?post=223669"}],"curies":[{"name":"wp","href":"https:\/\/api.w.org\/{rel}","templated":true}]}}