{"id":223677,"date":"2025-07-03T17:52:10","date_gmt":"2025-07-03T17:52:10","guid":{"rendered":"https:\/\/www.europesays.com\/fr\/223677\/"},"modified":"2025-07-03T17:52:10","modified_gmt":"2025-07-03T17:52:10","slug":"il-nen-a-rien-a-faire-des-gens-et-nest-la-que-pour-son-propre-profit-liberation","status":"publish","type":"post","link":"https:\/\/www.europesays.com\/fr\/223677\/","title":{"rendered":"\u00abIl n\u2019en a rien \u00e0 faire des gens et n\u2019est l\u00e0 que pour son propre profit\u00bb \u2013 Lib\u00e9ration"},"content":{"rendered":"<p class=\"sc-ksZaOG ehjQrN text-element\">Ici, on l\u2019appelle \u00abNigel\u00bb. Pas \u00abNigel Farage\u00bb, \u00abMonsieur Farage\u00bb, ni m\u00eame \u00abFarage\u00bb tout court. Juste \u00abNigel\u00bb, comme <a href=\"https:\/\/www.liberation.fr\/international\/europe\/boris-johnson-se-dechaine-dans-ses-memoires-20241002_23KKQO4BBZGYPEKIFCUOXDBTBQ\/?redirected=1\" target=\"_blank\" rel=\"noreferrer nofollow noopener\" title=\"https:\/\/www.liberation.fr\/international\/europe\/boris-johnson-se-dechaine-dans-ses-memoires-20241002_23KKQO4BBZGYPEKIFCUOXDBTBQ\/?redirected=1\">un certain \u00abBoris\u00bb avant lui<\/a>, cet autre visage de la campagne pour le Brexit, dont il a combl\u00e9 le vide, au rayon populiste de la sc\u00e8ne politique britannique. Et ici, c\u2019est <a href=\"https:\/\/www.liberation.fr\/societe\/2015\/05\/06\/clacton-on-sea-l-amer-pour-seul-horizon_1294847\/\" target=\"_blank\" rel=\"nofollow noopener\" title=\"https:\/\/www.liberation.fr\/societe\/2015\/05\/06\/clacton-on-sea-l-amer-pour-seul-horizon_1294847\/\">Clacton-on-Sea<\/a>, une cit\u00e9 baln\u00e9aire vieillissante et appauvrie, au bout de la ligne ferroviaire. Une heure et vingt-six minutes de train depuis la gare de Liverpool Street \u00e0 Londres mais un pays complet de distance entre les deux.<\/p>\n<p class=\"sc-ksZaOG ehjQrN text-element\">Le 4 juillet 2024, lors des derni\u00e8res \u00e9lections l\u00e9gislatives, la circonscription de Clacton permettait \u00e0 Nigel Farage de faire son entr\u00e9e \u00e0 la Chambre des communes <a href=\"https:\/\/www.liberation.fr\/international\/europe\/nigel-farage-candidat-aux-legislatives-britanniques-le-huitieme-retour-gagnant-cette-fois-20240603_JMLNHSZUFNFC7JHUTDPQ3FNA6I\/?redirected=1\" target=\"_blank\" rel=\"nofollow noopener\" title=\"https:\/\/www.li&lt;\/p&gt;&lt;\/div&gt;&lt;\/article&gt;&lt;\/div&gt;&lt;div data-fusion-lazy-id=\" f0f8vgvlad832fw=\"\"><\/p>\n","protected":false},"excerpt":{"rendered":"Ici, on l\u2019appelle \u00abNigel\u00bb. Pas \u00abNigel Farage\u00bb, \u00abMonsieur Farage\u00bb, ni m\u00eame \u00abFarage\u00bb tout court. Juste \u00abNigel\u00bb, comme un&hellip;\n","protected":false},"author":2,"featured_media":223678,"comment_status":"","ping_status":"","sticky":false,"template":"","format":"standard","meta":{"footnotes":""},"categories":[1588],"tags":[11,1353,1777,674,12,473,1853,1851,1850,1852],"class_list":{"0":"post-223677","1":"post","2":"type-post","3":"status-publish","4":"format-standard","5":"has-post-thumbnail","7":"category-royaume-uni","8":"tag-actualites","9":"tag-brexit","10":"tag-eu","11":"tag-europe","12":"tag-news","13":"tag-royaume-uni","14":"tag-royaume-uni-de-grande-bretagne-et-dirlande-du-nord","15":"tag-uk","16":"tag-united-kingdom","17":"tag-united-kingdom-of-great-britain-and-northern-ireland"},"share_on_mastodon":{"url":"https:\/\/pubeurope.com\/@fr\/114790579780931474","error":""},"_links":{"self":[{"href":"https:\/\/www.europesays.com\/fr\/wp-json\/wp\/v2\/posts\/223677","targetHints":{"allow":["GET"]}}],"collection":[{"href":"https:\/\/www.europesays.com\/fr\/wp-json\/wp\/v2\/posts"}],"about":[{"href":"https:\/\/www.europesays.com\/fr\/wp-json\/wp\/v2\/types\/post"}],"author":[{"embeddable":true,"href":"https:\/\/www.europesays.com\/fr\/wp-json\/wp\/v2\/users\/2"}],"replies":[{"embeddable":true,"href":"https:\/\/www.europesays.com\/fr\/wp-json\/wp\/v2\/comments?post=223677"}],"version-history":[{"count":0,"href":"https:\/\/www.europesays.com\/fr\/wp-json\/wp\/v2\/posts\/223677\/revisions"}],"wp:featuredmedia":[{"embeddable":true,"href":"https:\/\/www.europesays.com\/fr\/wp-json\/wp\/v2\/media\/223678"}],"wp:attachment":[{"href":"https:\/\/www.europesays.com\/fr\/wp-json\/wp\/v2\/media?parent=223677"}],"wp:term":[{"taxonomy":"category","embeddable":true,"href":"https:\/\/www.europesays.com\/fr\/wp-json\/wp\/v2\/categories?post=223677"},{"taxonomy":"post_tag","embeddable":true,"href":"https:\/\/www.europesays.com\/fr\/wp-json\/wp\/v2\/tags?post=223677"}],"curies":[{"name":"wp","href":"https:\/\/api.w.org\/{rel}","templated":true}]}}