{"id":223679,"date":"2025-07-03T17:53:09","date_gmt":"2025-07-03T17:53:09","guid":{"rendered":"https:\/\/www.europesays.com\/fr\/223679\/"},"modified":"2025-07-03T17:53:09","modified_gmt":"2025-07-03T17:53:09","slug":"un-homme-attaque-et-blesse-quatre-passagers-dun-train","status":"publish","type":"post","link":"https:\/\/www.europesays.com\/fr\/223679\/","title":{"rendered":"un homme attaque et blesse quatre passagers d&rsquo;un train"},"content":{"rendered":"<p>Un homme a attaqu\u00e9 jeudi quatre passagers d&rsquo;un train circulant entre Hambourg et Vienne, les blessant l\u00e9g\u00e8rement avant d&rsquo;\u00eatre arr\u00eat\u00e9, a indiqu\u00e9 la police allemande, les armes utilis\u00e9es \u00e9tant une hache et un marteau selon le quotidien Bild.<\/p>\n<p>\u00ab\u00a0Vers 13h55, un homme a bless\u00e9 plusieurs personnes dans un ICE (InterCity-Express) en direction de Vienne\u00a0\u00bb alors que le train circulait en Bavi\u00e8re (sud-est), a indiqu\u00e9 la police locale dans un communiqu\u00e9.<\/p>\n<p>\u00ab\u00a0Quatre personnes ont \u00e9t\u00e9 l\u00e9g\u00e8rement bless\u00e9es\u00a0\u00bb et \u00ab\u00a0le suspect a \u00e9t\u00e9 arr\u00eat\u00e9 par les forces de police\u00a0\u00bb, indique encore la police qui ne pr\u00e9cise par la nature de l&rsquo;arme.<\/p>\n<p>Selon Bild, l&rsquo;auteur pr\u00e9sum\u00e9, arm\u00e9 d&rsquo;une hache et d&rsquo;un marteau, a \u00e9t\u00e9 encercl\u00e9 par des passagers et gravement bless\u00e9 par l&rsquo;un d&rsquo;entre eux qui l&rsquo;a d\u00e9sarm\u00e9 et retourn\u00e9 l&rsquo;une des armes contre lui.<\/p>\n<p>Le suspect est \u00ab\u00a0un homme de 20 ans originaire de Syrie\u00a0\u00bb, a indiqu\u00e9 au m\u00e9dia Bayerischer Rundfunk G\u00fcnther Tomaschko, porte-parole de la police, qui n&rsquo;a pas souhait\u00e9 s&rsquo;exprimer \u00ab\u00a0\u00e0 ce stade\u00a0\u00bb sur un motif pr\u00e9sum\u00e9.<\/p>\n<p>La voie ferr\u00e9e emprunt\u00e9e par le train a \u00e9t\u00e9 boucl\u00e9e, d\u00e9taille la police qui s&rsquo;est d\u00e9ploy\u00e9e sur place avec les pompiers, les secours et les services d&rsquo;urgence de la Deutsche Bahn (DB).<\/p>\n<p>\u00ab\u00a0Les autorit\u00e9s enqu\u00eatent actuellement sur les circonstances de l&rsquo;incident\u00a0\u00bb, pr\u00e9cise la compagnie ferroviaire publique Deutsche Bahn (DB) dans un communiqu\u00e9.<\/p>\n<p>L&rsquo;Allemagne a connu ces derniers mois plusieurs attaques meurtri\u00e8res \u00e0 l&rsquo;arme blanche, ainsi que des attentats \u00e0 motif jihadiste et des violences d&rsquo;extr\u00eame droite qui ont mis au premier plan les questions de s\u00e9curit\u00e9.<\/p>\n<p>pyv\/smk\/sia<\/p>\n<p>INTERCONTINENTALEXCHANGE GROUP<\/p>\n","protected":false},"excerpt":{"rendered":"Un homme a attaqu\u00e9 jeudi quatre passagers d&rsquo;un train circulant entre Hambourg et Vienne, les blessant l\u00e9g\u00e8rement avant&hellip;\n","protected":false},"author":2,"featured_media":7101,"comment_status":"","ping_status":"","sticky":false,"template":"","format":"standard","meta":{"footnotes":""},"categories":[1587],"tags":[11,672,1804,1805,1803,1777,674,1801,12,1802],"class_list":{"0":"post-223679","1":"post","2":"type-post","3":"status-publish","4":"format-standard","5":"has-post-thumbnail","7":"category-allemagne","8":"tag-actualites","9":"tag-allemagne","10":"tag-bundesrepublik-deutschland","11":"tag-de","12":"tag-deutschland","13":"tag-eu","14":"tag-europe","15":"tag-germany","16":"tag-news","17":"tag-republique-federale-dallemagne"},"share_on_mastodon":{"url":"https:\/\/pubeurope.com\/@fr\/114790583815840049","error":""},"_links":{"self":[{"href":"https:\/\/www.europesays.com\/fr\/wp-json\/wp\/v2\/posts\/223679","targetHints":{"allow":["GET"]}}],"collection":[{"href":"https:\/\/www.europesays.com\/fr\/wp-json\/wp\/v2\/posts"}],"about":[{"href":"https:\/\/www.europesays.com\/fr\/wp-json\/wp\/v2\/types\/post"}],"author":[{"embeddable":true,"href":"https:\/\/www.europesays.com\/fr\/wp-json\/wp\/v2\/users\/2"}],"replies":[{"embeddable":true,"href":"https:\/\/www.europesays.com\/fr\/wp-json\/wp\/v2\/comments?post=223679"}],"version-history":[{"count":0,"href":"https:\/\/www.europesays.com\/fr\/wp-json\/wp\/v2\/posts\/223679\/revisions"}],"wp:featuredmedia":[{"embeddable":true,"href":"https:\/\/www.europesays.com\/fr\/wp-json\/wp\/v2\/media\/7101"}],"wp:attachment":[{"href":"https:\/\/www.europesays.com\/fr\/wp-json\/wp\/v2\/media?parent=223679"}],"wp:term":[{"taxonomy":"category","embeddable":true,"href":"https:\/\/www.europesays.com\/fr\/wp-json\/wp\/v2\/categories?post=223679"},{"taxonomy":"post_tag","embeddable":true,"href":"https:\/\/www.europesays.com\/fr\/wp-json\/wp\/v2\/tags?post=223679"}],"curies":[{"name":"wp","href":"https:\/\/api.w.org\/{rel}","templated":true}]}}