{"id":223690,"date":"2025-07-03T18:01:09","date_gmt":"2025-07-03T18:01:09","guid":{"rendered":"https:\/\/www.europesays.com\/fr\/223690\/"},"modified":"2025-07-03T18:01:09","modified_gmt":"2025-07-03T18:01:09","slug":"test-daptitudes-decouvrez-votre-nouveau-numero-du-midi-olympique","status":"publish","type":"post","link":"https:\/\/www.europesays.com\/fr\/223690\/","title":{"rendered":"\u00ab\u00a0Test d&rsquo;aptitudes\u00a0\u00bb : d\u00e9couvrez votre nouveau num\u00e9ro du Midi Olympique"},"content":{"rendered":"<p>\n                La tourn\u00e9e du XV de France en Nouvelle-Z\u00e9lande est \u00e9videmment au centre du Midi Olympique de ce vendredi. Disponible d\u00e8s ce vendredi dans sa version num\u00e9rique, le Midol revient aussi sur la finale de Top 14 avec deux grand entretiens : un d&rsquo;Ugo Mola et un autre de Maxime Lucu.\n            <\/p>\n<p>Il y a trois grands entretiens exclusifs \u00e0 retrouver ce vendredi dans le Midi Olympique. Le premier, c&rsquo;est celui d&rsquo;Ugo Mola. Le manager\u00a0du Stade toulousain revient en longueur sur la saison des siens, conclue par un titre face \u00e0 l&rsquo;UBB le week-end dernier. En parlant des Bordelo-B\u00e9glais, le capitaine Maxime Lucu s&rsquo;est lui aussi livr\u00e9 en longueur dans nos colonnes.<\/p>\n<p>Vient ensuite la s\u00e9quence sur\u00a0la tourn\u00e9e du XV de France en Nouvelle-Z\u00e9lande. A lire, les reportages\u00a0de nos envoy\u00e9s sp\u00e9ciaux, l&rsquo;analyse autour de la composition des Bleus et une grande interview de Scott Robertson, le s\u00e9lectionneur n\u00e9o-z\u00e9landais.<\/p>\n<blockquote data-class=\"twitter-tweet\">\n<p lang=\"fr\" dir=\"ltr\">Encore un peu de Top 14, et le XV de France, en Une de Midi Olympique ce vendredi 4 juillet 2025.<\/p>\n<p>Le journal est disponible en num\u00e9rique d\u00e8s maintenant, et demain matin dans vos kiosques \\ud83d\\udcf0 <a href=\"https:\/\/t.co\/D6a7mdrFIu\" rel=\"nofollow\">pic.twitter.com\/D6a7mdrFIu<\/a><\/p>\n<p>\u2014 RUGBYRAMA (@RugbyramaFR) <a href=\"https:\/\/twitter.com\/RugbyramaFR\/status\/1940792601545707797?ref_src=twsrc%5Etfw\" rel=\"nofollow noopener\" target=\"_blank\">July 3, 2025<\/a><\/p><\/blockquote>\n<p>Retrouvez enfin des informations sur la reprise des entra\u00eenements en Pro D2, sur les autres rencontres internationales, ainsi que les derni\u00e8res nouvelles sur le march\u00e9 des transferts.<\/p>\n<p>                    <script async src=\"https:\/\/platform.twitter.com\/widgets.js\" charset=\"utf-8\"><\/script><\/p>\n","protected":false},"excerpt":{"rendered":"La tourn\u00e9e du XV de France en Nouvelle-Z\u00e9lande est \u00e9videmment au centre du Midi Olympique de ce vendredi.&hellip;\n","protected":false},"author":2,"featured_media":223691,"comment_status":"","ping_status":"","sticky":false,"template":"","format":"standard","meta":{"footnotes":""},"categories":[1416],"tags":[1011,27,479,1468,60],"class_list":{"0":"post-223690","1":"post","2":"type-post","3":"status-publish","4":"format-standard","5":"has-post-thumbnail","7":"category-rugby","8":"tag-fr","9":"tag-france","10":"tag-rugby","11":"tag-rugby-football","12":"tag-sports"},"share_on_mastodon":{"url":"https:\/\/pubeurope.com\/@fr\/114790615264877998","error":""},"_links":{"self":[{"href":"https:\/\/www.europesays.com\/fr\/wp-json\/wp\/v2\/posts\/223690","targetHints":{"allow":["GET"]}}],"collection":[{"href":"https:\/\/www.europesays.com\/fr\/wp-json\/wp\/v2\/posts"}],"about":[{"href":"https:\/\/www.europesays.com\/fr\/wp-json\/wp\/v2\/types\/post"}],"author":[{"embeddable":true,"href":"https:\/\/www.europesays.com\/fr\/wp-json\/wp\/v2\/users\/2"}],"replies":[{"embeddable":true,"href":"https:\/\/www.europesays.com\/fr\/wp-json\/wp\/v2\/comments?post=223690"}],"version-history":[{"count":0,"href":"https:\/\/www.europesays.com\/fr\/wp-json\/wp\/v2\/posts\/223690\/revisions"}],"wp:featuredmedia":[{"embeddable":true,"href":"https:\/\/www.europesays.com\/fr\/wp-json\/wp\/v2\/media\/223691"}],"wp:attachment":[{"href":"https:\/\/www.europesays.com\/fr\/wp-json\/wp\/v2\/media?parent=223690"}],"wp:term":[{"taxonomy":"category","embeddable":true,"href":"https:\/\/www.europesays.com\/fr\/wp-json\/wp\/v2\/categories?post=223690"},{"taxonomy":"post_tag","embeddable":true,"href":"https:\/\/www.europesays.com\/fr\/wp-json\/wp\/v2\/tags?post=223690"}],"curies":[{"name":"wp","href":"https:\/\/api.w.org\/{rel}","templated":true}]}}