{"id":223694,"date":"2025-07-03T18:03:33","date_gmt":"2025-07-03T18:03:33","guid":{"rendered":"https:\/\/www.europesays.com\/fr\/223694\/"},"modified":"2025-07-03T18:03:33","modified_gmt":"2025-07-03T18:03:33","slug":"basket-3-x-3-les-francaises-en-demi-finales-de-la-coupe-deurope-les-hommes-sortis-en-quarts","status":"publish","type":"post","link":"https:\/\/www.europesays.com\/fr\/223694\/","title":{"rendered":"Basket 3\u00a0x\u00a03\u00a0: les Fran\u00e7aises en demi-finales de la Coupe d\u2019Europe, les hommes sortis en quarts"},"content":{"rendered":"<p class=\"paragraph text_align_left lp-f-body-02\">Un bilan contrast\u00e9 pour l\u2019\u00e9quipe de France <a href=\"https:\/\/www.leparisien.fr\/jo-paris-2024\/basketball\/on-na-pas-envie-de-repartir-de-zero-sensation-des-jo-le-basket-3x3-francais-veut-changer-de-dimension-20-08-2024-DXWJUX7ZYNBGTAE3DBREGYJZIE.php\" target=\"_blank\" rel=\"noopener\">de basket 3\u00a0x\u00a03. <\/a>Ce samedi, en quarts de finale de la Coupe d\u2019Europe, les Bleues ont domin\u00e9 l\u2019Autriche, pays h\u00f4te, gr\u00e2ce \u00e0 un succ\u00e8s acquis sur le score de 21 \u00e0 14. Elles d\u00e9fieront les Pays-Bas, ce dimanche en demi-finales (12\u00a0heures). Avec une composition in\u00e9dite (Marie-\u00c8ve Paget, No\u00e9mie Brochant, Camille Droguet et Marie-Michelle Milapie) dans laquelle seule Marie-\u00c8ve Paget a particip\u00e9 \u00e0 la d\u00e9ception des Bleues lors des <a href=\"https:\/\/www.leparisien.fr\/jo-paris-2024\/\" target=\"_blank\" rel=\"noopener\">JO de Paris 2024 <\/a>(\u00e9limin\u00e9es en phase de poules), la France a cette fois montr\u00e9 un bien meilleur visage.<\/p>\n<p>Les hommes \u00e9limin\u00e9s par la Lituanie<\/p>\n<p class=\"paragraph text_align_left lp-f-body-02\">La route des hommes, elles, s\u2019est arr\u00eat\u00e9e d\u00e8s les quarts de finale. La Lituanie (m\u00e9daill\u00e9e de bronze aux JO) s\u2019est impos\u00e9e 21-16 face \u00e0 la France, port\u00e9e par un Janusevicius qui a fait tr\u00e8s mal aux Tricolores. Les deux \u00e9quipes se sont affront\u00e9es plusieurs fois ces derniers mois. Battue en demies lors du deuxi\u00e8me TQO, la France avait pris sa revanche pour un petit point lors de la phase de poules des JO, comp\u00e9tition qu\u2019ils avaient termin\u00e9e <a href=\"https:\/\/www.leparisien.fr\/jo-paris-2024\/basketball\/jo-paris-2024-basket-3x3-medaille-dargent-pour-les-bleus-battus-en-prolongation-par-les-pays-bas-05-08-2024-X7HKDTKYAJATJFN7NBIOML7TJA.php\" target=\"_blank\" rel=\"noopener\">avec une superbe m\u00e9daille d\u2019argent.<\/a><\/p>\n<p class=\"paragraph text_align_left lp-f-body-02\">Encore inconnu du grand public avant les Jeux, <a href=\"https:\/\/www.leparisien.fr\/jo-paris-2024\/basketball\/on-na-pas-envie-de-repartir-de-zero-sensation-des-jo-le-basket-3x3-francais-veut-changer-de-dimension-20-08-2024-DXWJUX7ZYNBGTAE3DBREGYJZIE.php\" target=\"_blank\" rel=\"noopener\">le basket 3\u00a0x\u00a03 a su conqu\u00e9rir son public. <\/a>En 2022, la F\u00e9d\u00e9ration fran\u00e7aise de basketball (FFBB) a investi pas moins d\u2019un million d\u2019euros dans la premi\u00e8re \u00e9quipe fran\u00e7aise professionnelle de la discipline, le Paris 3\u00a0x\u00a03. Apr\u00e8s la fin de saison, en novembre, le club n\u2019existera plus. Depuis plus d\u2019un an, Franck Seguela \u0153uvre \u00e0 la cr\u00e9ation d\u2019une \u00e9quipe professionnelle \u00e0 Toulouse et pourrait \u00eatre \u00e0 l\u2019origine d\u2019un nouveau projet.<\/p>\n","protected":false},"excerpt":{"rendered":"Un bilan contrast\u00e9 pour l\u2019\u00e9quipe de France de basket 3\u00a0x\u00a03. Ce samedi, en quarts de finale de la&hellip;\n","protected":false},"author":2,"featured_media":223695,"comment_status":"","ping_status":"","sticky":false,"template":"","format":"standard","meta":{"footnotes":""},"categories":[1414],"tags":[1465,1464,1011,27,60],"class_list":{"0":"post-223694","1":"post","2":"type-post","3":"status-publish","4":"format-standard","5":"has-post-thumbnail","7":"category-basket","8":"tag-basket","9":"tag-basketball","10":"tag-fr","11":"tag-france","12":"tag-sports"},"share_on_mastodon":{"url":"https:\/\/pubeurope.com\/@fr\/114790623007714717","error":""},"_links":{"self":[{"href":"https:\/\/www.europesays.com\/fr\/wp-json\/wp\/v2\/posts\/223694","targetHints":{"allow":["GET"]}}],"collection":[{"href":"https:\/\/www.europesays.com\/fr\/wp-json\/wp\/v2\/posts"}],"about":[{"href":"https:\/\/www.europesays.com\/fr\/wp-json\/wp\/v2\/types\/post"}],"author":[{"embeddable":true,"href":"https:\/\/www.europesays.com\/fr\/wp-json\/wp\/v2\/users\/2"}],"replies":[{"embeddable":true,"href":"https:\/\/www.europesays.com\/fr\/wp-json\/wp\/v2\/comments?post=223694"}],"version-history":[{"count":0,"href":"https:\/\/www.europesays.com\/fr\/wp-json\/wp\/v2\/posts\/223694\/revisions"}],"wp:featuredmedia":[{"embeddable":true,"href":"https:\/\/www.europesays.com\/fr\/wp-json\/wp\/v2\/media\/223695"}],"wp:attachment":[{"href":"https:\/\/www.europesays.com\/fr\/wp-json\/wp\/v2\/media?parent=223694"}],"wp:term":[{"taxonomy":"category","embeddable":true,"href":"https:\/\/www.europesays.com\/fr\/wp-json\/wp\/v2\/categories?post=223694"},{"taxonomy":"post_tag","embeddable":true,"href":"https:\/\/www.europesays.com\/fr\/wp-json\/wp\/v2\/tags?post=223694"}],"curies":[{"name":"wp","href":"https:\/\/api.w.org\/{rel}","templated":true}]}}