{"id":223698,"date":"2025-07-03T18:05:16","date_gmt":"2025-07-03T18:05:16","guid":{"rendered":"https:\/\/www.europesays.com\/fr\/223698\/"},"modified":"2025-07-03T18:05:16","modified_gmt":"2025-07-03T18:05:16","slug":"jorge-martin-a-effectue-un-test-avec-aprilia","status":"publish","type":"post","link":"https:\/\/www.europesays.com\/fr\/223698\/","title":{"rendered":"Jorge Mart\u00edn a effectu\u00e9 un test avec Aprilia"},"content":{"rendered":"<p>Le retour en piste de <a href=\"https:\/\/fr.motorsport.com\/driver\/jorge-martin\/109391\/\" target=\"_blank\" rel=\"noopener\">Jorge Mart\u00edn<\/a> se faisait sentir et il a bel et bien eu lieu ce jeudi, en Espagne. Le pilote Aprilia a lui-m\u00eame post\u00e9 deux photos pour annoncer ce qui est un \u00e9v\u00e9nement pour lui apr\u00e8s pratiquement trois mois de convalescence.<\/p>\n<p>Bien qu&rsquo;il ait d\u00e9j\u00e0 un peu roul\u00e9 \u00e0 Misano il y a un mois dans le cadre de l&rsquo;\u00e9v\u00e9nement <a href=\"https:\/\/fr.motorsport.com\/motogp\/galleries\/photos-motogp-aprilia-all-stars-2025\/8334\/\" target=\"_self\" rel=\"noopener\">Aprilia All Stars<\/a>, il a lui-m\u00eame communiqu\u00e9 autour du fait qu&rsquo;il est cette fois \u00ab\u00a0de retour sur une moto\u00a0\u00bb. Un\u00a0retour qui a pris la forme d&rsquo;un test priv\u00e9, organis\u00e9\u00a0<a href=\"https:\/\/fr.motorsport.com\/motogp\/news\/martin-autorise-test-pas-disputer-course\/10738023\/\" target=\"_self\" rel=\"noopener\">\u00e0 la suite d&rsquo;examens concluants pass\u00e9s lundi<\/a> et de l&rsquo;aval donn\u00e9 par le Dr \u00c1ngel Charte, m\u00e9decin officiel du MotoGP, lequel s&rsquo;\u00e9tait toutefois prononc\u00e9 contre un retour en comp\u00e9tition d\u00e8s la semaine prochaine en Allemagne.<\/p>\n<p>Il s&rsquo;agissait donc d&rsquo;une premi\u00e8re \u00e9tape, et le pilote disposait pour cela d&rsquo;une Aprilia RSV4, et non de la RS-GP qu&rsquo;engage Aprilia en MotoGP. Le circuit choisi a \u00e9t\u00e9 celui de Barcelone. D&rsquo;apr\u00e8s les informations de <strong>Motorsport.com<\/strong>, Jorge Mart\u00edn y a roul\u00e9 de 12h \u00e0 18h ce jeudi, sous un soleil de plomb et par plus de 40\u00b0C.<\/p>\n<p>\u00a0<\/p>\n<p>Accident\u00e9 \u00e0 deux reprises au mois de f\u00e9vrier pendant les essais hivernaux puis son entra\u00eenement personnel, Jorge Mart\u00edn n&rsquo;a pu disputer que le GP du Qatar \u00e0 ce stade du championnat. Il s&rsquo;y \u00e9tait \u00e0 nouveau bless\u00e9, tr\u00e8s lourdement cette fois, souffrant notamment d&rsquo;un h\u00e9mopneumothorax et de multiples fractures de c\u00f4tes.<\/p>\n<p>De r\u00e9cents examens de contr\u00f4le ont montr\u00e9 que le champion du monde en titre se remettait globalement bien de ses diff\u00e9rentes l\u00e9sions, avec un b\u00e9mol\u00a0:\u00a0<a href=\"https:\/\/fr.motorsport.com\/motogp\/news\/jorge-martin-blessures-importants-soins\/10729228\/\" target=\"_self\" rel=\"noopener\">sa fracture du scapho\u00efde gauche<\/a>, qui remonte \u00e0 l&rsquo;accident de supermotard de fin f\u00e9vrier, est celle qui a le plus demand\u00e9 de prolonger les soins.<\/p>\n<p>Cela n&rsquo;a toutefois pas emp\u00each\u00e9 Mart\u00edn de reprendre un entra\u00eenement intensif, notamment \u00e0 grand renfort de sorties \u00e0 v\u00e9lo, et on le sent impatient de faire son retour en course avant la pause estivale. Maintenant que sa participation au GP d&rsquo;Allemagne a \u00e9t\u00e9 \u00e9cart\u00e9e par les m\u00e9decins, il ne lui reste plus qu&rsquo;une option pour y parvenir, et c&rsquo;est le GP de R\u00e9publique tch\u00e8que qui aura lieu dans deux semaines.<\/p>\n<p>Lire aussi :<\/p>\n<p>En attendant, le test de ce jeudi sur la RSV4 s&rsquo;est bien pass\u00e9. Toujours selon nos informations, il a r\u00e9alis\u00e9 68 tours de piste avec une moto de 220 chevaux, atteignant pratiquement 280 km\/h. Jorge Mart\u00edn a t\u00e9moign\u00e9 de bonnes sensations, et bien que cette journ\u00e9e ait confirm\u00e9 que sa condition physique doit encore s&rsquo;am\u00e9liorer, les conclusions en sont positives.<\/p>\n<p>L&rsquo;Espagnol doit poursuivre demain ce roulage avec la RSV4. Mais c&rsquo;est la semaine prochaine qu&rsquo;il devrait passer un cap d\u00e9cisif. Une r\u00e9cente <a href=\"https:\/\/fr.motorsport.com\/motogp\/news\/reglement-motogp-valide-test-retour-pilotes-blesses\/10720141\/\" target=\"_self\" rel=\"noopener\">modification du r\u00e8glement<\/a> l&rsquo;autorise en effet \u00e0 piloter une MotoGP lors d&rsquo;un test avant d&rsquo;acter son retour \u00e0 la comp\u00e9tition. Aprilia souhaite attendre un autre examen pr\u00e9vu lundi prochain pour organiser ce qui sera la v\u00e9ritable \u00e9valuation de sa condition physique afin d&rsquo;acter son inscription sur un prochain Grand Prix, tr\u00e8s probablement celui qui aura lieu \u00e0 Brno du 18 au 20 juillet.<\/p>\n<p style=\"text-align: right;\">Avec\u00a0Germ\u00e1n Garcia Casanova<\/p>\n<p>Dans cet article<\/p>\n<p>    L\u00e9na Buffa\n<\/p>\n<p>    MotoGP\n<\/p>\n<p>    Jorge Mart\u00edn\n<\/p>\n<p>    Aprilia Racing Team\n<\/p>\n<p>Soyez le premier inform\u00e9 et souscrivez aux alertes mails pour recevoir les infos en temps r\u00e9el<\/p>\n<p>    S&rsquo;abonner aux alertes de news<\/p>\n","protected":false},"excerpt":{"rendered":"Le retour en piste de Jorge Mart\u00edn se faisait sentir et il a bel et bien eu lieu&hellip;\n","protected":false},"author":2,"featured_media":223699,"comment_status":"","ping_status":"","sticky":false,"template":"","format":"standard","meta":{"footnotes":""},"categories":[1412],"tags":[3563,1451,1452,1453,1454,1455,1011,27,3564,1458,60],"class_list":{"0":"post-223698","1":"post","2":"type-post","3":"status-publish","4":"format-standard","5":"has-post-thumbnail","7":"category-f1","8":"tag-aprilia-racing-team","9":"tag-f1","10":"tag-formula-1","11":"tag-formula1","12":"tag-formule-1","13":"tag-formule1","14":"tag-fr","15":"tag-france","16":"tag-jorge-martu00edn","17":"tag-motogp","18":"tag-sports"},"share_on_mastodon":{"url":"https:\/\/pubeurope.com\/@fr\/114790630896859598","error":""},"_links":{"self":[{"href":"https:\/\/www.europesays.com\/fr\/wp-json\/wp\/v2\/posts\/223698","targetHints":{"allow":["GET"]}}],"collection":[{"href":"https:\/\/www.europesays.com\/fr\/wp-json\/wp\/v2\/posts"}],"about":[{"href":"https:\/\/www.europesays.com\/fr\/wp-json\/wp\/v2\/types\/post"}],"author":[{"embeddable":true,"href":"https:\/\/www.europesays.com\/fr\/wp-json\/wp\/v2\/users\/2"}],"replies":[{"embeddable":true,"href":"https:\/\/www.europesays.com\/fr\/wp-json\/wp\/v2\/comments?post=223698"}],"version-history":[{"count":0,"href":"https:\/\/www.europesays.com\/fr\/wp-json\/wp\/v2\/posts\/223698\/revisions"}],"wp:featuredmedia":[{"embeddable":true,"href":"https:\/\/www.europesays.com\/fr\/wp-json\/wp\/v2\/media\/223699"}],"wp:attachment":[{"href":"https:\/\/www.europesays.com\/fr\/wp-json\/wp\/v2\/media?parent=223698"}],"wp:term":[{"taxonomy":"category","embeddable":true,"href":"https:\/\/www.europesays.com\/fr\/wp-json\/wp\/v2\/categories?post=223698"},{"taxonomy":"post_tag","embeddable":true,"href":"https:\/\/www.europesays.com\/fr\/wp-json\/wp\/v2\/tags?post=223698"}],"curies":[{"name":"wp","href":"https:\/\/api.w.org\/{rel}","templated":true}]}}