{"id":223704,"date":"2025-07-03T18:08:10","date_gmt":"2025-07-03T18:08:10","guid":{"rendered":"https:\/\/www.europesays.com\/fr\/223704\/"},"modified":"2025-07-03T18:08:10","modified_gmt":"2025-07-03T18:08:10","slug":"mariage-de-jeff-bezos-et-lauren-sanchez-coup-de-massue-pour-le-couple-quelques-jours-a-peine-apres-la-noce-grandiose","status":"publish","type":"post","link":"https:\/\/www.europesays.com\/fr\/223704\/","title":{"rendered":"Mariage de Jeff Bezos et Lauren S\u00e1nchez : coup de massue pour le couple quelques jours \u00e0 peine apr\u00e8s la noce grandiose"},"content":{"rendered":"<p class=\"p1\">L\u2019\u00e9v\u00e9nement a \u00e9t\u00e9 d\u00e9crit comme le \u201cmariage du<br \/>\nsi\u00e8cle\u201d. Vendredi 27 juin, <a href=\"https:\/\/www.closermag.fr\/people\/cinq-hotels-requisitionnes-200-invites-quai-amenage-megayacht-venise-attend-le-mariage-du-siecle-et-ca-fait-jaser-3555371\" rel=\"nofollow noopener\" target=\"_blank\"><br \/>\nJeff Bezos et Lauren S\u00e1nchez<\/a> se sont mari\u00e9s \u00e0 Venise. Pour<br \/>\nl\u2019occasion, le couple a convi\u00e9 <strong>plus de 200 invit\u00e9s<br \/>\nVIP<\/strong> dont des amis proches, des stars internationales et<br \/>\ndes milliardaires.<\/p>\n<p class=\"p1\">Durant trois jours, Jeff Bezos et Lauren S\u00e1nchez ont<br \/>\nc\u00e9l\u00e9br\u00e9 leur union dans la Cit\u00e9 des Doges. Pour \u00e9viter toute<br \/>\nperturbation, le couple a fait appel \u00e0 <strong>une s\u00e9curit\u00e9<br \/>\naccrue<\/strong>. D\u00e8s leur arriv\u00e9e, ils ont d\u2019ailleurs \u00e9t\u00e9 escort\u00e9s<br \/>\npar des agents de s\u00e9curit\u00e9. Une mesure qui n\u2019a cependant pas suffi<br \/>\npuisque <strong>la mari\u00e9e s\u2019est fait voler<\/strong>.<\/p>\n<p>Une robe de Lauren S\u00e1nchez a \u00e9t\u00e9 vol\u00e9e durant le<br \/>\nmariage<\/p>\n<p class=\"p1\">Pour son mariage \u00e0 Venise, Lauren S\u00e1nchez a vu les<br \/>\nchoses en grand. Le jour de la c\u00e9r\u00e9monie, elle est ainsi apparue<br \/>\ndans pas moins de trois robes, dont une incroyable <strong>robe<br \/>\nsir\u00e8ne sign\u00e9e Dolce &amp; Gabbana<\/strong>. La femme de Jeff Bezos ne<br \/>\ns\u2019est cependant pas arr\u00eat\u00e9e l\u00e0 puisqu\u2019elle avait pr\u00e9vu <a href=\"https:\/\/www.closermag.fr\/people\/mariage-de-jeff-bezos-et-lauren-sanchez-elle-sort-une-nouvelle-robe-et-ca-nous-fait-mal-rien-qua-la-regarder-3558756\" rel=\"nofollow noopener\" target=\"_blank\"><br \/>\n27 robes pour son s\u00e9jour<\/a>.<\/p>\n<p class=\"p1\">Selon les informations du <a href=\"https:\/\/corrieredelveneto.corriere.it\/notizie\/venezia-mestre\/cronaca\/25_luglio_02\/nozze-di-jeff-bezos-a-venezia-rubato-uno-dei-27-abiti-della-sposa-lauren-sanchez-ac9dcae8-a242-4d54-8aef-b615d077dxlk.shtml?refresh_ce\" target=\"_blank\" rel=\"nofollow noopener\">Corriere della<br \/>\nSera<\/a>, une de ses robes a pourtant \u00e9t\u00e9 vol\u00e9e. L\u2019incident se<br \/>\nserait d\u00e9roul\u00e9 le jour du mariage, sur <strong>l\u2019\u00eele de San<br \/>\nGiorgio<\/strong>. Malgr\u00e9 des d\u00e9tecteurs de m\u00e9taux et des contr\u00f4les<br \/>\nde gardes du corps, une femme aurait r\u00e9ussi \u00e0 s\u2019introduire. V\u00eatue<br \/>\nd\u2019une tenue tr\u00e8s \u00e9l\u00e9gante, elle serait <strong>pass\u00e9e<br \/>\ninaper\u00e7ue<\/strong> parmi les nombreux invit\u00e9s, qui ignoraient son<br \/>\nidentit\u00e9.<\/p>\n<blockquote class=\"instagram-media\" style=\"background: #ffffff;border: 0;margin: 1px;width: 100%;padding: 0;max-width: 500px;\" data-instgrm-permalink=\"https:\/\/www.instagram.com\/p\/DLaus65pk5s\/?utm_source=ig_embed&amp;ig_rid=16cf9112-1418-44cb-bad6-e4e094411e6c\" data-instgrm-version=\"14\"\/><p>\nLa voleuse pr\u00e9sum\u00e9e a \u00e9t\u00e9<br \/>\nintercept\u00e9e apr\u00e8s l\u00a0\u00bbincident<\/p>\n<p class=\"p1\">Apr\u00e8s la disparition de la robe de Lauren S\u00e1nchez, la<br \/>\nmyst\u00e9rieuse femme serait devenue l\u2019objet de tous les soup\u00e7ons. Elle<br \/>\naurait alors \u00e9t\u00e9 <strong>intercept\u00e9e<\/strong>, contr\u00f4l\u00e9e puis<br \/>\nrel\u00e2ch\u00e9e, faute de preuves. Selon le quotidien, personne ne conna\u00eet<br \/>\nson identit\u00e9, son parcours ni ses <strong>r\u00e9elles<br \/>\nmotivations<\/strong> au mariage.<\/p>\n<p class=\"p1\">Malgr\u00e9 le vol, <strong>aucune plainte<\/strong> n\u2019a<br \/>\n\u00e9t\u00e9 d\u00e9pos\u00e9e par la femme de Jeff Bezos. Le couple, qui a d\u00e9pens\u00e9<br \/>\ndes millions de dollars pour l\u2019\u00e9v\u00e9nement, a donc pr\u00e9f\u00e9r\u00e9 passer \u00e0<br \/>\nautre chose. D\u00e8s la fin du mariage, les jeunes mari\u00e9s ont<br \/>\nd\u2019ailleurs d\u00e9cid\u00e9 de partir pour un voyage avec <a href=\"https:\/\/www.closermag.fr\/people\/jeff-bezos-et-lauren-sanchez-parents-de-sept-enfants-qui-sont-ils-3558905\" rel=\"nofollow noopener\" target=\"_blank\"><br \/>\nleurs enfants respectifs<\/a> en Croatie. De quoi leur permettre de<br \/>\nse retrouver en plus petit comit\u00e9.<\/p>\n<p><script async src=\"\/\/www.instagram.com\/embed.js\"><\/script><\/p>\n","protected":false},"excerpt":{"rendered":"L\u2019\u00e9v\u00e9nement a \u00e9t\u00e9 d\u00e9crit comme le \u201cmariage du si\u00e8cle\u201d. Vendredi 27 juin, Jeff Bezos et Lauren S\u00e1nchez se&hellip;\n","protected":false},"author":2,"featured_media":223705,"comment_status":"","ping_status":"","sticky":false,"template":"","format":"standard","meta":{"footnotes":""},"categories":[1359],"tags":[548,58,59,1011,27,697,973],"class_list":{"0":"post-223704","1":"post","2":"type-post","3":"status-publish","4":"format-standard","5":"has-post-thumbnail","7":"category-people","8":"tag-article-simple","9":"tag-divertissement","10":"tag-entertainment","11":"tag-fr","12":"tag-france","13":"tag-jeff-bezos","14":"tag-people"},"share_on_mastodon":{"url":"https:\/\/pubeurope.com\/@fr\/114790642834051329","error":""},"_links":{"self":[{"href":"https:\/\/www.europesays.com\/fr\/wp-json\/wp\/v2\/posts\/223704","targetHints":{"allow":["GET"]}}],"collection":[{"href":"https:\/\/www.europesays.com\/fr\/wp-json\/wp\/v2\/posts"}],"about":[{"href":"https:\/\/www.europesays.com\/fr\/wp-json\/wp\/v2\/types\/post"}],"author":[{"embeddable":true,"href":"https:\/\/www.europesays.com\/fr\/wp-json\/wp\/v2\/users\/2"}],"replies":[{"embeddable":true,"href":"https:\/\/www.europesays.com\/fr\/wp-json\/wp\/v2\/comments?post=223704"}],"version-history":[{"count":0,"href":"https:\/\/www.europesays.com\/fr\/wp-json\/wp\/v2\/posts\/223704\/revisions"}],"wp:featuredmedia":[{"embeddable":true,"href":"https:\/\/www.europesays.com\/fr\/wp-json\/wp\/v2\/media\/223705"}],"wp:attachment":[{"href":"https:\/\/www.europesays.com\/fr\/wp-json\/wp\/v2\/media?parent=223704"}],"wp:term":[{"taxonomy":"category","embeddable":true,"href":"https:\/\/www.europesays.com\/fr\/wp-json\/wp\/v2\/categories?post=223704"},{"taxonomy":"post_tag","embeddable":true,"href":"https:\/\/www.europesays.com\/fr\/wp-json\/wp\/v2\/tags?post=223704"}],"curies":[{"name":"wp","href":"https:\/\/api.w.org\/{rel}","templated":true}]}}