{"id":223719,"date":"2025-07-03T18:17:10","date_gmt":"2025-07-03T18:17:10","guid":{"rendered":"https:\/\/www.europesays.com\/fr\/223719\/"},"modified":"2025-07-03T18:17:10","modified_gmt":"2025-07-03T18:17:10","slug":"en-pleine-vague-de-chaleur-la-terre-atteint-laphelie-son-point-le-plus-eloigne-du-soleil","status":"publish","type":"post","link":"https:\/\/www.europesays.com\/fr\/223719\/","title":{"rendered":"En pleine vague de chaleur, la Terre atteint l\u2019aph\u00e9lie, son point le plus \u00e9loign\u00e9 du Soleil"},"content":{"rendered":"<p>La Terre sera sur le point le plus \u00e9loign\u00e9 de son orbite jeudi 3 juillet \u00e0 21h54. Comment expliquer alors qu\u2019il fasse aussi chaud\u00a0?<\/p>\n<p class=\"fig-paragraph\">Alors que la France et plus globalement l\u2019Europe de l\u2019Ouest traversent une forte p\u00e9riode de\u00a0<a href=\"http:\/\/www.lefigaro.fr\/actualite-france\/370c-en-allemagne-380c-en-italie-41-30c-en-france-420c-en-espagne-comment-les-europeens-adaptent-leur-quotidien-a-la-canicule-20250702\" target=\"_blank\" data-fig-type=\"Article\" rel=\"noopener nofollow\" data-gtm-custom-categorie=\"navigation\" data-gtm-custom-action=\"crossclick\" data-gtm-custom-label=\"Contextuel\" data-gtm-event=\"customEventSPE\" data-fig-domain=\"LEFIGARO\">canicule<\/a>, avec des temp\u00e9ratures d\u00e9passant parfois les 40\u00b0C, la Terre atteint paradoxalement son point le plus \u00e9loign\u00e9 du Soleil. Ce jeudi 3 juillet, \u00e0 21h54 et 43 secondes, heure de Paris (19h54 UTC), notre plan\u00e8te sera \u00e0 152.087.738 kilom\u00e8tres de notre \u00e9toile, selon le\u00a0<a href=\"https:\/\/www.imcce.fr\/newsletter\/medias\/2024\/07\/docs\/Aphelie_2024.pdf\" target=\"_blank\" rel=\"nofollow noopener\" data-gtm-custom-categorie=\"navigation\" data-gtm-custom-action=\"crossclick\" data-gtm-custom-label=\"Contextuel\" data-gtm-event=\"customEventSPE\">Laboratoire Temps-Espace de l\u2019Observatoire de Paris,\u00a0<\/a>soit une distance record pour l\u2019ann\u00e9e.<\/p>\n<p class=\"fig-paragraph\">Ce\u00a0<a href=\"http:\/\/www.lefigaro.fr\/sciences\/il-est-crucial-de-detecter-l-explosion-le-plus-vite-possible-ce-phenomene-rare-qui-met-la-communaute-astronomique-sur-le-pied-de-guerre-20240903\" target=\"_blank\" data-fig-type=\"Article\" rel=\"noopener nofollow\" data-gtm-custom-categorie=\"navigation\" data-gtm-custom-action=\"crossclick\" data-gtm-custom-label=\"Contextuel\" data-gtm-event=\"customEventSPE\" data-fig-domain=\"LEFIGARO\">ph\u00e9nom\u00e8ne astronomique<\/a>, appel\u00e9 aph\u00e9lie, revient chaque ann\u00e9e. Le terme vient du grec \u00abapo\u00bb (loin) et \u00abhelios\u00bb (Soleil), et d\u00e9signe le moment o\u00f9 la Terre se situe \u00e0 l\u2019extr\u00e9mit\u00e9 de son orbite, la plus \u00e9loign\u00e9e du Soleil. Cette orbite n\u2019est pas parfaitement circulaire, mais l\u00e9g\u00e8rement elliptique, ce qui provoque une variation de la distance entre la Terre et le Soleil au cours de l\u2019ann\u00e9e.<\/p>\n<p>                                    <a class=\"fig-a11y-skip a11y-hidden\" href=\"#fig-a11y-skip-main-inarticle\"><br \/>\n        Passer la publicit\u00e9<br \/>\n    <\/a><\/p>\n<p>Pas de lien avec les saisons<\/p>\n<p class=\"fig-paragraph\">\u00c0 l\u2019inverse de l\u2019aph\u00e9lie, le p\u00e9rih\u00e9lie survient g\u00e9n\u00e9ralement en d\u00e9but d\u2019ann\u00e9e. En effet, le 4 janvier dernier, la Terre \u00e9tait \u00e0 seulement 147.103.686 kilom\u00e8tres du Soleil. L\u2019\u00e9cart entre ces deux positions atteint pr\u00e8s de 5 millions de kilom\u00e8tres, soit environ 3 % de la distance moyenne. La diff\u00e9rence de flux entre le p\u00e9rih\u00e9lie et l\u2019aph\u00e9lie est donc de 9% environ.<\/p>\n<p class=\"fig-paragraph\">Cela peut para\u00eetre beaucoup, mais c\u2019est en fait tr\u00e8s peu et n\u2019a aucun lien direct avec les temp\u00e9ratures que nous connaissons. Les\u00a0<a href=\"http:\/\/www.lefigaro.fr\/jardin\/dossier\/4-saisons-dans-votre-jardin\" target=\"_blank\" data-fig-type=\"Topic\" rel=\"noopener nofollow\" data-gtm-custom-categorie=\"navigation\" data-gtm-custom-action=\"crossclick\" data-gtm-custom-label=\"Contextuel\" data-gtm-event=\"customEventSPE\" data-fig-domain=\"LEFIGARO\">saisons<\/a>\u00a0sont d\u00e9termin\u00e9es par l\u2019inclinaison de l\u2019axe de la Terre, d\u2019environ 23\u00b0C par rapport \u00e0 l\u2019\u00e9cliptique, et non par la proximit\u00e9 avec le Soleil. Quand l\u2019h\u00e9misph\u00e8re nord est inclin\u00e9 vers le Soleil, les rayons sont plus verticaux (le soleil est plus haut dans le ciel) et le flux solaire plus concentr\u00e9. Le jour est aussi plus long, l\u2019h\u00e9misph\u00e8re emmagasine plus d\u2019\u00e9nergie, presque deux fois et demi plus que l\u2019autre (<a href=\"https:\/\/planet-terre.ens-lyon.fr\/ressource\/saisons.xml\" target=\"_blank\" rel=\"nofollow noopener\" data-gtm-custom-categorie=\"navigation\" data-gtm-custom-action=\"crossclick\" data-gtm-custom-label=\"Contextuel\" data-gtm-event=\"customEventSPE\">environ 133% en plus pr\u00e9cis\u00e9ment<\/a>)\u00a0: c\u2019est l\u2019\u00e9t\u00e9. Au m\u00eame moment, l\u2019h\u00e9misph\u00e8re sud est en hiver. Dans six mois, les r\u00f4les seront invers\u00e9s et la Terre sera au plus proche du Soleil. Ce qui montre bien que ce n\u2019est pas la distance au Soleil qui compte.<\/p>\n<p class=\"fig-paragraph\">Ainsi, malgr\u00e9 la canicule qui frappe actuellement une partie du globe, la Terre poursuit tranquillement sa course autour du Soleil, selon les lois immuables de la m\u00e9canique c\u00e9leste.<\/p>\n","protected":false},"excerpt":{"rendered":"La Terre sera sur le point le plus \u00e9loign\u00e9 de son orbite jeudi 3 juillet \u00e0 21h54. Comment&hellip;\n","protected":false},"author":2,"featured_media":223720,"comment_status":"","ping_status":"","sticky":false,"template":"","format":"standard","meta":{"footnotes":""},"categories":[7],"tags":[48,6698,1011,27,43,40,41,39,4904,42,44],"class_list":{"0":"post-223719","1":"post","2":"type-post","3":"status-publish","4":"format-standard","5":"has-post-thumbnail","7":"category-sciences-et-technologies","8":"tag-astronomie","9":"tag-canicule","10":"tag-fr","11":"tag-france","12":"tag-science","13":"tag-science-and-technology","14":"tag-sciences","15":"tag-sciences-et-technologies","16":"tag-soleil","17":"tag-technologies","18":"tag-technology"},"share_on_mastodon":{"url":"https:\/\/pubeurope.com\/@fr\/114790678101244839","error":""},"_links":{"self":[{"href":"https:\/\/www.europesays.com\/fr\/wp-json\/wp\/v2\/posts\/223719","targetHints":{"allow":["GET"]}}],"collection":[{"href":"https:\/\/www.europesays.com\/fr\/wp-json\/wp\/v2\/posts"}],"about":[{"href":"https:\/\/www.europesays.com\/fr\/wp-json\/wp\/v2\/types\/post"}],"author":[{"embeddable":true,"href":"https:\/\/www.europesays.com\/fr\/wp-json\/wp\/v2\/users\/2"}],"replies":[{"embeddable":true,"href":"https:\/\/www.europesays.com\/fr\/wp-json\/wp\/v2\/comments?post=223719"}],"version-history":[{"count":0,"href":"https:\/\/www.europesays.com\/fr\/wp-json\/wp\/v2\/posts\/223719\/revisions"}],"wp:featuredmedia":[{"embeddable":true,"href":"https:\/\/www.europesays.com\/fr\/wp-json\/wp\/v2\/media\/223720"}],"wp:attachment":[{"href":"https:\/\/www.europesays.com\/fr\/wp-json\/wp\/v2\/media?parent=223719"}],"wp:term":[{"taxonomy":"category","embeddable":true,"href":"https:\/\/www.europesays.com\/fr\/wp-json\/wp\/v2\/categories?post=223719"},{"taxonomy":"post_tag","embeddable":true,"href":"https:\/\/www.europesays.com\/fr\/wp-json\/wp\/v2\/tags?post=223719"}],"curies":[{"name":"wp","href":"https:\/\/api.w.org\/{rel}","templated":true}]}}