{"id":223731,"date":"2025-07-03T18:23:09","date_gmt":"2025-07-03T18:23:09","guid":{"rendered":"https:\/\/www.europesays.com\/fr\/223731\/"},"modified":"2025-07-03T18:23:09","modified_gmt":"2025-07-03T18:23:09","slug":"si-des-filles-rigolaient-il-pensait-quelles-se-moquaient-de-lui-liberation","status":"publish","type":"post","link":"https:\/\/www.europesays.com\/fr\/223731\/","title":{"rendered":"\u00abSi des filles rigolaient, il pensait qu\u2019elles se moquaient de lui\u00bb \u2013 Lib\u00e9ration"},"content":{"rendered":"<p class=\"sc-ksZaOG ehjQrN text-element\">\u00abMec, c\u2019est super, t\u2019es pris en deuxi\u00e8me ann\u00e9e !\u00bb En envoyant ce message, Antoine (1) est sinc\u00e8rement heureux pour son ami Timoty. Depuis deux semaines, son camarade, \u00e9tudiant en pr\u00e9pa chimie (PCSI) au lyc\u00e9e Claude-Fauriel \u00e0 Saint-Etienne (Auvergne-Rh\u00f4ne-Alpes), angoissait \u00e0 l\u2019approche du conseil de classe, vendredi 27 juin. Parmi les derniers du classement, le jeune homme, 18 ans, en avait la conviction : il ne validerait pas son ann\u00e9e. Il se trompait. Avec impatience, Antoine attend sa r\u00e9ponse ; elle n\u2019arrivera jamais. Avant m\u00eame que ses professeurs ne rendent leur d\u00e9cision, <a href=\"https:\/\/www.liberation.fr\/societe\/police-justice\/saint-etienne-un-attentat-masculiniste-dejoue-un-homme-de-18-ans-interpelle-avec-deux-couteaux-20250702_2V5VUN4VYZHK5PERBPMV5K7T2M\/\" target=\"_blank\" rel=\"noreferrer noopener\" title=\"https:\/\/www.liberation.fr\/societe\/police-justice\/saint-etienne-un-attentat-masculiniste-dejoue-un-homme-de-18-ans-interpelle-avec-deux-couteaux-20250702_2V5VUN4VYZHK5PERBPMV5K7T2M\/\">Timoty avait \u00e9t\u00e9 arr\u00eat\u00e9<\/a>, suspect\u00e9 d\u2019avoir voulu commettre un attentat contre des femmes de son \u00e9tablissement. Dans son sac, deux couteaux ont \u00e9t\u00e9 retrouv\u00e9s.<\/p>\n<p class=\"sc-ksZaOG ehjQrN text-element\">Aupr\u00e8s de Lib\u00e9, le Parquet national antiterroriste (Pnat) a confirm\u00e9 l\u2019ouverture mardi d\u2019une information judiciaire. L\u2019\u00e9tudiant, d\u00e9sormais incarc\u00e9r\u00e9, a \u00e9t\u00e9 mis en examen pour \u00abassociation de malfaiteurs terroriste\u00bb. D\u2019apr\u00e8s les autorit\u00e9s, il se revendiquerait ouvertement \u00abincel\u00bb. Peu connue en France, <a href=\"https:\/\/www.liberation.fr\/societe\/police-justice\/attentat-masculiniste-dejoue-a-saint-etienne-si-des-filles-rigolaient-il-pensait-quelles-se-moquaient-de-lui-20250703_UGG67VIIYJDS7FK7POQH4TXFNM\/ht&lt;\/p&gt;&lt;\/div&gt;&lt;\/article&gt;&lt;\/div&gt;&lt;div data-fusion-lazy-id=\" f0f8vgvlad832fw=\"\" target=\"_blank\" rel=\"noopener\"><\/p>\n","protected":false},"excerpt":{"rendered":"\u00abMec, c\u2019est super, t\u2019es pris en deuxi\u00e8me ann\u00e9e !\u00bb En envoyant ce message, Antoine (1) est sinc\u00e8rement heureux&hellip;\n","protected":false},"author":2,"featured_media":223732,"comment_status":"","ping_status":"","sticky":false,"template":"","format":"standard","meta":{"footnotes":""},"categories":[9653],"tags":[1111,11,2430,1777,674,6757,1011,27,12,25,4001,1254],"class_list":{"0":"post-223731","1":"post","2":"type-post","3":"status-publish","4":"format-standard","5":"has-post-thumbnail","7":"category-saint-etienne","8":"tag-actu","9":"tag-actualites","10":"tag-auvergne-rhone-alpes","11":"tag-eu","12":"tag-europe","13":"tag-feminisme","14":"tag-fr","15":"tag-france","16":"tag-news","17":"tag-republique-francaise","18":"tag-saint-etienne","19":"tag-terrorisme"},"share_on_mastodon":{"url":"https:\/\/pubeurope.com\/@fr\/114790701681962218","error":""},"_links":{"self":[{"href":"https:\/\/www.europesays.com\/fr\/wp-json\/wp\/v2\/posts\/223731","targetHints":{"allow":["GET"]}}],"collection":[{"href":"https:\/\/www.europesays.com\/fr\/wp-json\/wp\/v2\/posts"}],"about":[{"href":"https:\/\/www.europesays.com\/fr\/wp-json\/wp\/v2\/types\/post"}],"author":[{"embeddable":true,"href":"https:\/\/www.europesays.com\/fr\/wp-json\/wp\/v2\/users\/2"}],"replies":[{"embeddable":true,"href":"https:\/\/www.europesays.com\/fr\/wp-json\/wp\/v2\/comments?post=223731"}],"version-history":[{"count":0,"href":"https:\/\/www.europesays.com\/fr\/wp-json\/wp\/v2\/posts\/223731\/revisions"}],"wp:featuredmedia":[{"embeddable":true,"href":"https:\/\/www.europesays.com\/fr\/wp-json\/wp\/v2\/media\/223732"}],"wp:attachment":[{"href":"https:\/\/www.europesays.com\/fr\/wp-json\/wp\/v2\/media?parent=223731"}],"wp:term":[{"taxonomy":"category","embeddable":true,"href":"https:\/\/www.europesays.com\/fr\/wp-json\/wp\/v2\/categories?post=223731"},{"taxonomy":"post_tag","embeddable":true,"href":"https:\/\/www.europesays.com\/fr\/wp-json\/wp\/v2\/tags?post=223731"}],"curies":[{"name":"wp","href":"https:\/\/api.w.org\/{rel}","templated":true}]}}