{"id":223735,"date":"2025-07-03T18:25:16","date_gmt":"2025-07-03T18:25:16","guid":{"rendered":"https:\/\/www.europesays.com\/fr\/223735\/"},"modified":"2025-07-03T18:25:16","modified_gmt":"2025-07-03T18:25:16","slug":"retransmis-en-clair-mais-en-differe-sur-lequipe","status":"publish","type":"post","link":"https:\/\/www.europesays.com\/fr\/223735\/","title":{"rendered":"retransmis en \u00ab clair \u00bb (mais en diff\u00e9r\u00e9) sur L\u2019\u00c9quipe"},"content":{"rendered":"<p>Si, bien \u00e9videmment, rien ne vaut la \u00ab magie \u00bb des tribunes, les moyens de suivre <a href=\"https:\/\/www.estrepublicain.fr\/sport\/2025\/06\/30\/meeting-stanislas-les-adieux-de-pml-l-ouragan-chaussinand-et-un-medaille-olympique-de-paris-tout-ce-qu-il-ne-faudra-pas-manquer-vendredi-soir\" target=\"_blank\" rel=\"noopener\">le Meeting Stanislas<\/a> sur les \u00e9crans ne manqueront pas cette ann\u00e9e. Avec pas moins de quatre diffuseurs officiels : en \u00ab direct \u00bb sur Athl\u00e9 TV (la plateforme de la FFA), European Athletics Live, Stadion Actu (via Facebook Live)\u2026 ou en diff\u00e9r\u00e9 sur la cha\u00eene L\u2019\u00c9quipe (22h30). Avec Paris et Sotteville <a href=\"https:\/\/www.athle.fr\/asp.net\/main.html\/html.aspx?htmlid=6955\" target=\"_blank\" rel=\"noopener\">(autre date du circuit \u00ab Premium Athl\u00e9 Tour \u00bb)<\/a> , le \u00ab Stan \u00bb fait en effet partie des trois meetings b\u00e9n\u00e9ficiant d\u2019une retransmission sur le canal 21 de la TNT. Incontestablement un atout en termes d\u2019exposition\u2026<\/p>\n<p>Ce contenu est bloqu\u00e9 car vous n&rsquo;avez pas accept\u00e9 les cookies et autres traceurs.<\/p>\n<p>En cliquant sur \u00ab J\u2019accepte \u00bb, les cookies et autres traceurs seront d\u00e9pos\u00e9s et vous pourrez visualiser les contenus  (<a href=\"\" class=\"consentModule_policy\" target=\"_blank\" title=\"Consulter la politique de protection des donn\u00e9es du fournisseur\">plus d&rsquo;informations<\/a>).<\/p>\n<p>En cliquant sur \u00ab J\u2019accepte tous les cookies \u00bb, vous autorisez des d\u00e9p\u00f4ts de cookies et autres traceurs pour le stockage de vos donn\u00e9es sur nos sites et applications \u00e0 des fins de personnalisation et de ciblage publicitaire.<\/p>\n<p class=\"consentModule_secondaryText\">Vous gardez la possibilit\u00e9 de retirer votre consentement \u00e0 tout moment en consultant notre <a href=\"https:\/\/www.estrepublicain.fr\/protection-des-donnees\" target=\"_blank\" title=\"Consulter notre politique de protection des donn\u00e9es\" rel=\"noopener\">politique de protection des donn\u00e9es<\/a>. <br \/>&#13;<br \/>\n            <a href=\"https:\/\/www.estrepublicain.fr\/sport\/2025\/07\/03\/javascript:Didomi.notice.show()\" class=\"consentModule_cmp\" target=\"_blank\" rel=\"noopener\">G\u00e9rer mes choix<\/a>&#13;\n        <\/p>\n<p>&#13;<br \/>\n                        J&rsquo;accepte&#13;<br \/>\n            J&rsquo;accepte tous les cookies&#13;\n        <\/p>\n<p>  Pawel Fajdek forfait<\/p>\n<p><a href=\"https:\/\/www.estrepublicain.fr\/sport\/2025\/06\/30\/meeting-stanislas-lamont-marcell-jacobs-forfait-a-nancy\" target=\"_blank\" rel=\"noopener\">Apr\u00e8s Marcell Jacobs<\/a> , c\u2019est un autre \u00ab poids lourd \u00bb &#8211; et lequel ! -qui vient de faire faux bond \u00e0 Pascal Thi\u00e9baut\u2026 D\u00e9j\u00e0 bless\u00e9 (et non mesur\u00e9) le week-end dernier, aux Championnats d\u2019Europe par \u00e9quipes de Madrid, Pawel Fajdek a finalement annonc\u00e9 mercredi soir au directeur du \u00ab Stan \u00bb qu\u2019il jetait l\u2019\u00e9ponge\u2026. et renon\u00e7ait \u00e0 lancer le marteau ! Un nouvel \u00e9pisode malheureux dans l\u2019histoire (en dents de scie) entre le quintuple champion du monde (36 ans), recordman du meeting (80,82 m en 2019), entretient avec le \u00abStan\u00bb. <a href=\"https:\/\/www.estrepublicain.fr\/sport\/2022\/07\/02\/meeting-stanislas-pawel-fajdek-voyageur-sans-bagages\" target=\"_blank\" rel=\"noopener\">En 2022, le colosse polonais avait ainsi fait le d\u00e9placement en Lorraine pour des prunes, ses bagages ayant \u00e9t\u00e9 \u00e9gar\u00e9s \u00e0 l\u2019a\u00e9roport de Luxembourg avec, \u00e0 l\u2019int\u00e9rieur, ses chaussures de lancer (taille 49).<\/a> Un bien introuvable en quelques heures sur le march\u00e9 nanc\u00e9ien !<\/p>\n<p>Jerome Blake\u2026 un champion olympique aux pieds nus<\/p>\n<p>Jerome Black, lui, a beau \u00eatre adeptes de pointures plus proches des \u00ab standards \u00bb\u2026 le sprinteur canadien, dont les effets personnels ont \u00e9t\u00e9 eux aussi \u00e9gar\u00e9s (cette fois-ci \u00e0 Roissy), \u00e9tait toujours dans l\u2019attente d\u2019une solution de secours jeudi apr\u00e8s-midi, alors que les organisateurs activaient leurs r\u00e9seaux pour obtenir la livraison expresse d\u2019un mod\u00e8le \u00e9quivalent. Pas s\u00fbr, en effet, que le gar\u00e7on &#8211; membre du relais 4X100 m canadien sacr\u00e9 champion olympique \u00e0 Paris &#8211; ne r\u00e9\u00e9dite ses 9\u2019\u201997 de Dessau (GER)\u2026 les pieds nus !<\/p>\n<p>Ce contenu est bloqu\u00e9 car vous n&rsquo;avez pas accept\u00e9 les cookies et autres traceurs.<\/p>\n<p>En cliquant sur \u00ab J\u2019accepte \u00bb, les cookies et autres traceurs seront d\u00e9pos\u00e9s et vous pourrez visualiser les contenus  (<a href=\"\" class=\"consentModule_policy\" target=\"_blank\" title=\"Consulter la politique de protection des donn\u00e9es du fournisseur\">plus d&rsquo;informations<\/a>).<\/p>\n<p>En cliquant sur \u00ab J\u2019accepte tous les cookies \u00bb, vous autorisez des d\u00e9p\u00f4ts de cookies et autres traceurs pour le stockage de vos donn\u00e9es sur nos sites et applications \u00e0 des fins de personnalisation et de ciblage publicitaire.<\/p>\n<p class=\"consentModule_secondaryText\">Vous gardez la possibilit\u00e9 de retirer votre consentement \u00e0 tout moment en consultant notre <a href=\"https:\/\/www.estrepublicain.fr\/protection-des-donnees\" target=\"_blank\" title=\"Consulter notre politique de protection des donn\u00e9es\" rel=\"noopener\">politique de protection des donn\u00e9es<\/a>. <br \/>&#13;<br \/>\n            <a href=\"https:\/\/www.estrepublicain.fr\/sport\/2025\/07\/03\/javascript:Didomi.notice.show()\" class=\"consentModule_cmp\" target=\"_blank\" rel=\"noopener\">G\u00e9rer mes choix<\/a>&#13;\n        <\/p>\n<p>&#13;<br \/>\n                        J&rsquo;accepte&#13;<br \/>\n            J&rsquo;accepte tous les cookies&#13;\n        <\/p>\n<p>  Pascal Thi\u00e9baut a bon \u00ab dos \u00bb !<\/p>\n<p>Le directeur du Meeting Stanislas l\u2019a \u00e9chapp\u00e9 belle. Il s\u2019en est fallu de peu que ce dernier ne suive son \u00ab b\u00e9b\u00e9 \u00bb \u00e0 la t\u00e9l\u00e9 depuis une chambre d\u2019h\u00f4pital ! Victime d\u2019une lourde chute, mardi, alors qu\u2019il d\u00e9pla\u00e7ait un photocopieur, l\u2019ancien miler tra\u00eenait encore jeudi de violentes douleurs au dos. Et un bras gauche violet, du biceps au milieu de l\u2019avant-bras !<\/p>\n<p>Un \u00ab tour \u00bb de s\u00e9lection pour les U23<\/p>\n<p>Outre son plateau international et son \u00ab pr\u00e9-meeting \u00bb de belle facture, le \u00ab Stan \u00bb 2025 servira de support, et c\u2019est original, \u00e0 deux \u00e9preuves de \u00ab r\u00e9f\u00e9rence \u00bb (en fait, deux courses de s\u00e9lection) destin\u00e9es aux meilleurs sp\u00e9cialistes (espoirs) hommes et femmes du 400 m. En jeu ? Une place pour les Championnats d\u2019Europe U23 de Bergen (NOR ; 17-20 juillet) : pr\u00e9cis\u00e9ment le \u00ab bien \u00bb que convoite <a href=\"https:\/\/www.estrepublicain.fr\/sport\/2025\/03\/11\/de-nancy-aux-pistes-de-californie-le-reve-americain-de-maxime-wassmer\" target=\"_blank\" rel=\"noopener\">Maxime Wassmer, l\u2019\u00e9tudiant am\u00e9ricain du Nancy Athl\u00e9tisme M\u00e9tropole<\/a>.<\/p>\n","protected":false},"excerpt":{"rendered":"Si, bien \u00e9videmment, rien ne vaut la \u00ab magie \u00bb des tribunes, les moyens de suivre le Meeting&hellip;\n","protected":false},"author":2,"featured_media":223736,"comment_status":"","ping_status":"","sticky":false,"template":"","format":"standard","meta":{"footnotes":""},"categories":[9635],"tags":[1111,11,4132,1704,1777,674,107,1701,1011,27,775,1702,1703,12,25,517,1700,11703],"class_list":{"0":"post-223735","1":"post","2":"type-post","3":"status-publish","4":"format-standard","5":"has-post-thumbnail","7":"category-nancy","8":"tag-actu","9":"tag-actualites","10":"tag-athletisme","11":"tag-edition-nancy-et-agglomeration","12":"tag-eu","13":"tag-europe","14":"tag-fil-info","15":"tag-fil-info-sport","16":"tag-fr","17":"tag-france","18":"tag-grand-est","19":"tag-nancy","20":"tag-nancy-ville-54b","21":"tag-news","22":"tag-republique-francaise","23":"tag-sport","24":"tag-sport-lorrain","25":"tag-tomblaine"},"share_on_mastodon":{"url":"https:\/\/pubeurope.com\/@fr\/114790709555781195","error":""},"_links":{"self":[{"href":"https:\/\/www.europesays.com\/fr\/wp-json\/wp\/v2\/posts\/223735","targetHints":{"allow":["GET"]}}],"collection":[{"href":"https:\/\/www.europesays.com\/fr\/wp-json\/wp\/v2\/posts"}],"about":[{"href":"https:\/\/www.europesays.com\/fr\/wp-json\/wp\/v2\/types\/post"}],"author":[{"embeddable":true,"href":"https:\/\/www.europesays.com\/fr\/wp-json\/wp\/v2\/users\/2"}],"replies":[{"embeddable":true,"href":"https:\/\/www.europesays.com\/fr\/wp-json\/wp\/v2\/comments?post=223735"}],"version-history":[{"count":0,"href":"https:\/\/www.europesays.com\/fr\/wp-json\/wp\/v2\/posts\/223735\/revisions"}],"wp:featuredmedia":[{"embeddable":true,"href":"https:\/\/www.europesays.com\/fr\/wp-json\/wp\/v2\/media\/223736"}],"wp:attachment":[{"href":"https:\/\/www.europesays.com\/fr\/wp-json\/wp\/v2\/media?parent=223735"}],"wp:term":[{"taxonomy":"category","embeddable":true,"href":"https:\/\/www.europesays.com\/fr\/wp-json\/wp\/v2\/categories?post=223735"},{"taxonomy":"post_tag","embeddable":true,"href":"https:\/\/www.europesays.com\/fr\/wp-json\/wp\/v2\/tags?post=223735"}],"curies":[{"name":"wp","href":"https:\/\/api.w.org\/{rel}","templated":true}]}}