{"id":223737,"date":"2025-07-03T18:26:09","date_gmt":"2025-07-03T18:26:09","guid":{"rendered":"https:\/\/www.europesays.com\/fr\/223737\/"},"modified":"2025-07-03T18:26:09","modified_gmt":"2025-07-03T18:26:09","slug":"240-collegiens-toulonnais-se-sont-vus-remettre-leur-diplome-de-cadet-de-la-defense","status":"publish","type":"post","link":"https:\/\/www.europesays.com\/fr\/223737\/","title":{"rendered":"240 coll\u00e9giens toulonnais se sont vus remettre leur dipl\u00f4me de Cadet de la D\u00e9fense"},"content":{"rendered":"<p>Chaque ann\u00e9e le dispositif \u00ab\u00a0cadets de la D\u00e9fense\u00a0\u00bb permet \u00e0 une poign\u00e9e de coll\u00e9giens de d\u00e9couvrir l\u2019arm\u00e9e. Entre activit\u00e9s physiques, cours d\u2019\u00e9ducation civique et d\u00e9couverte des m\u00e9tiers de la D\u00e9fense, ces \u00e9l\u00e8ves de 3e suivent un programme exigeant au sein des unit\u00e9s militaires qui les accueillent.<\/p>\n<p>Ce mercredi, les cadets du Var de la promotion Fran\u00e7ois Duchatel ont re\u00e7u leur dipl\u00f4me de fin d\u2019ann\u00e9e. Apr\u00e8s un discours d\u2019ouverture du colonel Betrand Gebuhrer, d\u00e9l\u00e9gu\u00e9 militaire d\u00e9partemental du Var, six cadets, repr\u00e9sentant chacun une des unit\u00e9s du Var, se sont succ\u00e9d\u00e9 afin de t\u00e9moigner de l\u2019exp\u00e9rience. Entre transmission de valeurs et de m\u00e9moire et bon souvenirs de camaraderie, le dispositif semble \u00eatre une r\u00e9ussite.<\/p>\n<p>Des \u00e9l\u00e8ves et des parents fiers<\/p>\n<p>Avec un papa passionn\u00e9 de l\u2019arm\u00e9e, Enezia a voulu devenir cadette afin de \u00ab\u00a0mieux conna\u00eetre de ce monde\u00a0\u00bb. Apr\u00e8s avoir d\u00e9pos\u00e9 un CV et une lettre de motivation et pass\u00e9 un entretien, elle finit par faire partie des 30 \u00e9l\u00e8ves sur 90 s\u00e9lectionn\u00e9s dans son coll\u00e8ge. Sa camarade Jade retient de l\u2019exp\u00e9rience \u00ab\u00a0la d\u00e9couverte de pleins de m\u00e9tier et une meilleure connaissance de l\u2019histoire de la France gr\u00e2ce \u00e0 des partenariats avec des associations\u00a0\u00bb. \u00ab\u00a0Une exp\u00e9rience pendant laquelle on a d\u00e9couvert plein de monde et pu apprendre la solidarit\u00e9\u00a0\u00bb, concluent en ch\u0153ur leurs amis.<\/p>\n<p>Parmi les parents pr\u00e9sents pour assister \u00e0 la c\u00e9r\u00e9monie de remise des dipl\u00f4mes, Frank est venue soutenir sa fille. Fier de ses accomplissements, il salue \u00ab\u00a0les valeurs de rigueurs\u00a0\u00bb transmises aux cadets.<\/p>\n<p>Et les poursuites d\u2019avenir sont nombreuses au sein de la promotion Fran\u00e7ois Duchatel des cadets de la D\u00e9fense: lyc\u00e9e professionnel h\u00f4telier, lyc\u00e9e militaire mais aussi carri\u00e8re professionnelle en football.<\/p>\n","protected":false},"excerpt":{"rendered":"Chaque ann\u00e9e le dispositif \u00ab\u00a0cadets de la D\u00e9fense\u00a0\u00bb permet \u00e0 une poign\u00e9e de coll\u00e9giens de d\u00e9couvrir l\u2019arm\u00e9e. Entre&hellip;\n","protected":false},"author":2,"featured_media":223738,"comment_status":"","ping_status":"","sticky":false,"template":"","format":"standard","meta":{"footnotes":""},"categories":[9619],"tags":[1111,11,1777,674,1011,27,4075,12,882,25,2310],"class_list":{"0":"post-223737","1":"post","2":"type-post","3":"status-publish","4":"format-standard","5":"has-post-thumbnail","7":"category-toulon","8":"tag-actu","9":"tag-actualites","10":"tag-eu","11":"tag-europe","12":"tag-fr","13":"tag-france","14":"tag-jeunesse","15":"tag-news","16":"tag-provence-alpes-cote-dazur","17":"tag-republique-francaise","18":"tag-toulon"},"share_on_mastodon":{"url":"https:\/\/pubeurope.com\/@fr\/114790713510281222","error":""},"_links":{"self":[{"href":"https:\/\/www.europesays.com\/fr\/wp-json\/wp\/v2\/posts\/223737","targetHints":{"allow":["GET"]}}],"collection":[{"href":"https:\/\/www.europesays.com\/fr\/wp-json\/wp\/v2\/posts"}],"about":[{"href":"https:\/\/www.europesays.com\/fr\/wp-json\/wp\/v2\/types\/post"}],"author":[{"embeddable":true,"href":"https:\/\/www.europesays.com\/fr\/wp-json\/wp\/v2\/users\/2"}],"replies":[{"embeddable":true,"href":"https:\/\/www.europesays.com\/fr\/wp-json\/wp\/v2\/comments?post=223737"}],"version-history":[{"count":0,"href":"https:\/\/www.europesays.com\/fr\/wp-json\/wp\/v2\/posts\/223737\/revisions"}],"wp:featuredmedia":[{"embeddable":true,"href":"https:\/\/www.europesays.com\/fr\/wp-json\/wp\/v2\/media\/223738"}],"wp:attachment":[{"href":"https:\/\/www.europesays.com\/fr\/wp-json\/wp\/v2\/media?parent=223737"}],"wp:term":[{"taxonomy":"category","embeddable":true,"href":"https:\/\/www.europesays.com\/fr\/wp-json\/wp\/v2\/categories?post=223737"},{"taxonomy":"post_tag","embeddable":true,"href":"https:\/\/www.europesays.com\/fr\/wp-json\/wp\/v2\/tags?post=223737"}],"curies":[{"name":"wp","href":"https:\/\/api.w.org\/{rel}","templated":true}]}}