{"id":223746,"date":"2025-07-03T18:31:15","date_gmt":"2025-07-03T18:31:15","guid":{"rendered":"https:\/\/www.europesays.com\/fr\/223746\/"},"modified":"2025-07-03T18:31:15","modified_gmt":"2025-07-03T18:31:15","slug":"pres-de-rouen-les-jardins-nont-pas-resiste-au-passage-de-lorage-de-grele","status":"publish","type":"post","link":"https:\/\/www.europesays.com\/fr\/223746\/","title":{"rendered":"pr\u00e8s de Rouen, les jardins n&rsquo;ont pas r\u00e9sist\u00e9 au passage de l&rsquo;orage de gr\u00eale"},"content":{"rendered":"<p>            Par<br \/>\n        <strong><br \/>\n            <a href=\"https:\/\/actu.fr\/auteur\/isabellevilly\" title=\"Consulter tous les articles de Isabelle Villy\" target=\"_blank\" rel=\"noopener\">Isabelle Villy<\/a><br \/>\n        <\/strong><\/p>\n<p>        Publi\u00e9 le<\/p>\n<p>            3 juil. 2025 \u00e0 19h13        <\/p>\n<p><strong>Choux \u00e9clat\u00e9s, salades broy\u00e9es\u2026<\/strong> le passage de l\u2019orage, mercredi 25 juin, \u00e0 Buchy, pr\u00e8s de <a href=\"https:\/\/actu.fr\/normandie\/rouen_76540\" target=\"_blank\" rel=\"noopener\">Rouen (Seine-Maritime)<\/a> n\u2019a pas \u00e9pargn\u00e9 les parcelles des Jardins Bucheois. Le pr\u00e9sident, Patrick Anselin, ne cachait pas sa tristesse, samedi 28 juin, \u00e0 l\u2019occasion des traditionnelles portes ouvertes, pour lesquelles une centaine de personnes \u00e9taient pr\u00e9sentes.<\/p>\n<p>\u00ab\u00a0Cela m\u2019a fait mal au c\u0153ur\u00a0\u00bb\u00a0<\/p>\n<p class=\" wall-content\">\u00ab On avait pourtant <strong>tout pr\u00e9par\u00e9<\/strong> pour pr\u00e9senter de beaux jardins \u00e0 l\u2019occasion des portes ouvertes. Quand j\u2019ai entendu l\u2019orage, mercredi, j\u2019appr\u00e9hendais au matin de venir voir les jardins. Et j\u2019avoue que <strong>cela m\u2019a fait mal au c\u0153ur<\/strong> de voir l\u2019\u00e9tat des diff\u00e9rentes parcelles \u00bb, confie Patrick Anselin. La gr\u00eale port\u00e9e par les rafales violentes a en effet tout saccag\u00e9 sur son passage.<\/p>\n<p>    <img   decoding=\"async\" loading=\"lazy\" class=\"size-large\" src=\"https:\/\/www.europesays.com\/fr\/wp-content\/uploads\/2025\/07\/584eeaa5f0686fc4eeaa5f068015eev-960x640.jpg\" alt=\"Jardins Bucheois portes ouvertes\" width=\"960\" height=\"640\"\/><br \/>\n    Une centaine de convives est venue profiter d\u2019un repas champ\u00eatre.\u00a0 \u00a9Isabelle VILLY<\/p>\n<p class=\" wall-content\">\u00ab Pour l\u2019instant, <strong>on va tout laisser en l\u2019\u00e9tat<\/strong>, on va laisser faire la nature pour voir si des choses peuvent repartir. On arrachera au fur et \u00e0 mesure ce qui ne repart pas. Mais pour les oignons, les salades, c\u2019est fichu. Les pommes de terre vont peut-\u00eatre pouvoir \u00eatre r\u00e9colt\u00e9es, mais elles ne seront pas tr\u00e8s grosses. On a un espoir pour les courgettes et pour les betteraves \u00bb, d\u00e9taille le pr\u00e9sident, qui a pour sa part eu la chance que sa serre soit en double \u00e9paisseur, <strong>emp\u00eachant les gr\u00ealons<\/strong> de d\u00e9truire ses plants de tomate. Mais ailleurs, c\u2019est la d\u00e9solation.<\/p>\n<p class=\" wall-content\">Pas question pour autant de se laisser abattre : <strong>les 32 jardiniers<\/strong> qui cultivent les 41 parcelles des Jardins Bucheois comptent bien rester positifs, \u00e0 l\u2019image du maire Jo\u00ebl Lefebvre, qui a d\u2019ailleurs indiqu\u00e9 que la F\u00e9d\u00e9ration d\u00e9partementale, \u00e0 laquelle l\u2019association est affili\u00e9e, va apporter une aide financi\u00e8re au regard des d\u00e9g\u00e2ts subis.<\/p>\n<p>Reconstruire et replanter apr\u00e8s l\u2019orage<\/p>\n<p class=\" wall-content\">Le s\u00e9nateur Patrick Chauvet, toujours pr\u00e9sent pour les portes ouvertes, a constat\u00e9 pour sa part que ce type d\u2019\u00e9pisode m\u00e9t\u00e9orologique \u00ab ram\u00e8ne \u00e0 l\u2019humilit\u00e9. Cela me fait penser aux <strong>arboriculteurs<\/strong> qui peuvent perdre toute une r\u00e9colte pour un point de gel \u00bb, constatant que cet orage est effectivement tomb\u00e9 au pire moment, alors que les cultures sont en pleine croissance.<\/p>\n<p class=\" wall-content\">Mais l\u2019\u00e9lu a, lui aussi, pr\u00e9f\u00e9r\u00e9 regarder l\u2019avenir sous un meilleur angle, soulignant que \u00ab l\u2019orage pass\u00e9, on peut reconstruire et replanter \u00bb.<\/p>\n<p>Suivez l\u2019actualit\u00e9 de Rouen <a href=\"https:\/\/www.whatsapp.com\/channel\/0029VaKfnf99hXF2ddApFB1D\" target=\"_blank\" rel=\"noopener\">sur notre cha\u00eene WhatsApp<\/a> et <a href=\"https:\/\/www.tiktok.com\/@76actu.fr?lang=fr\" target=\"_blank\" rel=\"noopener\">sur notre compte TikTok<\/a><\/p>\n<p class=\" wall-content\">Suivez toute l\u2019actualit\u00e9 de vos villes et m\u00e9dias favoris en vous inscrivant \u00e0 <a href=\"https:\/\/moncompte.actu.fr\" title=\"D\u00e9couvez Mon Actu\" rel=\"nofollow noopener\" data-trk=\"{&quot;cta&quot;:{&quot;action&quot;:&quot;https:\\\/\\\/moncompte.actu.fr&quot;,&quot;category&quot;:&quot;mon compte&quot;,&quot;from&quot;:&quot;article footer&quot;,&quot;name&quot;:&quot;Mon actu&quot;,&quot;type&quot;:&quot;cta&quot;}}\" target=\"_blank\">Mon Actu<\/a>.<\/p>\n<p>                    <script async src=\"\/\/www.tiktok.com\/embed.js\"><\/script><\/p>\n","protected":false},"excerpt":{"rendered":"Par Isabelle Villy Publi\u00e9 le 3 juil. 2025 \u00e0 19h13 Choux \u00e9clat\u00e9s, salades broy\u00e9es\u2026 le passage de l\u2019orage,&hellip;\n","protected":false},"author":2,"featured_media":223747,"comment_status":"","ping_status":"","sticky":false,"template":"","format":"standard","meta":{"footnotes":""},"categories":[9587],"tags":[1111,11,1777,674,118,1011,27,3059,12,5161,4594,25,9590],"class_list":{"0":"post-223746","1":"post","2":"type-post","3":"status-publish","4":"format-standard","5":"has-post-thumbnail","7":"category-rouen","8":"tag-actu","9":"tag-actualites","10":"tag-eu","11":"tag-europe","12":"tag-faits-divers","13":"tag-fr","14":"tag-france","15":"tag-intemperies","16":"tag-news","17":"tag-normandie","18":"tag-orages","19":"tag-republique-francaise","20":"tag-rouen"},"share_on_mastodon":{"url":"https:\/\/pubeurope.com\/@fr\/114790733192993872","error":""},"_links":{"self":[{"href":"https:\/\/www.europesays.com\/fr\/wp-json\/wp\/v2\/posts\/223746","targetHints":{"allow":["GET"]}}],"collection":[{"href":"https:\/\/www.europesays.com\/fr\/wp-json\/wp\/v2\/posts"}],"about":[{"href":"https:\/\/www.europesays.com\/fr\/wp-json\/wp\/v2\/types\/post"}],"author":[{"embeddable":true,"href":"https:\/\/www.europesays.com\/fr\/wp-json\/wp\/v2\/users\/2"}],"replies":[{"embeddable":true,"href":"https:\/\/www.europesays.com\/fr\/wp-json\/wp\/v2\/comments?post=223746"}],"version-history":[{"count":0,"href":"https:\/\/www.europesays.com\/fr\/wp-json\/wp\/v2\/posts\/223746\/revisions"}],"wp:featuredmedia":[{"embeddable":true,"href":"https:\/\/www.europesays.com\/fr\/wp-json\/wp\/v2\/media\/223747"}],"wp:attachment":[{"href":"https:\/\/www.europesays.com\/fr\/wp-json\/wp\/v2\/media?parent=223746"}],"wp:term":[{"taxonomy":"category","embeddable":true,"href":"https:\/\/www.europesays.com\/fr\/wp-json\/wp\/v2\/categories?post=223746"},{"taxonomy":"post_tag","embeddable":true,"href":"https:\/\/www.europesays.com\/fr\/wp-json\/wp\/v2\/tags?post=223746"}],"curies":[{"name":"wp","href":"https:\/\/api.w.org\/{rel}","templated":true}]}}