{"id":223750,"date":"2025-07-03T18:33:10","date_gmt":"2025-07-03T18:33:10","guid":{"rendered":"https:\/\/www.europesays.com\/fr\/223750\/"},"modified":"2025-07-03T18:33:10","modified_gmt":"2025-07-03T18:33:10","slug":"grenoble-en-voulant-acheter-une-trottinette-lado-tombe-dans-un-guet-apens","status":"publish","type":"post","link":"https:\/\/www.europesays.com\/fr\/223750\/","title":{"rendered":"Grenoble. En voulant acheter une trottinette, l\u2019ado tombe dans un guet-apens"},"content":{"rendered":"<p>Un\u00a0adolescent qui avait rep\u00e9r\u00e9 une trottinette \u00e9lectrique en vente sur le site internet Leboncoin est all\u00e9 au rendez-vous fix\u00e9 par le pr\u00e9tendu vendeur, ce jeudi 3\u00a0juillet \u00e0 la mi-journ\u00e9e, \u00e0 l\u2019angle du boulevard Mar\u00e9chal Foch et de la rue G\u00e9n\u00e9ral-Ferri\u00e9.<\/p>\n<p>Sauf qu\u2019\u00e0 son arriv\u00e9e, plusieurs individus \u00e0 trottinette &#8211; dont les visages \u00e9taient partiellement dissimul\u00e9s sous des capuches et des masques chirurgicaux &#8211; lui ont litt\u00e9ralement saut\u00e9 dessus et l\u2019ont menac\u00e9 avec une arme de poing pour le d\u00e9pouiller. Si le jeune homme a r\u00e9ussi \u00e0 garder son argent, il s\u2019est en revanche fait voler son t\u00e9l\u00e9phone portable et sa casquette.<\/p>\n<p>Ce contenu est bloqu\u00e9 car vous n&rsquo;avez pas accept\u00e9 les cookies et autres traceurs.<\/p>\n<p>En cliquant sur \u00ab J\u2019accepte \u00bb, les cookies et autres traceurs seront d\u00e9pos\u00e9s et vous pourrez visualiser les contenus  (<a href=\"\" class=\"consentModule_policy\" target=\"_blank\" title=\"Consulter la politique de protection des donn\u00e9es du fournisseur\">plus d&rsquo;informations<\/a>).<\/p>\n<p>En cliquant sur \u00ab J\u2019accepte tous les cookies \u00bb, vous autorisez des d\u00e9p\u00f4ts de cookies et autres traceurs pour le stockage de vos donn\u00e9es sur nos sites et applications \u00e0 des fins de personnalisation et de ciblage publicitaire.<\/p>\n<p class=\"consentModule_secondaryText\">Vous gardez la possibilit\u00e9 de retirer votre consentement \u00e0 tout moment en consultant notre <a href=\"https:\/\/www.ledauphine.com\/protection-des-donnees\" target=\"_blank\" title=\"Consulter notre politique de protection des donn\u00e9es\" rel=\"nofollow noopener\">politique de protection des donn\u00e9es<\/a>. <br \/>&#13;<br \/>\n            <a href=\"https:\/\/www.ledauphine.com\/faits-divers-justice\/2025\/07\/03\/javascript:Didomi.notice.show()\" class=\"consentModule_cmp\" rel=\"nofollow noopener\" target=\"_blank\">G\u00e9rer mes choix<\/a>&#13;\n        <\/p>\n<p>&#13;<br \/>\n                        J&rsquo;accepte&#13;<br \/>\n            J&rsquo;accepte tous les cookies&#13;\n        <\/p>\n<p>Apeur\u00e9, il a pu fuir et se r\u00e9fugier &#8211; avec des passants t\u00e9moins de la sc\u00e8ne &#8211; dans une \u00e9picerie voisine dont le commer\u00e7ant a aussit\u00f4t verrouill\u00e9 les portes avant d\u2019appeler la police.<\/p>\n<p>Rapidement sur place, les policiers ont recueilli les d\u00e9clarations de la victime et des t\u00e9moins. Ils ont ensuite cherch\u00e9 les agresseurs. En vain.<\/p>\n","protected":false},"excerpt":{"rendered":"Un\u00a0adolescent qui avait rep\u00e9r\u00e9 une trottinette \u00e9lectrique en vente sur le site internet Leboncoin est all\u00e9 au rendez-vous&hellip;\n","protected":false},"author":2,"featured_media":223751,"comment_status":"","ping_status":"","sticky":false,"template":"","format":"standard","meta":{"footnotes":""},"categories":[9566],"tags":[1111,11,2430,271,272,112,1777,674,274,1011,27,2731,2732,108,12,25],"class_list":{"0":"post-223750","1":"post","2":"type-post","3":"status-publish","4":"format-standard","5":"has-post-thumbnail","7":"category-grenoble","8":"tag-actu","9":"tag-actualites","10":"tag-auvergne-rhone-alpes","11":"tag-crime","12":"tag-delit-et-contravention","13":"tag-edition-grenoble-agglomeration","14":"tag-eu","15":"tag-europe","16":"tag-faits-divers-justice","17":"tag-fr","18":"tag-france","19":"tag-grenoble","20":"tag-grenoble-bassin","21":"tag-isere","22":"tag-news","23":"tag-republique-francaise"},"share_on_mastodon":{"url":"https:\/\/pubeurope.com\/@fr\/114790741241069126","error":""},"_links":{"self":[{"href":"https:\/\/www.europesays.com\/fr\/wp-json\/wp\/v2\/posts\/223750","targetHints":{"allow":["GET"]}}],"collection":[{"href":"https:\/\/www.europesays.com\/fr\/wp-json\/wp\/v2\/posts"}],"about":[{"href":"https:\/\/www.europesays.com\/fr\/wp-json\/wp\/v2\/types\/post"}],"author":[{"embeddable":true,"href":"https:\/\/www.europesays.com\/fr\/wp-json\/wp\/v2\/users\/2"}],"replies":[{"embeddable":true,"href":"https:\/\/www.europesays.com\/fr\/wp-json\/wp\/v2\/comments?post=223750"}],"version-history":[{"count":0,"href":"https:\/\/www.europesays.com\/fr\/wp-json\/wp\/v2\/posts\/223750\/revisions"}],"wp:featuredmedia":[{"embeddable":true,"href":"https:\/\/www.europesays.com\/fr\/wp-json\/wp\/v2\/media\/223751"}],"wp:attachment":[{"href":"https:\/\/www.europesays.com\/fr\/wp-json\/wp\/v2\/media?parent=223750"}],"wp:term":[{"taxonomy":"category","embeddable":true,"href":"https:\/\/www.europesays.com\/fr\/wp-json\/wp\/v2\/categories?post=223750"},{"taxonomy":"post_tag","embeddable":true,"href":"https:\/\/www.europesays.com\/fr\/wp-json\/wp\/v2\/tags?post=223750"}],"curies":[{"name":"wp","href":"https:\/\/api.w.org\/{rel}","templated":true}]}}