{"id":223756,"date":"2025-07-03T18:36:12","date_gmt":"2025-07-03T18:36:12","guid":{"rendered":"https:\/\/www.europesays.com\/fr\/223756\/"},"modified":"2025-07-03T18:36:12","modified_gmt":"2025-07-03T18:36:12","slug":"le-proces-en-appel-en-novembre","status":"publish","type":"post","link":"https:\/\/www.europesays.com\/fr\/223756\/","title":{"rendered":"le proc\u00e8s en appel en novembre"},"content":{"rendered":"<p>Trois ans et demi apr\u00e8s un <a href=\"https:\/\/www.dna.fr\/edition-selestat-erstein\/2020\/02\/27\/cinq-morts-dans-un-incendie-la-piste-criminelle-envisagee\" target=\"_blank\" rel=\"noopener\">incendie ayant caus\u00e9 la mort de cinq habitants dans la rue de Barr<\/a> \u00e0 Strasbourg, la cour d\u2019assises du Bas-Rhin avait condamn\u00e9 deux hommes le 25 septembre 2023.<\/p>\n<p>Sassoun Azarian avait \u00e9cop\u00e9 de <a href=\"https:\/\/www.dna.fr\/faits-divers-justice\/2023\/09\/25\/23-ans-pour-l-incendiaire-de-la-rue-de-barr\" target=\"_blank\" rel=\"noopener\">23 ans de r\u00e9clusion criminelle<\/a> pour avoir mis le feu volontairement \u00e0 l\u2019immeuble sis au 22 rue de Barr le 27 f\u00e9vrier 2020. Munasar Ali Abdullahi, qui squattait lui aussi cet immeuble du quartier de la gare, a \u00e9t\u00e9 condamn\u00e9 \u00e0 quatre ans et demi d\u2019emprisonnement pour ne pas avoir port\u00e9 assistance aux victimes.<\/p>\n<p>Tous deux seront rejug\u00e9s du 18 au 25 novembre 2025 par la cour d\u2019assises du Haut-Rhin statuant en appel.<\/p>\n","protected":false},"excerpt":{"rendered":"Trois ans et demi apr\u00e8s un incendie ayant caus\u00e9 la mort de cinq habitants dans la rue de&hellip;\n","protected":false},"author":2,"featured_media":223757,"comment_status":"","ping_status":"","sticky":false,"template":"","format":"standard","meta":{"footnotes":""},"categories":[2820],"tags":[1111,11,2389,5065,271,272,2413,1777,674,274,107,1011,27,775,1637,1310,12,25,14851,640],"class_list":{"0":"post-223756","1":"post","2":"type-post","3":"status-publish","4":"format-standard","5":"has-post-thumbnail","7":"category-strasbourg","8":"tag-actu","9":"tag-actualites","10":"tag-alsace","11":"tag-colmar","12":"tag-crime","13":"tag-delit-et-contravention","14":"tag-edition-colmar-guebwiller","15":"tag-eu","16":"tag-europe","17":"tag-faits-divers-justice","18":"tag-fil-info","19":"tag-fr","20":"tag-france","21":"tag-grand-est","22":"tag-haut-rhin","23":"tag-incendie","24":"tag-news","25":"tag-republique-francaise","26":"tag-secteur-de-colmar","27":"tag-strasbourg"},"share_on_mastodon":{"url":"https:\/\/pubeurope.com\/@fr\/114790753191094158","error":""},"_links":{"self":[{"href":"https:\/\/www.europesays.com\/fr\/wp-json\/wp\/v2\/posts\/223756","targetHints":{"allow":["GET"]}}],"collection":[{"href":"https:\/\/www.europesays.com\/fr\/wp-json\/wp\/v2\/posts"}],"about":[{"href":"https:\/\/www.europesays.com\/fr\/wp-json\/wp\/v2\/types\/post"}],"author":[{"embeddable":true,"href":"https:\/\/www.europesays.com\/fr\/wp-json\/wp\/v2\/users\/2"}],"replies":[{"embeddable":true,"href":"https:\/\/www.europesays.com\/fr\/wp-json\/wp\/v2\/comments?post=223756"}],"version-history":[{"count":0,"href":"https:\/\/www.europesays.com\/fr\/wp-json\/wp\/v2\/posts\/223756\/revisions"}],"wp:featuredmedia":[{"embeddable":true,"href":"https:\/\/www.europesays.com\/fr\/wp-json\/wp\/v2\/media\/223757"}],"wp:attachment":[{"href":"https:\/\/www.europesays.com\/fr\/wp-json\/wp\/v2\/media?parent=223756"}],"wp:term":[{"taxonomy":"category","embeddable":true,"href":"https:\/\/www.europesays.com\/fr\/wp-json\/wp\/v2\/categories?post=223756"},{"taxonomy":"post_tag","embeddable":true,"href":"https:\/\/www.europesays.com\/fr\/wp-json\/wp\/v2\/tags?post=223756"}],"curies":[{"name":"wp","href":"https:\/\/api.w.org\/{rel}","templated":true}]}}