{"id":223758,"date":"2025-07-03T18:37:10","date_gmt":"2025-07-03T18:37:10","guid":{"rendered":"https:\/\/www.europesays.com\/fr\/223758\/"},"modified":"2025-07-03T18:37:10","modified_gmt":"2025-07-03T18:37:10","slug":"municipales-2026-a-strasbourg-lecologiste-jeanne-barseghian-candidate-a-sa-reelection","status":"publish","type":"post","link":"https:\/\/www.europesays.com\/fr\/223758\/","title":{"rendered":"Municipales 2026. \u00c0 Strasbourg, l\u2019\u00e9cologiste Jeanne Barseghian candidate \u00e0 sa r\u00e9\u00e9lection"},"content":{"rendered":"<p>La maire \u00e9cologiste de Strasbourg, <a href=\"https:\/\/www.lalsace.fr\/p\/jeanne-barseghian\" target=\"_blank\" rel=\"noopener\">Jeanne Barseghian<\/a>, a annonc\u00e9 ce jeudi soir 3 juillet \u00e0 la faveur d\u2019une r\u00e9union publique organis\u00e9e par sa majorit\u00e9, qu\u2019elle briguera un nouveau mandat aux \u00e9lections municipales de 2026.<\/p>\n<p>Jeanne Barseghian, 45 ans, a \u00e9t\u00e9 \u00e9lue maire de la capitale alsacienne en 2020 \u00e0 la t\u00eate d\u2019une liste compos\u00e9e de militants \u00e9cologistes et communistes, de citoyens non encart\u00e9s, ainsi que de sociod\u00e9mocrates des mouvements Place Publique et Generation. s et de r\u00e9gionalistes de gauche du parti s\u2019Linke Elsass. Ces formations \u00e9taient d\u2019ailleurs pr\u00e9sentes ce jeudi soir au Tigre, une brasserie strasbourgeoise dans laquelle avait \u00e9t\u00e9 organis\u00e9e une r\u00e9union publique consacr\u00e9e au bilan de la majorit\u00e9 sortante et \u00e0 l\u2019issue de laquelle la maire a d\u00e9voil\u00e9 ses intentions.<\/p>\n<p>  La canicule pr\u00e9cipite l\u2019annonce\u00a0?<\/p>\n<p>Jeanne Barseghian et son \u00e9quipe ont semble-t-il h\u00e9sit\u00e9 avant de choisir le moment de l\u2019annonce. L\u2019une des hypoth\u00e8ses \u00e9tait d\u2019attendre le lancement des universit\u00e9s d\u2019\u00e9t\u00e9 du parti Les \u00c9cologistes, <a href=\"https:\/\/www.lalsace.fr\/politique\/2025\/01\/17\/les-universites-d-ete-des-ecologistes-a-strasbourg-en-aout\" target=\"_blank\" rel=\"nofollow noopener\">qui auront lieu \u00e0 Strasbourg du 21 au 23\u00a0ao\u00fbt.<\/a> Jeanne Barseghian doit ouvrir officiellement le rendez-vous avec la secr\u00e9taire nationale du parti <a href=\"https:\/\/www.lalsace.fr\/p\/marine-tondelier\" target=\"_blank\" rel=\"noopener\">Marine Tondelier<\/a>.<\/p>\n<p>Mais l\u2019\u00e9pisode de canicule qui vient de s\u2019abattre sur l\u2019Europe du Sud a probablement pr\u00e9cipit\u00e9 l\u2019annonce. Il est vrai que <a href=\"https:\/\/www.lalsace.fr\/edition-strasbourg\/2020\/06\/28\/direct-soiree-du-second-tour-des-elections-municipales-a-strasbourg-toutes-nos-infos\" target=\"_blank\" rel=\"nofollow noopener\">Jeanne Barseghian, avait \u00e9t\u00e9 \u00e9lue sur la base d\u2019un programme consistant \u00e0 vouloir \u00ab\u00a0adapter la ville au r\u00e9chauffement climatique\u00a0\u00bb<\/a> , au lendemain d\u2019une ann\u00e9e 2019 marqu\u00e9e par des canicules historiques. Les municipales de 2020 avaient \u00e9t\u00e9 l\u2019occasion d\u2019une vague verte qui avait permis aux \u00e9cologistes de remporter plusieurs grandes villes comme Strasbourg, Lyon, Bordeaux, Poitiers ou Grenoble. Dans la foul\u00e9e, les \u00e9cologistes strasbourgeois et leurs alli\u00e9s de Schiltigheim notamment, avaient emport\u00e9 l\u2019Eurom\u00e9tropole.<\/p>\n<p>Depuis, les d\u00e9fenseurs de l\u2019environnement d\u00e9plorent au niveau national un \u00ab\u00a0backlash\u00a0\u00bb un retour de b\u00e2ton sur les questions \u00e9cologiques.<\/p>\n<p>  La campagne s\u2019annonce tr\u00e8s disput\u00e9e<\/p>\n<p>L\u2019annonce de la maire sortante intervient \u00e9galement \u00e0 un moment <a href=\"https:\/\/www.lalsace.fr\/politique\/2025\/06\/25\/lfi-plaide-pour-une-vie-republique\" target=\"_blank\" rel=\"nofollow noopener\">o\u00f9 La France insoumise, qui pr\u00e9pare elle aussi les municipales,<\/a> tente de f\u00e9d\u00e9rer un certain nombre d\u2019acteurs de dossiers locaux, lorgnant sur l\u2019\u00e9lectorat \u00e9cologiste. Il y avait donc urgence pour la maire de Strasbourg \u00e0 ne plus attendre.<\/p>\n<p><a href=\"https:\/\/www.lalsace.fr\/elections\/2025\/03\/30\/strasbourg-le-siege-de-jeanne-barseghian-tres-convoite\" target=\"_blank\" rel=\"nofollow noopener\">D\u2019autant que la campagne des \u00e9lections municipales \u00e0 Strasbourg s\u2019annonce particuli\u00e8rement disput\u00e9e<\/a> , \u00e0 l\u2019image d\u2019un mandat marqu\u00e9, notamment dans sa premi\u00e8re partie, par un grand nombre de pol\u00e9miques et controverses entre la majorit\u00e9 et ses oppositions de droite, du centre et de gauche, <a href=\"https:\/\/www.lalsace.fr\/politique\/2022\/09\/17\/entre-la-maire-et-la-prefete-une-relation-orageuse-qui-dure\" target=\"_blank\" rel=\"nofollow noopener\">voire avec l\u2019ancienne pr\u00e9f\u00e8te<\/a> et m\u00eame le gouvernement.<\/p>\n<p>Ce qui n\u2019a pas emp\u00each\u00e9 les \u00e9cologistes de gagner et garder une des trois circonscriptions l\u00e9gislatives strasbourgeoises en 2022 puis 2024 (toutes trois \u00e0 gauche aujourd\u2019hui), et de ravir aux socialistes deux cantons en 2021.<\/p>\n<p>La campagne des municipales 2026 est d\u00e9j\u00e0 bien engag\u00e9e \u00e0 Strasbourg. \u00c0 gauche, la majorit\u00e9 sortante et ses composantes se mettent en ordre de bataille. La France Insoumise donne le sentiment de vouloir partir seule. <a href=\"https:\/\/www.lalsace.fr\/elections\/2025\/04\/25\/les-socialistes-devoilent-leur-strategie-pour-les-municipales\" target=\"_blank\" rel=\"noopener\"> Le Parti socialiste a d\u2019ores et d\u00e9j\u00e0 annonc\u00e9<\/a> qu\u2019il pr\u00e9sentera au premier tour une liste autonome dont la pr\u00e9paration se fait sous l\u2019autorit\u00e9 de l\u2019ancienne maire <a href=\"https:\/\/www.lalsace.fr\/p\/catherine-trautmann\" target=\"_blank\" rel=\"noopener\">Catherine Trautmann<\/a>. Au centre, les partis Horizons, MoDem et Renaissance parlent d\u2019union. \u00c0 droite, <a href=\"https:\/\/www.lalsace.fr\/politique\/2025\/06\/28\/jean-philippe-vetter-organise-un-banquet-republicain-le-6-juillet\" target=\"_blank\" rel=\"nofollow noopener\"> le LR Jean-Philippe Vetter est d\u00e9j\u00e0 d\u00e9clar\u00e9<\/a> , mais non encore investi. \u00c0 l\u2019extr\u00eame droite, c\u2019est l\u2019eurod\u00e9put\u00e9e Virginie Joron qui est pressentie pour mener la liste RN.<\/p>\n<p>Le jeu des alliances comptera pour beaucoup dans les r\u00e9sultats du scrutin.<\/p>\n","protected":false},"excerpt":{"rendered":"La maire \u00e9cologiste de Strasbourg, Jeanne Barseghian, a annonc\u00e9 ce jeudi soir 3 juillet \u00e0 la faveur d\u2019une&hellip;\n","protected":false},"author":2,"featured_media":223759,"comment_status":"","ping_status":"","sticky":false,"template":"","format":"standard","meta":{"footnotes":""},"categories":[2820],"tags":[1111,11,2389,4188,1777,674,107,1011,27,775,3539,12,316,25,640],"class_list":{"0":"post-223758","1":"post","2":"type-post","3":"status-publish","4":"format-standard","5":"has-post-thumbnail","7":"category-strasbourg","8":"tag-actu","9":"tag-actualites","10":"tag-alsace","11":"tag-elections-municipales","12":"tag-eu","13":"tag-europe","14":"tag-fil-info","15":"tag-fr","16":"tag-france","17":"tag-grand-est","18":"tag-les-ecologistes","19":"tag-news","20":"tag-politique","21":"tag-republique-francaise","22":"tag-strasbourg"},"share_on_mastodon":{"url":"https:\/\/pubeurope.com\/@fr\/114790756788162294","error":""},"_links":{"self":[{"href":"https:\/\/www.europesays.com\/fr\/wp-json\/wp\/v2\/posts\/223758","targetHints":{"allow":["GET"]}}],"collection":[{"href":"https:\/\/www.europesays.com\/fr\/wp-json\/wp\/v2\/posts"}],"about":[{"href":"https:\/\/www.europesays.com\/fr\/wp-json\/wp\/v2\/types\/post"}],"author":[{"embeddable":true,"href":"https:\/\/www.europesays.com\/fr\/wp-json\/wp\/v2\/users\/2"}],"replies":[{"embeddable":true,"href":"https:\/\/www.europesays.com\/fr\/wp-json\/wp\/v2\/comments?post=223758"}],"version-history":[{"count":0,"href":"https:\/\/www.europesays.com\/fr\/wp-json\/wp\/v2\/posts\/223758\/revisions"}],"wp:featuredmedia":[{"embeddable":true,"href":"https:\/\/www.europesays.com\/fr\/wp-json\/wp\/v2\/media\/223759"}],"wp:attachment":[{"href":"https:\/\/www.europesays.com\/fr\/wp-json\/wp\/v2\/media?parent=223758"}],"wp:term":[{"taxonomy":"category","embeddable":true,"href":"https:\/\/www.europesays.com\/fr\/wp-json\/wp\/v2\/categories?post=223758"},{"taxonomy":"post_tag","embeddable":true,"href":"https:\/\/www.europesays.com\/fr\/wp-json\/wp\/v2\/tags?post=223758"}],"curies":[{"name":"wp","href":"https:\/\/api.w.org\/{rel}","templated":true}]}}