{"id":223766,"date":"2025-07-03T18:41:27","date_gmt":"2025-07-03T18:41:27","guid":{"rendered":"https:\/\/www.europesays.com\/fr\/223766\/"},"modified":"2025-07-03T18:41:27","modified_gmt":"2025-07-03T18:41:27","slug":"un-surveillant-de-prison-aurait-fourni-de-la-drogue-et-des-portables-a-des-detenus","status":"publish","type":"post","link":"https:\/\/www.europesays.com\/fr\/223766\/","title":{"rendered":"un surveillant de prison aurait fourni de la drogue et des portables \u00e0 des d\u00e9tenus"},"content":{"rendered":"<p>Un surveillant de la maison d\u2019arr\u00eat de Nantes-Carquefou (<a target=\"_self\" href=\"https:\/\/www.lanouvellerepublique.fr\/loire-atlantique\" rel=\"noopener\">Loire-Atlantique<\/a>) a \u00e9t\u00e9 interpell\u00e9 et plac\u00e9 en garde \u00e0 vue le 1er\u00a0juillet 2025, r\u00e9v\u00e8le <a target=\"_blank\" href=\"https:\/\/www.ouest-france.fr\/societe\/faits-divers\/soupconne-de-faire-rentrer-de-la-drogue-et-des-telephones-un-surveillant-de-prison-arrete-a-nantes-1978d80c-5759-11f0-bfe7-b5be353361db\" rel=\"noopener\">Ouest-France<\/a>. Une interpellation qui a ensuite \u00e9t\u00e9 confirm\u00e9e par le procureur de la R\u00e9publique de Nantes Antoine Leroy.<\/p>\n<p>\u00ab\u00a0Un coll\u00e8gue que l\u2019on conna\u00eet bien\u00a0\u00bb<\/p>\n<p>D\u2019apr\u00e8s nos confr\u00e8res, le surveillant aurait \u00e9t\u00e9 pay\u00e9 par des d\u00e9tenus pour faire entrer dans la prison de la drogue et des t\u00e9l\u00e9phones portables. \u00ab\u00a0C\u2019est un coll\u00e8gue que l\u2019on conna\u00eet bien et qui travaille depuis des ann\u00e9es \u00e0 Nantes\u00a0\u00bb, a confi\u00e9 une source au sein de l\u2019administration p\u00e9nitentiaire. L\u2019enqu\u00eate a \u00e9t\u00e9 men\u00e9e par la Division de la criminalit\u00e9 organis\u00e9e et sp\u00e9cialis\u00e9e (DCOS) de Nantes.<\/p>\n<p>En d\u00e9but de semaine, le Syndicat FO Justice avait alert\u00e9 sur les conditions de travail des agents p\u00e9nitentiaires de la prison de Nantes. Il avait d\u00e9nonc\u00e9 la surpopulation, rapporte <a target=\"_blank\" href=\"https:\/\/www.francebleu.fr\/infos\/faits-divers-justice\/surpopulation-et-chaleur-des-conditions-explosives-a-la-prison-de-nantes-2499724\" rel=\"noopener\">ici Loire Oc\u00e9an<\/a>. Le 30\u00a0juin 2025, 979 hommes \u00e9taient d\u00e9tenus dans le Quartier maison d\u2019arr\u00eat (QMA) soit un taux d\u2019occupation de 198\u00a0%.<\/p>\n","protected":false},"excerpt":{"rendered":"Un surveillant de la maison d\u2019arr\u00eat de Nantes-Carquefou (Loire-Atlantique) a \u00e9t\u00e9 interpell\u00e9 et plac\u00e9 en garde \u00e0 vue&hellip;\n","protected":false},"author":2,"featured_media":223767,"comment_status":"","ping_status":"","sticky":false,"template":"","format":"standard","meta":{"footnotes":""},"categories":[2818],"tags":[328,1111,11,1674,1777,674,274,1011,27,3047,766,12,2636,25],"class_list":{"0":"post-223766","1":"post","2":"type-post","3":"status-publish","4":"format-standard","5":"has-post-thumbnail","7":"category-nantes","8":"tag-a-la-une","9":"tag-actu","10":"tag-actualites","11":"tag-communes","12":"tag-eu","13":"tag-europe","14":"tag-faits-divers-justice","15":"tag-fr","16":"tag-france","17":"tag-loire-atlantique","18":"tag-nantes","19":"tag-news","20":"tag-pays-de-la-loire","21":"tag-republique-francaise"},"share_on_mastodon":{"url":"https:\/\/pubeurope.com\/@fr\/114790772472537488","error":""},"_links":{"self":[{"href":"https:\/\/www.europesays.com\/fr\/wp-json\/wp\/v2\/posts\/223766","targetHints":{"allow":["GET"]}}],"collection":[{"href":"https:\/\/www.europesays.com\/fr\/wp-json\/wp\/v2\/posts"}],"about":[{"href":"https:\/\/www.europesays.com\/fr\/wp-json\/wp\/v2\/types\/post"}],"author":[{"embeddable":true,"href":"https:\/\/www.europesays.com\/fr\/wp-json\/wp\/v2\/users\/2"}],"replies":[{"embeddable":true,"href":"https:\/\/www.europesays.com\/fr\/wp-json\/wp\/v2\/comments?post=223766"}],"version-history":[{"count":0,"href":"https:\/\/www.europesays.com\/fr\/wp-json\/wp\/v2\/posts\/223766\/revisions"}],"wp:featuredmedia":[{"embeddable":true,"href":"https:\/\/www.europesays.com\/fr\/wp-json\/wp\/v2\/media\/223767"}],"wp:attachment":[{"href":"https:\/\/www.europesays.com\/fr\/wp-json\/wp\/v2\/media?parent=223766"}],"wp:term":[{"taxonomy":"category","embeddable":true,"href":"https:\/\/www.europesays.com\/fr\/wp-json\/wp\/v2\/categories?post=223766"},{"taxonomy":"post_tag","embeddable":true,"href":"https:\/\/www.europesays.com\/fr\/wp-json\/wp\/v2\/tags?post=223766"}],"curies":[{"name":"wp","href":"https:\/\/api.w.org\/{rel}","templated":true}]}}