{"id":223780,"date":"2025-07-03T18:48:10","date_gmt":"2025-07-03T18:48:10","guid":{"rendered":"https:\/\/www.europesays.com\/fr\/223780\/"},"modified":"2025-07-03T18:48:10","modified_gmt":"2025-07-03T18:48:10","slug":"le-prefet-de-region-au-chevet-de-la-copropriete-degradee-des-rosiers-a-marseille","status":"publish","type":"post","link":"https:\/\/www.europesays.com\/fr\/223780\/","title":{"rendered":"Le pr\u00e9fet de r\u00e9gion au chevet de la copropri\u00e9t\u00e9 d\u00e9grad\u00e9e des Rosiers \u00e0 Marseille"},"content":{"rendered":"<p>\u00ab\u00a0Quand je marche au milieu des poubelles et me rends compte des conditions dans lesquels vivent les habitants, souvent abus\u00e9s par des marchands de sommeil, je comprends le d\u00e9fi majeur que portent les institutions.\u00a0\u00bb<\/p>\n<p>En ouverture du premier Comit\u00e9 m\u00e9tropolitain de l\u2019habitat, jeudi 3\u00a0juillet, <a href=\"https:\/\/www.laprovence.com\/article\/region\/407636636084914\/la-renovation-urbaine-priorite-de-la-prefete-a-l-egalite-des-chances-des-bouches-du-rhone-isabelle-epaillard\" target=\"_blank\" rel=\"noopener\">la pr\u00e9f\u00e8te d\u00e9l\u00e9gu\u00e9e \u00e0 l\u2019\u00e9galit\u00e9 des chances<\/a> d\u00e9crit sa visite, quelques heures plus t\u00f4t, aux Rosiers.<\/p>\n<p>Op\u00e9ration de requalification<\/p>\n<p>Avec le pr\u00e9fet de r\u00e9gion, <a href=\"https:\/\/www.laprovence.com\/article\/politique\/3561551978734914\/pour-le-prefet-de-la-region-paca-georges-francois-leclerc-le-logement-social-est-une-solution-et-une-methode\" target=\"_blank\" rel=\"noopener\">Georges-Fran\u00e7ois Leclerc<\/a>, Isabelle \u00c9paillard est venue faire un point d\u2019\u00e9tape de l\u2019op\u00e9ration de requalification des <a href=\"https:\/\/www.laprovence.com\/article\/region\/3003450334862314\/coproprietes-degradees-la-ville-de-marseille-redoute-le-desengagement-de-l-etat\" target=\"_blank\" rel=\"noopener\">copropri\u00e9t\u00e9s d\u00e9grad\u00e9es<\/a> d\u2019Int\u00e9r\u00eat national (Orcod-In) en cours dans le quartier du 14e arrondissement. Comme la Maurelette (15e), le Mail (14e) et Consolat (15e), le quartier des Rosiers doit profiter d\u2019un plan de redressement. Apr\u00e8s un diagnostic rendu par <a href=\"https:\/\/www.laprovence.com\/article\/societe\/21758125833898\/imaginer-de-nouveaux-scenarios-pour-six-coproprietes-degradees-a-marseille\" target=\"_blank\" rel=\"noopener\">l\u2019\u00c9tablissement public foncier en f\u00e9vrier<\/a>, \u00ab\u00a0trois des quatre dossiers sont boucl\u00e9s\u00a0\u00bb et sont \u00ab\u00a0remont\u00e9s vers le minist\u00e8re du logement\u00a0\u00bb, pr\u00e9sente Isabelle \u00c9paillard, pour \u00ab\u00a0obtenir un d\u00e9cret, condition pour b\u00e9n\u00e9ficier de la solidarit\u00e9 nationale et effectuer les travaux n\u00e9cessaires\u00a0\u00bb.<\/p>\n<p>Si le sort de ce quartier \u00ab\u00a0en cours de finalisation\u00a0\u00bb n\u2019a pas filtr\u00e9, cette visite matinale a permis au pr\u00e9fet et \u00e0 la pr\u00e9f\u00e8te d\u00e9l\u00e9gu\u00e9e de constater une partie des probl\u00e8mes aux Rosiers. Et de d\u00e9cider de \u00ab\u00a0premi\u00e8res actions\u00a0\u00bb dans \u00ab\u00a0la gestion urbaine de proximit\u00e9\u00a0\u00bb.<\/p>\n<p>\u00ab\u00a0La Ville et la M\u00e9tropole ont \u00e9t\u00e9 contact\u00e9es pour intervenir dans les meilleurs d\u00e9lais sur le d\u00e9sencombrement des espaces ext\u00e9rieurs priv\u00e9s des Rosiers, o\u00f9 une op\u00e9ration restauration de cadre de vie a \u00e9t\u00e9 men\u00e9e par la police nationale la semaine pass\u00e9e. La fourri\u00e8re municipale a \u00e9t\u00e9 contact\u00e9e pour le retrait de voitures ventouses\u00a0\u00bb, d\u00e9taille la pr\u00e9fecture.\u00a0Si Isabelle \u00c9paillard d\u00e9crit les Rosiers comme \u00ab\u00a0l\u2019une des copropri\u00e9t\u00e9s les plus fragilis\u00e9es de la ville\u00a0\u00bb, elle d\u00e9nombre toutefois \u00ab\u00a0une vingtaine de copropri\u00e9t\u00e9s d\u00e9grad\u00e9es\u00a0\u00bb \u00e0 Marseille.<\/p>\n","protected":false},"excerpt":{"rendered":"\u00ab\u00a0Quand je marche au milieu des poubelles et me rends compte des conditions dans lesquels vivent les habitants,&hellip;\n","protected":false},"author":2,"featured_media":223781,"comment_status":"","ping_status":"","sticky":false,"template":"","format":"standard","meta":{"footnotes":""},"categories":[2814],"tags":[17,1111,11,36280,32243,13479,154,1777,674,1011,27,884,12,14583,882,16,25,36281],"class_list":{"0":"post-223780","1":"post","2":"type-post","3":"status-publish","4":"format-standard","5":"has-post-thumbnail","7":"category-marseille","8":"tag-17","9":"tag-actu","10":"tag-actualites","11":"tag-chevet","12":"tag-copropriete","13":"tag-degradee","14":"tag-des","15":"tag-eu","16":"tag-europe","17":"tag-fr","18":"tag-france","19":"tag-marseille","20":"tag-news","21":"tag-prefet","22":"tag-provence-alpes-cote-dazur","23":"tag-region","24":"tag-republique-francaise","25":"tag-rosiers"},"share_on_mastodon":{"url":"https:\/\/pubeurope.com\/@fr\/114790800013038970","error":""},"_links":{"self":[{"href":"https:\/\/www.europesays.com\/fr\/wp-json\/wp\/v2\/posts\/223780","targetHints":{"allow":["GET"]}}],"collection":[{"href":"https:\/\/www.europesays.com\/fr\/wp-json\/wp\/v2\/posts"}],"about":[{"href":"https:\/\/www.europesays.com\/fr\/wp-json\/wp\/v2\/types\/post"}],"author":[{"embeddable":true,"href":"https:\/\/www.europesays.com\/fr\/wp-json\/wp\/v2\/users\/2"}],"replies":[{"embeddable":true,"href":"https:\/\/www.europesays.com\/fr\/wp-json\/wp\/v2\/comments?post=223780"}],"version-history":[{"count":0,"href":"https:\/\/www.europesays.com\/fr\/wp-json\/wp\/v2\/posts\/223780\/revisions"}],"wp:featuredmedia":[{"embeddable":true,"href":"https:\/\/www.europesays.com\/fr\/wp-json\/wp\/v2\/media\/223781"}],"wp:attachment":[{"href":"https:\/\/www.europesays.com\/fr\/wp-json\/wp\/v2\/media?parent=223780"}],"wp:term":[{"taxonomy":"category","embeddable":true,"href":"https:\/\/www.europesays.com\/fr\/wp-json\/wp\/v2\/categories?post=223780"},{"taxonomy":"post_tag","embeddable":true,"href":"https:\/\/www.europesays.com\/fr\/wp-json\/wp\/v2\/tags?post=223780"}],"curies":[{"name":"wp","href":"https:\/\/api.w.org\/{rel}","templated":true}]}}