{"id":223782,"date":"2025-07-03T18:49:10","date_gmt":"2025-07-03T18:49:10","guid":{"rendered":"https:\/\/www.europesays.com\/fr\/223782\/"},"modified":"2025-07-03T18:49:10","modified_gmt":"2025-07-03T18:49:10","slug":"des-interrogations-autour-du-futur-parc-du-ruisseau-des-aygalades","status":"publish","type":"post","link":"https:\/\/www.europesays.com\/fr\/223782\/","title":{"rendered":"des interrogations autour du futur parc du ruisseau des Aygalades"},"content":{"rendered":"<p>La <a href=\"https:\/\/www.laprovence.com\/article\/region\/12851708855383\/marseille-la-promesse-dun-borely-des-quartiers-nord-aux-aygalades\" target=\"_blank\" rel=\"noopener\">nouvelle r\u00e9union d\u2019information du parc du Ruisseau des Aygalades<\/a> a donn\u00e9 l\u2019occasion, mardi 1er\u00a0juillet, \u00e0 la Coque, de pr\u00e9senter un peu plus dans le d\u00e9tail l\u2019allure que prendra cet espace vert de 16 hectares, attendu dans les quartiers des Aygalades et du Canet \u00e0 l\u2019horizon 2031. Apr\u00e8s avoir <a href=\"https:\/\/laprovence.com\/article\/actualites\/2237315\/marseille-le-vieux-port-nouveau-est-arrive.html\" target=\"_blank\" rel=\"noopener\">redessin\u00e9 le Vieux-Port en\u00a02013 aux c\u00f4t\u00e9s de Norman Foster<\/a>, le paysagiste <a href=\"https:\/\/www.laprovence.com\/article\/region\/3137802647159414\/berges-sur-leau-prairies-balade-boisee-l-aspect-final-du-futur-parc-des-aygalades-a-marseille-devoile\" target=\"_blank\" rel=\"noopener\">Michel Desvigne s\u2019est vu confier la t\u00e2che de renaturer l\u2019actuelle gare ferroviaire <\/a>qui s\u2019\u00e9tend sur 1\u00a0km de long. \u00ab\u00a0Si on ajoute d\u2019un c\u00f4t\u00e9 les 4\u00a0ha du parc Bougainville et les 6\u00a0ha du parc Billoux, on se retrouve avec 2\u00a0km d\u2019espaces verts, d\u2019une surface totale de 26\u00a0ha\u00a0\u00bb, pr\u00e9cise le paysagiste, rappelant que les parcs Longchamp et Bor\u00e9ly occupent respectivement 11\u00a0ha et 17\u00a0ha.<\/p>\n","protected":false},"excerpt":{"rendered":"La nouvelle r\u00e9union d\u2019information du parc du Ruisseau des Aygalades a donn\u00e9 l\u2019occasion, mardi 1er\u00a0juillet, \u00e0 la Coque,&hellip;\n","protected":false},"author":2,"featured_media":223783,"comment_status":"","ping_status":"","sticky":false,"template":"","format":"standard","meta":{"footnotes":""},"categories":[2814],"tags":[17,1111,11,7051,154,1777,674,1011,27,5852,36282,884,12,153,882,16,25,36283],"class_list":{"0":"post-223782","1":"post","2":"type-post","3":"status-publish","4":"format-standard","5":"has-post-thumbnail","7":"category-marseille","8":"tag-17","9":"tag-actu","10":"tag-actualites","11":"tag-autour","12":"tag-des","13":"tag-eu","14":"tag-europe","15":"tag-fr","16":"tag-france","17":"tag-futur","18":"tag-interrogations","19":"tag-marseille","20":"tag-news","21":"tag-parc","22":"tag-provence-alpes-cote-dazur","23":"tag-region","24":"tag-republique-francaise","25":"tag-ruisseau"},"share_on_mastodon":{"url":"https:\/\/pubeurope.com\/@fr\/114790803999167796","error":""},"_links":{"self":[{"href":"https:\/\/www.europesays.com\/fr\/wp-json\/wp\/v2\/posts\/223782","targetHints":{"allow":["GET"]}}],"collection":[{"href":"https:\/\/www.europesays.com\/fr\/wp-json\/wp\/v2\/posts"}],"about":[{"href":"https:\/\/www.europesays.com\/fr\/wp-json\/wp\/v2\/types\/post"}],"author":[{"embeddable":true,"href":"https:\/\/www.europesays.com\/fr\/wp-json\/wp\/v2\/users\/2"}],"replies":[{"embeddable":true,"href":"https:\/\/www.europesays.com\/fr\/wp-json\/wp\/v2\/comments?post=223782"}],"version-history":[{"count":0,"href":"https:\/\/www.europesays.com\/fr\/wp-json\/wp\/v2\/posts\/223782\/revisions"}],"wp:featuredmedia":[{"embeddable":true,"href":"https:\/\/www.europesays.com\/fr\/wp-json\/wp\/v2\/media\/223783"}],"wp:attachment":[{"href":"https:\/\/www.europesays.com\/fr\/wp-json\/wp\/v2\/media?parent=223782"}],"wp:term":[{"taxonomy":"category","embeddable":true,"href":"https:\/\/www.europesays.com\/fr\/wp-json\/wp\/v2\/categories?post=223782"},{"taxonomy":"post_tag","embeddable":true,"href":"https:\/\/www.europesays.com\/fr\/wp-json\/wp\/v2\/tags?post=223782"}],"curies":[{"name":"wp","href":"https:\/\/api.w.org\/{rel}","templated":true}]}}