{"id":223784,"date":"2025-07-03T18:50:10","date_gmt":"2025-07-03T18:50:10","guid":{"rendered":"https:\/\/www.europesays.com\/fr\/223784\/"},"modified":"2025-07-03T18:50:10","modified_gmt":"2025-07-03T18:50:10","slug":"50-ans-apres-son-fils-en-appelle-a-gerald-darmanin","status":"publish","type":"post","link":"https:\/\/www.europesays.com\/fr\/223784\/","title":{"rendered":"50 ans apr\u00e8s, son fils en appelle \u00e0 G\u00e9rald Darmanin"},"content":{"rendered":"<p>Alors que l&rsquo;action publique est \u00e9teinte, que l&rsquo;affaire est prescrite, l&rsquo;enqu\u00eate sur l&rsquo;assassinat du juge Renaud pourrait elle \u00eatre relanc\u00e9e ? C&rsquo;est en tout cas la demande solennelle qui a \u00e9t\u00e9 formul\u00e9e ce jeudi soir \u00e0 Lyon par le fils du magistrat, a appris Le Progr\u00e8s.<\/p>\n<p>Lors d&rsquo;une conf\u00e9rence organis\u00e9e \u00e0 l&rsquo;h\u00f4tel Fourvi\u00e8re, Francis Renaud en a appel\u00e9 au ministre de la Justice.<\/p>\n<p>  \u00ab\u00a0Le crime est prescrit mais la v\u00e9rit\u00e9 ne l&rsquo;est pas\u00a0\u00bb<\/p>\n<p>\u00ab\u00a0G\u00e9rald Darmanin s&rsquo;honorerait en demandant au p\u00f4le Cold Case de reprendre cette affaire. Le crime est prescrit mais la v\u00e9rit\u00e9 ne l&rsquo;est pas\u00a0\u00bb, a-t-il d\u00e9clar\u00e9, 50 ans jour pour jour apr\u00e8s le meurtre de son p\u00e8re.<\/p>\n<p>Une ordonnance de non-lieu a \u00e9t\u00e9 rendue en septembre 1992 et les faits sont prescrits depuis 2004. C&rsquo;est dire que la demande de la famille a tr\u00e8s peu de chances d&rsquo;aboutir. Mais Francis Renaud se bat depuis des ann\u00e9es pour tenter d&rsquo;obtenir la v\u00e9rit\u00e9.<\/p>\n<p>Fran\u00e7ois Renaud a \u00e9t\u00e9 ex\u00e9cut\u00e9 par un commando de tueurs dans la nuit du 3 juillet 1975, devant son domicile mont\u00e9e de l&rsquo;Observance (Lyon 9e).<\/p>\n<p>De nombreuses incoh\u00e9rences<\/p>\n<p>L&rsquo;enqu\u00eate qui a \u00e9t\u00e9 entach\u00e9e de nombreuses incoh\u00e9rences n&rsquo;a jamais abouti. La famille pointe du doigt des \u00e9l\u00e9ments du milieu lyonnais ayant agi sur commande ou avec la b\u00e9n\u00e9diction du SAC, le service d&rsquo;action civique, sur lequel le juge enqu\u00eatait.<\/p>\n<p>Fran\u00e7ois Renaud tentait d&rsquo;\u00e9tablir les liens troubles entre la p\u00e8gre et l&rsquo;officine gaulliste, notamment dans le cadre du financement de partis politiques.<\/p>\n<p>\u00ab\u00a0Une piste taboue \u00bb, a indiqu\u00e9 Francis Renaud ce jeudi soir, estimant que son p\u00e8re avait \u00e9t\u00e9 ex\u00e9cut\u00e9 parce qu&rsquo;il faisait \u00ab\u00a0simplement son travail\u00a0\u00bb.<\/p>\n","protected":false},"excerpt":{"rendered":"Alors que l&rsquo;action publique est \u00e9teinte, que l&rsquo;affaire est prescrite, l&rsquo;enqu\u00eate sur l&rsquo;assassinat du juge Renaud pourrait elle&hellip;\n","protected":false},"author":2,"featured_media":223785,"comment_status":"","ping_status":"","sticky":false,"template":"","format":"standard","meta":{"footnotes":""},"categories":[1889],"tags":[1111,11,2430,271,272,2757,1777,674,274,1011,27,937,2428,12,25,2429,104],"class_list":{"0":"post-223784","1":"post","2":"type-post","3":"status-publish","4":"format-standard","5":"has-post-thumbnail","7":"category-lyon","8":"tag-actu","9":"tag-actualites","10":"tag-auvergne-rhone-alpes","11":"tag-crime","12":"tag-delit-et-contravention","13":"tag-edition-lyon-villeurbanne","14":"tag-eu","15":"tag-europe","16":"tag-faits-divers-justice","17":"tag-fr","18":"tag-france","19":"tag-histoire","20":"tag-lyon","21":"tag-news","22":"tag-republique-francaise","23":"tag-rhone","24":"tag-societe"},"share_on_mastodon":{"url":"https:\/\/pubeurope.com\/@fr\/114790808118448959","error":""},"_links":{"self":[{"href":"https:\/\/www.europesays.com\/fr\/wp-json\/wp\/v2\/posts\/223784","targetHints":{"allow":["GET"]}}],"collection":[{"href":"https:\/\/www.europesays.com\/fr\/wp-json\/wp\/v2\/posts"}],"about":[{"href":"https:\/\/www.europesays.com\/fr\/wp-json\/wp\/v2\/types\/post"}],"author":[{"embeddable":true,"href":"https:\/\/www.europesays.com\/fr\/wp-json\/wp\/v2\/users\/2"}],"replies":[{"embeddable":true,"href":"https:\/\/www.europesays.com\/fr\/wp-json\/wp\/v2\/comments?post=223784"}],"version-history":[{"count":0,"href":"https:\/\/www.europesays.com\/fr\/wp-json\/wp\/v2\/posts\/223784\/revisions"}],"wp:featuredmedia":[{"embeddable":true,"href":"https:\/\/www.europesays.com\/fr\/wp-json\/wp\/v2\/media\/223785"}],"wp:attachment":[{"href":"https:\/\/www.europesays.com\/fr\/wp-json\/wp\/v2\/media?parent=223784"}],"wp:term":[{"taxonomy":"category","embeddable":true,"href":"https:\/\/www.europesays.com\/fr\/wp-json\/wp\/v2\/categories?post=223784"},{"taxonomy":"post_tag","embeddable":true,"href":"https:\/\/www.europesays.com\/fr\/wp-json\/wp\/v2\/tags?post=223784"}],"curies":[{"name":"wp","href":"https:\/\/api.w.org\/{rel}","templated":true}]}}