{"id":223786,"date":"2025-07-03T18:51:11","date_gmt":"2025-07-03T18:51:11","guid":{"rendered":"https:\/\/www.europesays.com\/fr\/223786\/"},"modified":"2025-07-03T18:51:11","modified_gmt":"2025-07-03T18:51:11","slug":"il-y-a-le-feu-partout-la-lr-veronique-sarselli-devoile-ses-premieres-propositions","status":"publish","type":"post","link":"https:\/\/www.europesays.com\/fr\/223786\/","title":{"rendered":"\u00ab il y a le feu partout \u00bb, la LR V\u00e9ronique Sarselli d\u00e9voile ses premi\u00e8res propositions"},"content":{"rendered":"<p>Alors que l\u2019espace m\u00e9diatique cale ses pas sur ceux des tweets et sondages de la galaxie Aulas en vue des \u00e9lections municipales \u00e0 Lyon, les \u00e9lections pour la pr\u00e9sidence de la M\u00e9tropole, v\u00e9ritable si\u00e8ge de pouvoir tant la collectivit\u00e9 concentre comp\u00e9tences et puissance financi\u00e8re, peine paradoxalem<a id=\"ctl00_Main_ctrlImgBtnValidateTop\" class=\"butn Validation\"\/>Sauvegarder et fermerent, \u00e0 susciter la m\u00eame dynamique.<\/p>\n<p>  \u00ab\u00a0Soit on dit stop en 2026, soit ce sera irr\u00e9versible\u00a0\u00bb<\/p>\n<p>V\u00e9ronique Sarselli, cheffe de file des R\u00e9publicains dans cette affaire, a essay\u00e9 de lui redonner un peu d\u2019\u00e9paisseur ce jeudi apr\u00e8s-midi. Entour\u00e9e d\u2019une grosse quinzaine d\u2019\u00e9lus, la maire de Sainte-Foy-l\u00e8s-Lyon, a lev\u00e9 le voile sur quelques propositions qu\u2019elle compte porter pour la conqu\u00e9rir. \u00ab\u00a0Il y a le feu partout et les habitants doivent retrouver leur libert\u00e9 et leur qualit\u00e9 de vie. Soit on dit stop en 2026, soit ce sera irr\u00e9versible\u00a0\u00bb a pos\u00e9 d\u2019embl\u00e9e l\u2019\u00e9lue se proposant \u00ab\u00a0de r\u00e9parer le pr\u00e9sent pour mieux construire demain\u00a0\u00bb.<\/p>\n<p>Rien de bien surprenant encore dans sa bo\u00eete \u00e0 outil pour y parvenir. En d\u00e9pit d\u2019un petit d\u00e9tour vers \u00ab\u00a0l\u2019\u00e9cologie des solutions\u00a0\u00bb illustr\u00e9e par \u00ab\u00a0la multiplication des bassins flottants en cas <a href=\"https:\/\/www.leprogres.fr\/d\/la-canicule-dans-le-rhone-fd40321f-3b22-4a6c-a9d1-6d422d7391dd\" target=\"_blank\" rel=\"noopener\">de canicule<\/a> et la <a href=\"https:\/\/www.leprogres.fr\/environnement\/2025\/07\/02\/canicule-a-lyon-trams-ou-metros-les-tcl-a-deux-vitesses\" target=\"_blank\" rel=\"noopener\">climatisation des m\u00e9tros<\/a> \u00a0\u00bb par exemple, les trois axes les plus d\u00e9velopp\u00e9s ont repris les th\u00e8mes chers \u00e0 son \u00e9lectorat historique.<\/p>\n<p>  Un vice-pr\u00e9sident \u00e0 la s\u00e9curit\u00e9<\/p>\n<p>Au menu\u00a0? S\u00e9curit\u00e9, mobilit\u00e9 et \u00e9conomie, quitte parfois \u00e0 faire dans le mim\u00e9tisme\u00a0: \u00e0 l\u2019instar de la R\u00e9gion made in <a href=\"https:\/\/www.leprogres.fr\/p\/laurent-wauquiez\" target=\"_blank\" rel=\"noopener\">Laurent Wauquiez<\/a>, la M\u00e9tropole s\u2019affublerait ainsi d\u2019un volet \u00ab\u00a0s\u00e9curit\u00e9\u00a0\u00bb m\u00eame si elle n\u2019en a pas la comp\u00e9tence. Maire de Bron et conseiller r\u00e9gional, <a href=\"https:\/\/www.leprogres.fr\/p\/jeremie-breaud\" target=\"_blank\" rel=\"noopener\">J\u00e9r\u00e9mie Breaud<\/a> a \u00e9voqu\u00e9 p\u00eale-m\u00eale\u00a0: \u00ab\u00a0la s\u00e9curisation des coll\u00e8ges, le financement et l\u2019accompagnement des dispositifs type vid\u00e9oprotection, la cr\u00e9ation d\u2019un poste de vice-pr\u00e9sident sur la th\u00e9matique.\u00a0\u00bb<\/p>\n<p>Cot\u00e9 mobilit\u00e9, V\u00e9ronique Sarselli a martel\u00e9 la n\u00e9cessit\u00e9 de r\u00e9\u00e9valuer \u00ab\u00a0des projets brutaux\u00a0\u00bb dans les trois premiers mois de son mandat \u00e0 l\u2019instar de la r\u00e9\u00e9valuation <a href=\"https:\/\/www.leprogres.fr\/d\/ztl-a-lyon-nouvelle-etape-du-projet-presqu-ile-a-vivre-37188cbf-e7d0-446a-8ca5-020e0de78773\" target=\"_blank\" rel=\"noopener\">de la zone \u00e0 trafic limit\u00e9<\/a> \u00a0 <a href=\"https:\/\/www.leprogres.fr\/economie\/2024\/12\/04\/rue-grenette-fermee-depuis-bientot-6-mois-plongee-au-coeur-des-travaux-qui-durent-qui-durent\" target=\"_blank\" rel=\"noopener\">avec la r\u00e9ouverture de la rue Grenette<\/a>.<\/p>\n<p>  R\u00e9\u00e9valuation de la ZTL et parcs relais<\/p>\n<p>De l\u2019imm\u00e9diat pour r\u00e9pondre aux col\u00e8res, conjugu\u00e9 \u00e0 du long terme avec la volont\u00e9 \u00ab\u00a0de d\u00e9velopp\u00e9 des parcs relais et de d\u00e9finir un plan de circulation sur l\u2019aire m\u00e9tropolitaine\u00a0\u00bb ou \u00ab\u00a0une police des transports au co\u00fbt estim\u00e9 de 3,5\u00a0M d\u2019Euros\u00a0\u00bb selon Gilles Gascon. M\u00eame temporalit\u00e9 c\u00f4t\u00e9 \u00e9conomie, avec \u00ab\u00a0un plan d\u2019urgence pour les commerces\u00a0\u00bb mais aussi \u00ab\u00a0le gel de la fiscalit\u00e9 pour les entreprises pendant trois ans\u00a0\u00bb pour refaire de la M\u00e9tropole un territoire \u00ab\u00a0d\u2019opportunit\u00e9 et d\u2019excellence\u00a0\u00bb.<\/p>\n","protected":false},"excerpt":{"rendered":"Alors que l\u2019espace m\u00e9diatique cale ses pas sur ceux des tweets et sondages de la galaxie Aulas en&hellip;\n","protected":false},"author":2,"featured_media":223787,"comment_status":"","ping_status":"","sticky":false,"template":"","format":"standard","meta":{"footnotes":""},"categories":[1889],"tags":[1111,11,2430,2757,36284,1777,674,1011,27,6319,2428,2756,12,316,25,2429],"class_list":{"0":"post-223786","1":"post","2":"type-post","3":"status-publish","4":"format-standard","5":"has-post-thumbnail","7":"category-lyon","8":"tag-actu","9":"tag-actualites","10":"tag-auvergne-rhone-alpes","11":"tag-edition-lyon-villeurbanne","12":"tag-elections-metropolitaines","13":"tag-eu","14":"tag-europe","15":"tag-fr","16":"tag-france","17":"tag-les-republicains","18":"tag-lyon","19":"tag-lyon-bassin","20":"tag-news","21":"tag-politique","22":"tag-republique-francaise","23":"tag-rhone"},"share_on_mastodon":{"url":"https:\/\/pubeurope.com\/@fr\/114790811754725754","error":""},"_links":{"self":[{"href":"https:\/\/www.europesays.com\/fr\/wp-json\/wp\/v2\/posts\/223786","targetHints":{"allow":["GET"]}}],"collection":[{"href":"https:\/\/www.europesays.com\/fr\/wp-json\/wp\/v2\/posts"}],"about":[{"href":"https:\/\/www.europesays.com\/fr\/wp-json\/wp\/v2\/types\/post"}],"author":[{"embeddable":true,"href":"https:\/\/www.europesays.com\/fr\/wp-json\/wp\/v2\/users\/2"}],"replies":[{"embeddable":true,"href":"https:\/\/www.europesays.com\/fr\/wp-json\/wp\/v2\/comments?post=223786"}],"version-history":[{"count":0,"href":"https:\/\/www.europesays.com\/fr\/wp-json\/wp\/v2\/posts\/223786\/revisions"}],"wp:featuredmedia":[{"embeddable":true,"href":"https:\/\/www.europesays.com\/fr\/wp-json\/wp\/v2\/media\/223787"}],"wp:attachment":[{"href":"https:\/\/www.europesays.com\/fr\/wp-json\/wp\/v2\/media?parent=223786"}],"wp:term":[{"taxonomy":"category","embeddable":true,"href":"https:\/\/www.europesays.com\/fr\/wp-json\/wp\/v2\/categories?post=223786"},{"taxonomy":"post_tag","embeddable":true,"href":"https:\/\/www.europesays.com\/fr\/wp-json\/wp\/v2\/tags?post=223786"}],"curies":[{"name":"wp","href":"https:\/\/api.w.org\/{rel}","templated":true}]}}