{"id":22379,"date":"2025-04-13T14:26:13","date_gmt":"2025-04-13T14:26:13","guid":{"rendered":"https:\/\/www.europesays.com\/fr\/22379\/"},"modified":"2025-04-13T14:26:13","modified_gmt":"2025-04-13T14:26:13","slug":"lyon-ce-cimetiere-cachait-la-voie-de-locean-un-tresor-recherche-depuis-tres-longtemps","status":"publish","type":"post","link":"https:\/\/www.europesays.com\/fr\/22379\/","title":{"rendered":"Lyon. Ce cimeti\u00e8re cachait \u00ab\u00a0La Voie de l\u2019Oc\u00e9an\u00a0\u00bb, un tr\u00e9sor recherch\u00e9 depuis tr\u00e8s longtemps"},"content":{"rendered":"<p>            Par<br \/>\n        <strong><br \/>\n            <a href=\"https:\/\/actu.fr\/auteur\/julien-damboise\" title=\"Consulter tous les articles de Julien Damboise\" target=\"_blank\" rel=\"noopener\">Julien Damboise<\/a><br \/>\n        <\/strong><\/p>\n<p>        Publi\u00e9 le<\/p>\n<p>            13 avr. 2025 \u00e0 7h14        <\/p>\n<p>Des <strong>vestiges gallo-romains<\/strong> uniques ont \u00e9t\u00e9 r\u00e9cemment d\u00e9couverts \u00e0 <a href=\"https:\/\/actu.fr\/auvergne-rhone-alpes\/lyon_69123\" target=\"_blank\" rel=\"noopener\">Lyon<\/a>. Des trouvailles \u00ab\u00a0exceptionnelles\u00a0\u00bb, au sein du cimeti\u00e8re de Loyasse, sur les hauteurs de <a href=\"https:\/\/actu.fr\/tag\/fourviere\" target=\"_blank\" rel=\"noopener\">Fourvi\u00e8re<\/a>, dans le 5\u1d49 arrondissement.<\/p>\n<p>    <a href=\"https:\/\/www.google.com\/maps\/embed?pb=!1m18!1m12!1m3!1d5293.826553801962!2d4.806649525430751!3d45.76190829479581!2m3!1f0!2f0!3f0!3m2!1i1024!2i768!4f13.1!3m3!1m2!1s0x47f4eba0d8c40f11%3A0xdc69be439fc5163a!2sCimeti%C3%A8re%20Loyasse%20de%20Lyon%2005!5e1!3m2!1sfr!2sfr!4v1744287924314!5m2!1sfr!2sfr\" title=\"Ouvrie le lien\" target=\"_blank\" rel=\"noopener\">Cliquez ici pour visualiser le contenu<\/a><\/p>\n<p>Des fouilles dans un cimeti\u00e8re<\/p>\n<p class=\" wall-content\">Le <a href=\"https:\/\/actu.fr\/auvergne-rhone-alpes\/champagne-au-mont-d-or_69040\/pres-de-lyon-des-vestiges-romains-decouverts-sous-une-future-piste-cyclable_62067283.html\" target=\"_blank\" rel=\"noopener\">service arch\u00e9ologique<\/a> de la Ville de Lyon s\u2019int\u00e9resse depuis quatre ans au cimeti\u00e8re de Loyasse, un site tr\u00e8s particulier qui se situe \u00e0 proximit\u00e9 du c\u0153ur administratif, politique et financier de l\u2019ancienne <strong>colonie romaine de Lugdunum<\/strong>.<\/p>\n<p class=\" wall-content\">Et depuis f\u00e9vrier, une nouvelle phase du chantier d\u2019arch\u00e9ologie pr\u00e9ventive est lanc\u00e9e dans <strong>l\u2019ancien ossuaire<\/strong>. Et dans les sols de cette zone, ce qui a \u00e9t\u00e9 trouv\u00e9 n\u2019a d\u00e9\u00e7u les Benjamin Gates de Lyon.<\/p>\n<p>\u00a0\u00ab\u00a0D\u00e9couverte exceptionnelle\u00a0\u00bb<\/p>\n<p class=\" wall-content\">Les arch\u00e9ologues ont ainsi mis au jour la <strong>premi\u00e8re porte antique<\/strong> de l\u2019enceinte de Lugdunum. Une construction datant du I\u1d49\u02b3 si\u00e8cle apr\u00e8s J.-C. Dans le d\u00e9tail, ce sont des fondations d\u2019une tour circulaire de plus de 8 m\u00e8tres de diam\u00e8tre, avec une \u00e9paisseur de plus d\u20191,5 m, qui ont \u00e9t\u00e9 d\u00e9couvertes dans le prolongement du rempart antique.<\/p>\n<p>Vid\u00e9os : en ce moment sur Actu<\/p>\n<p class=\" wall-content\">Cette porte monumentale comportait des passages pour les <strong>pi\u00e9tons<\/strong> ainsi qu\u2019une ou deux<br \/>portes charri\u00e8res, pour les <strong>charrettes<\/strong>.<\/p>\n<p class=\" wall-content\">Plus de la moiti\u00e9 de la porte se trouve encore enfouie de l\u2019autre c\u00f4t\u00e9 du mur<br \/>de bastion, mais les fouilles continuent. Et les professionnels ont du travail, puisque ce n\u2019est pas la seule trouvaille du service de la Ville qui a \u00e9t\u00e9 annonc\u00e9e.<\/p>\n<p>      <img   decoding=\"async\" loading=\"lazy\" src=\"https:\/\/www.europesays.com\/fr\/wp-content\/uploads\/2025\/04\/loyasse-lyon-vestiges-960x640.png\" alt=\"Des vestiges exceptionnels ont \u00e9t\u00e9 d\u00e9couvert au cimeti\u00e8re de Loyasse \u00e0 Lyon.\" width=\"960\" height=\"640\"\/><br \/>\n    Des vestiges exceptionnels ont \u00e9t\u00e9 d\u00e9couvert au cimeti\u00e8re de Loyasse \u00e0 Lyon. (\u00a9 Service arch\u00e9ologique de la Ville de Lyon)Une \u00e9norme voie romaine intacte<\/p>\n<p class=\" wall-content\">La Ville de Lyon a \u00e9galement d\u00e9voil\u00e9 avoir exhum\u00e9 une impressionnante voie dall\u00e9e, \u00ab\u00a0remarquablement conserv\u00e9e\u00a0\u00bb. Il s\u2019agit certainement de l\u2019un des principaux axes de desserte de Lugdunum, une route <strong>recherch\u00e9e depuis longtemps<\/strong> par les arch\u00e9ologues : <strong>La Voie de l\u2019Oc\u00e9an<\/strong> qui permettait de relier Lyon \u00e0 la Manche.<\/p>\n<p class=\" wall-content\">Sit\u00f4t sortie de la ville, cette voie tourne en direction du nord pour redescendre en pente douce vers Vaise. Compos\u00e9e de dalles install\u00e9es sur une \u00e9paisse couche ma\u00e7onn\u00e9e t\u00e9moignant des efforts des Romains pour s\u2019adapter \u00e0 la topographie des pentes de la colline de Fourvi\u00e8re.<\/p>\n<p>      <img   decoding=\"async\" loading=\"lazy\" src=\"https:\/\/www.europesays.com\/fr\/wp-content\/uploads\/2025\/04\/archeologue-lyon-loyasse-paves-960x640.png\" alt=\"Une arch\u00e9ologue travaille sur les pav\u00e9s exhum\u00e9s au cimeti\u00e8re de Loyasse \u00e0 Lyon.\" width=\"960\" height=\"640\"\/><br \/>\n    Une arch\u00e9ologue travaille sur les pav\u00e9s exhum\u00e9s au cimeti\u00e8re de Loyasse \u00e0 Lyon. (\u00a9 Service arch\u00e9ologique de la Ville de Lyon)<\/p>\n<p class=\" wall-content\">La constitution a pu \u00eatre dat\u00e9e du milieu du I\u1d49\u02b3 si\u00e8cle et serait ainsi contemporaine de l\u2019enceinte. Il est arriv\u00e9 de trouver des voiries antiques dans la capitale des Gaules, mais dans cet \u00e9tat est <strong>tr\u00e8s rare<\/strong>, voire in\u00e9dit.<\/p>\n<p>Le vestige d\u2019une bataille<\/p>\n<p class=\" wall-content\">Enfin, lors de leur intervention, les arch\u00e9ologues de la Ville de Lyon ont r\u00e9v\u00e9l\u00e9 un foss\u00e9 coupant la voie dans sa longueur, datant du IIe ou\u00a0IIIe si\u00e8cles.<\/p>\n<p class=\" wall-content\">Cet ouvrage pourrait correspondre \u00e0 l\u2019<strong>un des foss\u00e9s d\u00e9fensifs<\/strong> creus\u00e9s par Clodius Albinus pour emp\u00eacher l\u2019acc\u00e8s \u00e0 la porte et ainsi interdire l\u2019entr\u00e9e de la ville aux troupes de Septime S\u00e9v\u00e8re en 197, \u00e0 l\u2019occasion de la <strong>bataille de Lyon<\/strong>. Il s\u2019agirait ainsi du seul t\u00e9moin physique majeur de cette bataille retrouv\u00e9 \u00e0 l\u2019heure actuelle.<\/p>\n<blockquote class=\"ac-article-quote wall-content\">\n<p>En 197 apr\u00e8s J.-C., Lugdunum conna\u00eet l\u2019une des heures sombres de son histoire, devenant le th\u00e9\u00e2tre d\u2019une guerre de succession suite \u00e0 la mort de l\u2019empereur Commode. Le conflit oppose entre 195 et 197 les troupes de Septime S\u00e9v\u00e8re et de Clodius Albinus, tous deux candidats \u00e0 la succession de l\u2019empereur. La sanglante opposition se solde par une victoire de Septime S\u00e9v\u00e8re qui, pour punir les Lyonnais de leur soutien \u00e0 Clodius Albinus, autorise ses troupes \u00e0 saccager la ville.<\/p>\n<p>    <strong>Ville de Lyon<\/strong><br \/>\n        Service arch\u00e9ologique    <\/p><\/blockquote>\n<p class=\" wall-content\">La voie a ensuite \u00e9t\u00e9 totalement abandonn\u00e9e et recouverte d\u2019un d\u00e9potoir \u00e0 la fin du IIIe si\u00e8cle de notre \u00e8re.<\/p>\n<p>Un r\u00e9enfouissement\u00a0<\/p>\n<p class=\" wall-content\">Devant le caract\u00e8re exceptionnel de ces d\u00e9couvertes, la Ville de Lyon \u00ab\u00a0a pris la d\u00e9cision<br \/><strong>r\u00e9enfouir<\/strong> les vestiges pour les pr\u00e9server tout en poursuivant le chantier du jardin du<br \/>souvenir\u00a0\u00bb.<\/p>\n<p class=\" wall-content\">Une \u00e9tude est pr\u00e9vue sur la valorisation future de ces vestiges.<\/p>\n<p class=\" wall-content\">Suivez toute l\u2019actualit\u00e9 de vos villes et m\u00e9dias favoris en vous inscrivant \u00e0 <a href=\"https:\/\/moncompte.actu.fr\" title=\"D\u00e9couvez Mon Actu\" rel=\"nofollow noopener\" data-trk=\"{&quot;cta&quot;:{&quot;action&quot;:&quot;https:\\\/\\\/moncompte.actu.fr&quot;,&quot;category&quot;:&quot;mon compte&quot;,&quot;from&quot;:&quot;article footer&quot;,&quot;name&quot;:&quot;Mon actu&quot;,&quot;type&quot;:&quot;cta&quot;}}\" target=\"_blank\">Mon Actu<\/a>.<\/p>\n","protected":false},"excerpt":{"rendered":"Par Julien Damboise Publi\u00e9 le 13 avr. 2025 \u00e0 7h14 Des vestiges gallo-romains uniques ont \u00e9t\u00e9 r\u00e9cemment d\u00e9couverts&hellip;\n","protected":false},"author":2,"featured_media":22380,"comment_status":"","ping_status":"","sticky":false,"template":"","format":"standard","meta":{"footnotes":""},"categories":[1889],"tags":[1111,11,730,2430,1777,674,5293,1011,27,2428,12,25,104],"class_list":{"0":"post-22379","1":"post","2":"type-post","3":"status-publish","4":"format-standard","5":"has-post-thumbnail","7":"category-lyon","8":"tag-actu","9":"tag-actualites","10":"tag-archeologie","11":"tag-auvergne-rhone-alpes","12":"tag-eu","13":"tag-europe","14":"tag-fourviere","15":"tag-fr","16":"tag-france","17":"tag-lyon","18":"tag-news","19":"tag-republique-francaise","20":"tag-societe"},"share_on_mastodon":{"url":"https:\/\/pubeurope.com\/@fr\/114331122779965365","error":""},"_links":{"self":[{"href":"https:\/\/www.europesays.com\/fr\/wp-json\/wp\/v2\/posts\/22379","targetHints":{"allow":["GET"]}}],"collection":[{"href":"https:\/\/www.europesays.com\/fr\/wp-json\/wp\/v2\/posts"}],"about":[{"href":"https:\/\/www.europesays.com\/fr\/wp-json\/wp\/v2\/types\/post"}],"author":[{"embeddable":true,"href":"https:\/\/www.europesays.com\/fr\/wp-json\/wp\/v2\/users\/2"}],"replies":[{"embeddable":true,"href":"https:\/\/www.europesays.com\/fr\/wp-json\/wp\/v2\/comments?post=22379"}],"version-history":[{"count":0,"href":"https:\/\/www.europesays.com\/fr\/wp-json\/wp\/v2\/posts\/22379\/revisions"}],"wp:featuredmedia":[{"embeddable":true,"href":"https:\/\/www.europesays.com\/fr\/wp-json\/wp\/v2\/media\/22380"}],"wp:attachment":[{"href":"https:\/\/www.europesays.com\/fr\/wp-json\/wp\/v2\/media?parent=22379"}],"wp:term":[{"taxonomy":"category","embeddable":true,"href":"https:\/\/www.europesays.com\/fr\/wp-json\/wp\/v2\/categories?post=22379"},{"taxonomy":"post_tag","embeddable":true,"href":"https:\/\/www.europesays.com\/fr\/wp-json\/wp\/v2\/tags?post=22379"}],"curies":[{"name":"wp","href":"https:\/\/api.w.org\/{rel}","templated":true}]}}