{"id":223792,"date":"2025-07-03T18:55:17","date_gmt":"2025-07-03T18:55:17","guid":{"rendered":"https:\/\/www.europesays.com\/fr\/223792\/"},"modified":"2025-07-03T18:55:17","modified_gmt":"2025-07-03T18:55:17","slug":"on-ne-sait-pas-ou-sont-les-velos-a-paris-640-velib-disparaissent-chaque-semaine-03-07-2025-a-1555","status":"publish","type":"post","link":"https:\/\/www.europesays.com\/fr\/223792\/","title":{"rendered":"\u00ab\u00a0On ne sait pas o\u00f9 sont les v\u00e9los\u00a0\u00bb: \u00e0 Paris, 640 V\u00e9lib&rsquo; disparaissent chaque semaine &#8211; 03\/07\/2025 \u00e0 15:55"},"content":{"rendered":"<p>        <img fetchpriority=\"high\" decoding=\"async\" src=\"https:\/\/www.europesays.com\/fr\/wp-content\/uploads\/2025\/07\/37b66fc8fbb3f43334cb9069c5fa6186-760x492.jpg\" alt=\"Depuis un mois, le nombre de v\u00e9los abandonn\u00e9s est trois fois sup\u00e9rieur \u00e0 la normale ( AFP \/ Martin LELIEVRE )\" loading=\"eager\" width=\"760\" height=\"492\" style=\"max-width: 100%!important; height: auto;\"\/><\/p>\n<p class=\"c-image-news__legend\">Depuis un mois, le nombre de v\u00e9los abandonn\u00e9s est trois fois sup\u00e9rieur \u00e0 la normale ( AFP \/ Martin LELIEVRE )<\/p>\n<p>\n Avec quelque 640 v\u00e9los qui disparaissent chaque semaine de ses radars, l&rsquo;Agemob, organisme public qui g\u00e8re les v\u00e9los partag\u00e9s V\u00e9lib&rsquo; en r\u00e9gion parisienne, \u00ab\u00a0alerte\u00a0\u00bb d&rsquo;un niveau de vandalisme \u00ab\u00a0trois fois sup\u00e9rieur\u00a0\u00bb \u00e0 la normale.\n<\/p>\n<p>\n \u00ab\u00a0Ce ne sont que quelques centaines de fraudeurs, mais \u00e7a suffit \u00e0 mettre le syst\u00e8me en l&rsquo;air\u00a0\u00bb, s&rsquo;est inquiet\u00e9 jeudi aupr\u00e8s de l&rsquo;AFP Sylvain Raifaud, pr\u00e9sident de l&rsquo;Agemob.\n<\/p>\n<p>\n \u00ab\u00a0En ce moment, il nous manque 3.000 v\u00e9los\u00a0\u00bb sur un parc qui doit en principe compter 20.000 V\u00e9lib&rsquo; en circulation, 40% d&rsquo;\u00e9lectriques et 60% de m\u00e9caniques, chiffre-t-il.\n<\/p>\n<p>\n \u00ab\u00a0Le ph\u00e9nom\u00e8ne de vandalisme a toujours exist\u00e9, mais il \u00e9tait relativement contenu\u00a0\u00bb jusqu&rsquo;\u00e0 pr\u00e9sent. Or \u00ab\u00a0l\u00e0, on est sur une alerte, puisque le nombre de v\u00e9los abandonn\u00e9s est trois fois sup\u00e9rieur \u00e0 l&rsquo;ordinaire (&#8230;) depuis un mois\u00a0\u00bb : 640 par semaine, contre 230 habituellement, selon lui.\n<\/p>\n<p>\n Comment est-ce possible ? \u00ab\u00a0Des personnes secouent les v\u00e9los jusqu&rsquo;\u00e0 ce qu&rsquo;ils se d\u00e9crochent et puis ils partent avec\u00a0\u00bb, indique M. Raifaud. Les engins, qui se bloquent automatiquement apr\u00e8s 24 heures, sont alors abandonn\u00e9es.\n<\/p>\n<p>\n Probl\u00e8me, \u00ab\u00a0on ne sait pas o\u00f9 sont les v\u00e9los, ils n&rsquo;ont pas de puce GPS\u00a0\u00bb, d\u00e9plore le pr\u00e9sident de l&rsquo;organisme.\n<\/p>\n<p>\n Et si \u00ab\u00a016 personnes suppl\u00e9mentaires ont \u00e9t\u00e9 embauch\u00e9es pour aller chercher les V\u00e9lib'\u00a0\u00bb par Smovengo, l&rsquo;exploitant (depuis 2018) de ce service public, la marge de man\u0153uvre reste limit\u00e9e pour l&rsquo;Agemob, qui n&rsquo;a pas de moyens d&rsquo;identifier ou de sanctionner les auteurs, puisqu&rsquo;ils contournent le syst\u00e8me.\n<\/p>\n<p>\n Afin de \u00ab\u00a0couper le robinet du vandalisme\u00a0\u00bb, l&rsquo;organisme a \u00ab\u00a0besoin des communes, des polices (&#8230;) pour mieux surveiller les stations\u00a0\u00bb, et des usagers \u00ab\u00a0pour signaler\u00a0\u00bb les v\u00e9los \u00e9gar\u00e9s, plaide le dirigeant.\n<\/p>\n<p>\n Pourquoi cette augmentation ? \u00ab\u00a0On ne sait pas\u00a0\u00bb, avoue-t-il, se demandant s&rsquo;il existe \u00ab\u00a0un tuto qui circule (sur) comment d\u00e9bloquer un v\u00e9lo gratuitement\u00a0\u00bb, et estimant qu&rsquo;il s&rsquo;agit s\u00fbrement d'\u00a0\u00bbactions un peu coordonn\u00e9es.\u00a0\u00bb\n<\/p>\n<p>\n Pour lui, ce trou dans la flotte entra\u00eene l&rsquo;usure des v\u00e9los restants, qui m\u00e9contente les utilisateurs.\n<\/p>\n<p>\n \u00ab\u00a0Les v\u00e9los qui sont disponibles sont beaucoup plus utilis\u00e9s, beaucoup plus fatigu\u00e9s\u00a0\u00bb, notamment les engins \u00e9lectriques, davantage demand\u00e9s et dont les batteries \u00ab\u00a0n&rsquo;ont pas le temps de recharger\u00a0\u00bb.\n<\/p>\n<p>\n \u00ab\u00a0C&rsquo;est ce qui fait que vous avez des stations enti\u00e8res (&#8230;) (avec) des v\u00e9los qui ne sont pas utilisables\u00a0\u00bb, et que \u00ab\u00a0les usagers sont extr\u00eamement frustr\u00e9s\u00a0\u00bb, estime le pr\u00e9sident de l&rsquo;Agemob.\n<\/p>\n<p>\n Le service est de plus en plus sollicit\u00e9 : en mai dernier, V\u00e9lib&rsquo; a enregistr\u00e9 16% de courses en plus qu&rsquo;en mai 2024.<\/p>\n","protected":false},"excerpt":{"rendered":"Depuis un mois, le nombre de v\u00e9los abandonn\u00e9s est trois fois sup\u00e9rieur \u00e0 la normale ( AFP \/&hellip;\n","protected":false},"author":2,"featured_media":223793,"comment_status":"","ping_status":"","sticky":false,"template":"","format":"standard","meta":{"footnotes":""},"categories":[1888],"tags":[400,1111,1928,11,1927,398,408,405,1777,674,1011,27,403,402,399,404,12,1926,626,1925,25,401,406,407],"class_list":{"0":"post-223792","1":"post","2":"type-post","3":"status-publish","4":"format-standard","5":"has-post-thumbnail","7":"category-paris","8":"tag-action-cac-40","9":"tag-actu","10":"tag-actu-paris","11":"tag-actualites","12":"tag-actualites-paris","13":"tag-bourse-de-paris","14":"tag-boursorama","15":"tag-cotations","16":"tag-eu","17":"tag-europe","18":"tag-fr","19":"tag-france","20":"tag-indices-devises","21":"tag-investir","22":"tag-investissement","23":"tag-marche-boursier","24":"tag-news","25":"tag-news-paris","26":"tag-paris","27":"tag-paris-news","28":"tag-republique-francaise","29":"tag-sicav","30":"tag-trackers","31":"tag-warrants"},"share_on_mastodon":{"url":"https:\/\/pubeurope.com\/@fr\/114790827672514940","error":""},"_links":{"self":[{"href":"https:\/\/www.europesays.com\/fr\/wp-json\/wp\/v2\/posts\/223792","targetHints":{"allow":["GET"]}}],"collection":[{"href":"https:\/\/www.europesays.com\/fr\/wp-json\/wp\/v2\/posts"}],"about":[{"href":"https:\/\/www.europesays.com\/fr\/wp-json\/wp\/v2\/types\/post"}],"author":[{"embeddable":true,"href":"https:\/\/www.europesays.com\/fr\/wp-json\/wp\/v2\/users\/2"}],"replies":[{"embeddable":true,"href":"https:\/\/www.europesays.com\/fr\/wp-json\/wp\/v2\/comments?post=223792"}],"version-history":[{"count":0,"href":"https:\/\/www.europesays.com\/fr\/wp-json\/wp\/v2\/posts\/223792\/revisions"}],"wp:featuredmedia":[{"embeddable":true,"href":"https:\/\/www.europesays.com\/fr\/wp-json\/wp\/v2\/media\/223793"}],"wp:attachment":[{"href":"https:\/\/www.europesays.com\/fr\/wp-json\/wp\/v2\/media?parent=223792"}],"wp:term":[{"taxonomy":"category","embeddable":true,"href":"https:\/\/www.europesays.com\/fr\/wp-json\/wp\/v2\/categories?post=223792"},{"taxonomy":"post_tag","embeddable":true,"href":"https:\/\/www.europesays.com\/fr\/wp-json\/wp\/v2\/tags?post=223792"}],"curies":[{"name":"wp","href":"https:\/\/api.w.org\/{rel}","templated":true}]}}