{"id":223794,"date":"2025-07-03T18:56:10","date_gmt":"2025-07-03T18:56:10","guid":{"rendered":"https:\/\/www.europesays.com\/fr\/223794\/"},"modified":"2025-07-03T18:56:10","modified_gmt":"2025-07-03T18:56:10","slug":"qualite-accessibilite-transparence-les-parisiens-disent-leur-confiance-dans-leau-potable-de-la-capitale","status":"publish","type":"post","link":"https:\/\/www.europesays.com\/fr\/223794\/","title":{"rendered":"Qualit\u00e9, accessibilit\u00e9, transparence&#8230; Les Parisiens disent leur confiance dans l\u2019eau potable de la capitale"},"content":{"rendered":"<p class=\"paragraph text_align_left lp-f-body-02\">C\u2019est le barom\u00e8tre 2025 sur la satisfaction des usagers de l\u2019eau de Paris qui le dit : les Parisiens sont globalement satisfaits du go\u00fbt et de la qualit\u00e9 de leur eau potable. Cette \u00e9tude r\u00e9alis\u00e9e au mois de mai montre une confiance stable et \u00e9lev\u00e9e de la population dans l\u2019eau du robinet de la capitale. <\/p>\n<p class=\"paragraph text_align_left lp-f-body-02\">Huit Parisiens sur dix \u2013 sur un panel de 1 000 personnes sond\u00e9es \u2013 d\u00e9clarent boire l\u2019eau du robinet \u00e0 leur domicile. Certains critiquent en revanche le go\u00fbt, la teneur en calcaire ou en chlore de cette eau. 52 % d\u2019entre eux consomment aussi l\u2019eau du robinet \u00e0 l\u2019ext\u00e9rieur, notamment gr\u00e2ce au r\u00e9seau de 1 300 fontaines r\u00e9parties sur le territoire parisien. Mais 28 % des interrog\u00e9s estiment ne pas avoir confiance dans ces fontaines <a href=\"https:\/\/www.leparisien.fr\/paris-75\/fontaines-publiques-a-paris-comment-shydrater-sans-risque-pendant-la-vague-de-chaleur-02-07-2025-U3PXQHW5N5FWPAHQTJVU3P7OTU.php\" target=\"_blank\" rel=\"noreferrer nofollow noopener\">pour des raisons d\u2019hygi\u00e8ne ou de salubrit\u00e9<\/a>.<\/p>\n<p class=\"paragraph text_align_left lp-f-body-02\">Selon Eau de Paris, l\u2019entreprise publique charg\u00e9e de l\u2019approvisionnement en eau de la ville, la quantit\u00e9 de pesticides utilis\u00e9e a \u00e9t\u00e9 r\u00e9duite de 77 % en 2023, soit l\u2019\u00e9quivalent de 55 t de produits phytosanitaires \u00e9vit\u00e9es. Sur ce plan, 82 % des interrog\u00e9s souhaitent \u00eatre inform\u00e9s sur la pr\u00e9sence de pesticide dans l\u2019eau.<\/p>\n<p class=\"paragraph text_align_left lp-f-body-02\">\u00ab L\u2019eau de Paris est 100 % conforme aux normes sanitaires et elle le restera en 2026 gr\u00e2ce aux traitements mis en place et aux actions de protection de la ressource men\u00e9es par Eau de Paris depuis vingt-cinq ans \u00bb, assure Dan Lert, pr\u00e9sident d\u2019Eau de Paris et adjoint (Les \u00c9cologistes) \u00e0 la maire de Paris, en charge de la transition \u00e9cologique, du plan climat, de l\u2019eau et de l\u2019\u00e9nergie.<\/p>\n<p class=\"paragraph text_align_left lp-f-body-02\">L\u2019\u00e9tude d\u00e9montre par ailleurs que 6 Parisiens sur 10 ont r\u00e9duit leur consommation usuelle, notamment pour la vaisselle ou la douche. La plupart d\u2019entre eux se dit soucieux de la qualit\u00e9 de l\u2019eau, de sa provenance, son prix, son volume disponible, ou encore de la mesure de la qualit\u00e9 de l\u2019eau d\u2019un immeuble. Pour faire face aux <a href=\"https:\/\/www.leparisien.fr\/val-d-oise-95\/ces-usines-deau-potable-vont-filtrer-jusqua-90-de-polluants-eternels-pour-les-rejeter-dans-les-cours-deau-17-03-2025-5F5B6YAWLVBJVA7MN6YH4KYRHQ.php\" target=\"_blank\" rel=\"noreferrer nofollow noopener\">d\u00e9fis pos\u00e9s par les micropolluants<\/a>, l\u2019entreprise publique dit avoir renforc\u00e9 ses traitements durant l\u2019ann\u00e9e 2024, pour un surco\u00fbt estim\u00e9 \u00e0 2 millions d\u2019euros.<\/p>\n","protected":false},"excerpt":{"rendered":"C\u2019est le barom\u00e8tre 2025 sur la satisfaction des usagers de l\u2019eau de Paris qui le dit : les&hellip;\n","protected":false},"author":2,"featured_media":223795,"comment_status":"","ping_status":"","sticky":false,"template":"","format":"standard","meta":{"footnotes":""},"categories":[1888],"tags":[11,1777,674,1011,27,1944,12,626,25],"class_list":{"0":"post-223794","1":"post","2":"type-post","3":"status-publish","4":"format-standard","5":"has-post-thumbnail","7":"category-paris","8":"tag-actualites","9":"tag-eu","10":"tag-europe","11":"tag-fr","12":"tag-france","13":"tag-ma-ville","14":"tag-news","15":"tag-paris","16":"tag-republique-francaise"},"share_on_mastodon":{"url":"https:\/\/pubeurope.com\/@fr\/114790831559751436","error":""},"_links":{"self":[{"href":"https:\/\/www.europesays.com\/fr\/wp-json\/wp\/v2\/posts\/223794","targetHints":{"allow":["GET"]}}],"collection":[{"href":"https:\/\/www.europesays.com\/fr\/wp-json\/wp\/v2\/posts"}],"about":[{"href":"https:\/\/www.europesays.com\/fr\/wp-json\/wp\/v2\/types\/post"}],"author":[{"embeddable":true,"href":"https:\/\/www.europesays.com\/fr\/wp-json\/wp\/v2\/users\/2"}],"replies":[{"embeddable":true,"href":"https:\/\/www.europesays.com\/fr\/wp-json\/wp\/v2\/comments?post=223794"}],"version-history":[{"count":0,"href":"https:\/\/www.europesays.com\/fr\/wp-json\/wp\/v2\/posts\/223794\/revisions"}],"wp:featuredmedia":[{"embeddable":true,"href":"https:\/\/www.europesays.com\/fr\/wp-json\/wp\/v2\/media\/223795"}],"wp:attachment":[{"href":"https:\/\/www.europesays.com\/fr\/wp-json\/wp\/v2\/media?parent=223794"}],"wp:term":[{"taxonomy":"category","embeddable":true,"href":"https:\/\/www.europesays.com\/fr\/wp-json\/wp\/v2\/categories?post=223794"},{"taxonomy":"post_tag","embeddable":true,"href":"https:\/\/www.europesays.com\/fr\/wp-json\/wp\/v2\/tags?post=223794"}],"curies":[{"name":"wp","href":"https:\/\/api.w.org\/{rel}","templated":true}]}}