{"id":223796,"date":"2025-07-03T18:57:09","date_gmt":"2025-07-03T18:57:09","guid":{"rendered":"https:\/\/www.europesays.com\/fr\/223796\/"},"modified":"2025-07-03T18:57:09","modified_gmt":"2025-07-03T18:57:09","slug":"les-tarifs-sont-ils-equitables-pour-les-habitants-de-gisors-une-petition-est-lancee","status":"publish","type":"post","link":"https:\/\/www.europesays.com\/fr\/223796\/","title":{"rendered":"les tarifs sont-ils \u00e9quitables pour les habitants de Gisors ? Une p\u00e9tition est lanc\u00e9e"},"content":{"rendered":"<p>            Par<br \/>\n        <strong><br \/>\n            <a href=\"https:\/\/actu.fr\/auteur\/j-ducouret\" title=\"Consulter tous les articles de Julien Ducouret\" target=\"_blank\" rel=\"noopener\">Julien Ducouret<\/a><br \/>\n        <\/strong><\/p>\n<p>        Publi\u00e9 le<\/p>\n<p>            3 juil. 2025 \u00e0 20h34        <\/p>\n<p>\u00ab\u00a0L\u2019aller en train Gisors \u2013 <b>Paris<\/b> \u00e0 13,60 euros : le prix de l\u2019injustice !\u00a0\u00bb C\u2019est en substance l\u2019alerte lanc\u00e9e par Anthony Auger, le chef de file de Gisors en commun.<\/p>\n<p class=\" wall-content\">Pour l\u2019\u00e9lu d\u2019opposition, les habitants de <a href=\"https:\/\/actu.fr\/normandie\/gisors_27284\" target=\"_blank\" rel=\"noopener\">Gisors<\/a>, dans <b>l\u2019Eure,<\/b> qui utilisent la <b>ligne J<\/b>, g\u00e9r\u00e9e par \u00cele-de-France Mobilit\u00e9s, subissent une iniquit\u00e9. En effet, depuis janvier dernier, tous les trajets sont au tarif unique de 2,50 euros, quel que soit le point de d\u00e9part.<\/p>\n<p class=\" wall-content\">\u00ab\u00a0Tous\u2026 sauf les usagers de Gisors qui continuent \u00e0 payer 13,60 euros pour le m\u00eame service, dans les m\u00eames trains, sur la m\u00eame ligne J\u00a0\u00bb, n\u2019en d\u00e9mord pas Anthony Auger.<\/p>\n<p>Phagocyt\u00e9e par l\u2019\u00cele-de-France<\/p>\n<p class=\" wall-content\">\u00ab\u00a0Sans parler que les r\u00e9ductions pour les d\u00e9tenteurs de cartes SNCF (Avantage, senior notamment) ont \u00e9t\u00e9 supprim\u00e9es depuis le d\u00e9but de l\u2019ann\u00e9e\u00a0\u00bb, regrette am\u00e8rement Aur\u00e9lie, une usag\u00e8re r\u00e9guli\u00e8re de la ligne J. Une <b>double peine<\/b>, sans justification, qui ne passe pas.\u00a0<\/p>\n<blockquote class=\"ac-article-quote wall-content\">\n<p>\u00ab\u00a0On ne comprend plus rien. On a l\u2019impression d\u2019\u00eatre oubli\u00e9s et abandonn\u00e9s. Nous subissons ces changements alors que la ligne est phagocyt\u00e9e par l\u2019\u00cele-de-France depuis des ann\u00e9es.\u00a0\u00bb<\/p>\n<p>Christel, usag\u00e8re r\u00e9guli\u00e8re de la ligne J<\/p><\/blockquote>\n<p class=\" wall-content\">Autre raison du courroux de l\u2019\u00e9lu et des usagers : seule la portion Gisors \u2013 Chars, soit 21 kilom\u00e8tres, est hors <b>\u00cele-de-France.<\/b> Un billet Gisors \u2013 Chars co\u00fbte 4,80 euros.<\/p>\n<p>Vid\u00e9os : en ce moment sur Actu<\/p>\n<p class=\" wall-content\">\u00ab\u00a0En ajoutant les 2,50 euros pour Chars \u2013 Paris, le tarif total devrait \u00eatre de 7,30 euros. Mais on nous impose 13,60 euros !\u00a0\u00bb, s\u2019emporte Anthony Auger.<\/p>\n<p>    <a href=\"https:\/\/www.facebook.com\/plugins\/post.php?href=https%3A%2F%2Fwww.facebook.com%2Fanthony.auger.35%2Fposts%2Fpfbid02E8g6AzAug3bNsuZNGRzN8314BfUMsaq6nzNvFPSa51QtqQHoQLbUgVKMmX8Fw6FQl&amp;show_text=true&amp;width=350\" title=\"Ouvrie le lien\" target=\"_blank\" rel=\"noopener\">Cliquez ici pour visualiser le contenu<\/a><\/p>\n<p class=\" wall-content\">Enfin, m\u00eame si l\u2019ouverture matinale du guichet de la gare a \u00e9t\u00e9 maintenu, \u00ab\u00a0une satisfaction\u00a0\u00bb pour l\u2019\u00e9lu de Gisors, si un usager d\u00e9barque l\u2019apr\u00e8s-midi ou le soir \u00e0 la gare de Gisors, \u00ab\u00a0seules quelques gares comme Pontoise ou Saint-Lazare sont disponibles au distributeur automatique. Une autre h\u00e9r\u00e9sie\u00a0\u00bb, estime Alain, un autre usager.<\/p>\n<p>Bient\u00f4t une p\u00e9tition<\/p>\n<p class=\" wall-content\">Dans ce contexte, Anthony Auger entend, avec d\u2019autres \u00e9lus de l\u2019Oise notamment, mettre la pression sur la R\u00e9gion Normandie et \u00cele-de-France Mobilit\u00e9s pour \u00ab\u00a0corriger cette <b>incoh\u00e9rence<\/b> tarifaire afin que les usagers de Gisors b\u00e9n\u00e9ficient enfin d\u2019un traitement \u00e9quitable\u00a0\u00bb.<\/p>\n<p class=\" wall-content\">Une <a href=\"https:\/\/petition.qomon.org\/stop-a-linjustice-gisors-paris-meme-train-memes-tarifs\/\" target=\"_blank\" rel=\"noopener\">p\u00e9tition <\/a>a \u00e9t\u00e9 lanc\u00e9e vendredi 27 juin 2025. \u00ab\u00a0Avec l\u2019objectif d\u2019interpeller les gens pour qu\u2019ils se mobilisent.\u00a0\u00bb<\/p>\n<p class=\" wall-content\">\u00c0 ce jour, jeudi 3 juillet, elle d\u00e9j\u00e0 r\u00e9colt\u00e9 <b>807 signatures<\/b>.<\/p>\n<p class=\" wall-content\">Suivez toute l\u2019actualit\u00e9 de vos villes et m\u00e9dias favoris en vous inscrivant \u00e0 <a href=\"https:\/\/moncompte.actu.fr\" title=\"D\u00e9couvez Mon Actu\" rel=\"nofollow noopener\" data-trk=\"{&quot;cta&quot;:{&quot;action&quot;:&quot;https:\\\/\\\/moncompte.actu.fr&quot;,&quot;category&quot;:&quot;mon compte&quot;,&quot;from&quot;:&quot;article footer&quot;,&quot;name&quot;:&quot;Mon actu&quot;,&quot;type&quot;:&quot;cta&quot;}}\" target=\"_blank\">Mon Actu<\/a>.<\/p>\n","protected":false},"excerpt":{"rendered":"Par Julien Ducouret Publi\u00e9 le 3 juil. 2025 \u00e0 20h34 \u00ab\u00a0L\u2019aller en train Gisors \u2013 Paris \u00e0 13,60&hellip;\n","protected":false},"author":2,"featured_media":223797,"comment_status":"","ping_status":"","sticky":false,"template":"","format":"standard","meta":{"footnotes":""},"categories":[1888],"tags":[11,1777,674,1011,27,36285,12,626,25,2215,104,2803],"class_list":{"0":"post-223796","1":"post","2":"type-post","3":"status-publish","4":"format-standard","5":"has-post-thumbnail","7":"category-paris","8":"tag-actualites","9":"tag-eu","10":"tag-europe","11":"tag-fr","12":"tag-france","13":"tag-le-vexin-normand","14":"tag-news","15":"tag-paris","16":"tag-republique-francaise","17":"tag-sncf","18":"tag-societe","19":"tag-transport"},"share_on_mastodon":{"url":"https:\/\/pubeurope.com\/@fr\/114790835444382291","error":""},"_links":{"self":[{"href":"https:\/\/www.europesays.com\/fr\/wp-json\/wp\/v2\/posts\/223796","targetHints":{"allow":["GET"]}}],"collection":[{"href":"https:\/\/www.europesays.com\/fr\/wp-json\/wp\/v2\/posts"}],"about":[{"href":"https:\/\/www.europesays.com\/fr\/wp-json\/wp\/v2\/types\/post"}],"author":[{"embeddable":true,"href":"https:\/\/www.europesays.com\/fr\/wp-json\/wp\/v2\/users\/2"}],"replies":[{"embeddable":true,"href":"https:\/\/www.europesays.com\/fr\/wp-json\/wp\/v2\/comments?post=223796"}],"version-history":[{"count":0,"href":"https:\/\/www.europesays.com\/fr\/wp-json\/wp\/v2\/posts\/223796\/revisions"}],"wp:featuredmedia":[{"embeddable":true,"href":"https:\/\/www.europesays.com\/fr\/wp-json\/wp\/v2\/media\/223797"}],"wp:attachment":[{"href":"https:\/\/www.europesays.com\/fr\/wp-json\/wp\/v2\/media?parent=223796"}],"wp:term":[{"taxonomy":"category","embeddable":true,"href":"https:\/\/www.europesays.com\/fr\/wp-json\/wp\/v2\/categories?post=223796"},{"taxonomy":"post_tag","embeddable":true,"href":"https:\/\/www.europesays.com\/fr\/wp-json\/wp\/v2\/tags?post=223796"}],"curies":[{"name":"wp","href":"https:\/\/api.w.org\/{rel}","templated":true}]}}