{"id":223806,"date":"2025-07-03T19:02:11","date_gmt":"2025-07-03T19:02:11","guid":{"rendered":"https:\/\/www.europesays.com\/fr\/223806\/"},"modified":"2025-07-03T19:02:11","modified_gmt":"2025-07-03T19:02:11","slug":"un-homme-attaque-et-blesse-les-passagers-dun-train","status":"publish","type":"post","link":"https:\/\/www.europesays.com\/fr\/223806\/","title":{"rendered":"Un homme attaque et blesse les passagers d\u2019un train"},"content":{"rendered":"<p>Nouvelle sc\u00e8ne de violence dans les <a href=\"https:\/\/www.20minutes.fr\/dossier\/transports_en_commun\" target=\"_blank\" class=\"color-ultramarine c-link\" rel=\"noopener\">transports<\/a> allemands\u00a0: jeudi apr\u00e8s-midi, un jeune homme arm\u00e9 d\u2019une hache et d\u2019un marteau a attaqu\u00e9 plusieurs passagers \u00e0 bord d\u2019un <a href=\"https:\/\/www.20minutes.fr\/dossier\/train\" target=\"_blank\" class=\"color-ultramarine c-link\" rel=\"noopener\">train<\/a> \u00e0 grande vitesse reliant <a href=\"https:\/\/www.20minutes.fr\/dossier\/hambourg\" target=\"_blank\" class=\"color-ultramarine c-link\" rel=\"noopener\">Hambourg<\/a> \u00e0 <a href=\"https:\/\/www.20minutes.fr\/monde\/vienne-autriche\/\" target=\"_blank\" class=\"color-ultramarine c-link\" rel=\"noopener\">Vienne<\/a>, semant la panique avant d\u2019\u00eatre ma\u00eetris\u00e9. Quatre personnes ont \u00e9t\u00e9 l\u00e9g\u00e8rement bless\u00e9es.<\/p>\n<p>L\u2019attaque s\u2019est produite vers 13h55 alors que l\u2019InterCity-Express (ICE) traversait la Bavi\u00e8re, dans le sud-est de l\u2019<a href=\"https:\/\/www.20minutes.fr\/dossier\/allemagne\" target=\"_blank\" class=\"color-ultramarine c-link\" rel=\"noopener\">Allemagne<\/a>. \u00ab\u00a0Un homme a bless\u00e9 plusieurs personnes dans un ICE en direction de Vienne\u00a0\u00bb, a confirm\u00e9 la police locale dans un communiqu\u00e9. Le suspect a rapidement \u00e9t\u00e9 interpell\u00e9 par les forces de l\u2019ordre, mobilis\u00e9es en nombre avec les pompiers, les secours et les services d\u2019urgence de la Deutsche Bahn.<\/p>\n<\/p>\n<p>Les passagers ma\u00eetrisent l\u2019assaillant<\/p>\n<p>Selon le quotidien Bild, l\u2019assaillant aurait \u00e9t\u00e9 ma\u00eetris\u00e9 par des passagers, l\u2019un d\u2019eux \u00e9tant parvenu \u00e0 le d\u00e9sarmer et \u00e0 retourner l\u2019une des armes contre lui, provoquant de graves blessures chez l\u2019attaquant. L\u2019homme interpell\u00e9 est \u00e2g\u00e9 de 20 ans et originaire de <a href=\"https:\/\/www.20minutes.fr\/monde\/syrie\/\" target=\"_blank\" class=\"color-ultramarine c-link\" rel=\"noopener\">Syrie<\/a>, a pr\u00e9cis\u00e9 G\u00fcnther Tomaschko, porte-parole de la <a href=\"https:\/\/www.20minutes.fr\/dossier\/police\" target=\"_blank\" class=\"color-ultramarine c-link\" rel=\"noopener\">police<\/a>, \u00e0 la radio Bayerischer Rundfunk. Il n\u2019a toutefois pas souhait\u00e9 \u00e9voquer le mobile pr\u00e9sum\u00e9 de l\u2019attaque, indiquant que l\u2019enqu\u00eate en \u00e9tait encore \u00e0 ses d\u00e9buts.<\/p>\n<p><a href=\"https:\/\/www.20minutes.fr\/dossier\/allemagne\" target=\"_blank\" class=\"c-link c-btn c-btn--primary\" rel=\"noopener\">Notre dossier sur l&rsquo;Allemagne<\/a><\/p>\n<p>La compagnie ferroviaire Deutsche Bahn a indiqu\u00e9 dans un communiqu\u00e9 que \u00ab\u00a0les autorit\u00e9s enqu\u00eatent actuellement sur les circonstances de l\u2019incident\u00a0\u00bb. La voie ferr\u00e9e concern\u00e9e a \u00e9t\u00e9 temporairement boucl\u00e9e, entra\u00eenant des perturbations du trafic. Cette nouvelle attaque survient alors que l\u2019Allemagne pays a connu ces derniers mois une s\u00e9rie d\u2019agressions \u00e0 l\u2019arme blanche.<\/p>\n","protected":false},"excerpt":{"rendered":"Nouvelle sc\u00e8ne de violence dans les transports allemands\u00a0: jeudi apr\u00e8s-midi, un jeune homme arm\u00e9 d\u2019une hache et d\u2019un&hellip;\n","protected":false},"author":2,"featured_media":223807,"comment_status":"","ping_status":"","sticky":false,"template":"","format":"standard","meta":{"footnotes":""},"categories":[1587],"tags":[47,11,672,6376,13989,1804,1805,1803,1777,674,118,1801,1900,74,12,1802,32,926],"class_list":{"0":"post-223806","1":"post","2":"type-post","3":"status-publish","4":"format-standard","5":"has-post-thumbnail","7":"category-allemagne","8":"tag-actualite","9":"tag-actualites","10":"tag-allemagne","11":"tag-armes","12":"tag-autriche","13":"tag-bundesrepublik-deutschland","14":"tag-de","15":"tag-deutschland","16":"tag-eu","17":"tag-europe","18":"tag-faits-divers","19":"tag-germany","20":"tag-hambourg","21":"tag-monde","22":"tag-news","23":"tag-republique-federale-dallemagne","24":"tag-syrie","25":"tag-train"},"share_on_mastodon":{"url":"https:\/\/pubeurope.com\/@fr\/114790855135088628","error":""},"_links":{"self":[{"href":"https:\/\/www.europesays.com\/fr\/wp-json\/wp\/v2\/posts\/223806","targetHints":{"allow":["GET"]}}],"collection":[{"href":"https:\/\/www.europesays.com\/fr\/wp-json\/wp\/v2\/posts"}],"about":[{"href":"https:\/\/www.europesays.com\/fr\/wp-json\/wp\/v2\/types\/post"}],"author":[{"embeddable":true,"href":"https:\/\/www.europesays.com\/fr\/wp-json\/wp\/v2\/users\/2"}],"replies":[{"embeddable":true,"href":"https:\/\/www.europesays.com\/fr\/wp-json\/wp\/v2\/comments?post=223806"}],"version-history":[{"count":0,"href":"https:\/\/www.europesays.com\/fr\/wp-json\/wp\/v2\/posts\/223806\/revisions"}],"wp:featuredmedia":[{"embeddable":true,"href":"https:\/\/www.europesays.com\/fr\/wp-json\/wp\/v2\/media\/223807"}],"wp:attachment":[{"href":"https:\/\/www.europesays.com\/fr\/wp-json\/wp\/v2\/media?parent=223806"}],"wp:term":[{"taxonomy":"category","embeddable":true,"href":"https:\/\/www.europesays.com\/fr\/wp-json\/wp\/v2\/categories?post=223806"},{"taxonomy":"post_tag","embeddable":true,"href":"https:\/\/www.europesays.com\/fr\/wp-json\/wp\/v2\/tags?post=223806"}],"curies":[{"name":"wp","href":"https:\/\/api.w.org\/{rel}","templated":true}]}}