{"id":223815,"date":"2025-07-03T19:07:13","date_gmt":"2025-07-03T19:07:13","guid":{"rendered":"https:\/\/www.europesays.com\/fr\/223815\/"},"modified":"2025-07-03T19:07:13","modified_gmt":"2025-07-03T19:07:13","slug":"pour-lequipe-de-france-faire-bleues-de-tout-bois-liberation","status":"publish","type":"post","link":"https:\/\/www.europesays.com\/fr\/223815\/","title":{"rendered":"pour l\u2019\u00e9quipe de France, faire Bleues de tout bois \u2013 Lib\u00e9ration"},"content":{"rendered":"<p class=\"sc-ksZaOG ehjQrN text-element\">Invaincues en 2025, mais outsiders dans la comp\u00e9tition. Les Bleues approchent l\u2019Euro en Suisse lest\u00e9es d\u2019un paradoxe. Avec huit victoires en huit rencontres cette ann\u00e9e, la \u00abcote de l\u2019\u00e9quipe de France monte\u00bb, estimait le week-end dernier le s\u00e9lectionneur Laurent Bonadei, satisfait de prestations convaincantes, dont la derni\u00e8re, la plus symbolique, remport\u00e9e 3-2 contre des Br\u00e9siliennes qui avaient eu leur peau aux Jeux olympiques de Paris.<\/p>\n<p class=\"sc-ksZaOG ehjQrN text-element\">Hors de question de s\u2019enflammer pour autant : les Fran\u00e7aises, toujours en qu\u00eate d\u2019un premier sacre, sont encore en phase de r\u00e9mission, marqu\u00e9es par une pluie de d\u00e9sillusions collectives ces derni\u00e8res ann\u00e9es, dont deux sorties pr\u00e9matur\u00e9es en quarts du Mondial 2023 et des JO 2024, alors qu\u2019elles s\u2019avan\u00e7aient en favorites. Laurent Bonadei \u00e9tait alors le bras droit <a href=\"https:\/\/www.liberation.fr\/sports\/football\/herve-renard-la-cote-divoire-et-le-foot-feminin-relegue-20240127_ESCQMHJIBJAEPHS5NVPBIVNT74\/\" target=\"_blank\" rel=\"noreferrer nofollow noopener\" title=\"https:\/\/www.liberation.fr\/sports\/football\/herve-renard-la-cote-divoire-et-le-foot-feminin-relegue-20240127_ESCQMHJIBJAEPHS5NVPBIVNT74\/\">du s\u00e9lectionneur Herv\u00e9 Renard<\/a>. En reprenant les manettes de la s\u00e9lection, il a impuls\u00e9 un nouveau cycle. Avec des choix forts : <a href=\"https:\/\/www.liberation.fr\/sports\/football\/equipe-de-france-feminine-de-foot-renard-et-le-sommer-deux-taulieres-des-bleues-sur-la-touche-20250522_25ORELMI2RHIJHRHLEX7HWTEOM\/\" target=\"_blank\" rel=\"nofollow noopener\" title=\"https:\/\/www.liberati&lt;\/p&gt;&lt;\/div&gt;&lt;\/article&gt;&lt;\/div&gt;&lt;div data-fusion-lazy-id=\" f0f8vgvlad832fw=\"\"><\/p>\n","protected":false},"excerpt":{"rendered":"Invaincues en 2025, mais outsiders dans la comp\u00e9tition. Les Bleues approchent l\u2019Euro en Suisse lest\u00e9es d\u2019un paradoxe. Avec&hellip;\n","protected":false},"author":2,"featured_media":223816,"comment_status":"","ping_status":"","sticky":false,"template":"","format":"standard","meta":{"footnotes":""},"categories":[4],"tags":[11,34063,36286,1011,27,12,25],"class_list":{"0":"post-223815","1":"post","2":"type-post","3":"status-publish","4":"format-standard","5":"has-post-thumbnail","7":"category-france","8":"tag-actualites","9":"tag-equipe-de-france-feminine-de-football","10":"tag-euro-feminin-football","11":"tag-fr","12":"tag-france","13":"tag-news","14":"tag-republique-francaise"},"share_on_mastodon":{"url":"https:\/\/pubeurope.com\/@fr\/114790874687788150","error":""},"_links":{"self":[{"href":"https:\/\/www.europesays.com\/fr\/wp-json\/wp\/v2\/posts\/223815","targetHints":{"allow":["GET"]}}],"collection":[{"href":"https:\/\/www.europesays.com\/fr\/wp-json\/wp\/v2\/posts"}],"about":[{"href":"https:\/\/www.europesays.com\/fr\/wp-json\/wp\/v2\/types\/post"}],"author":[{"embeddable":true,"href":"https:\/\/www.europesays.com\/fr\/wp-json\/wp\/v2\/users\/2"}],"replies":[{"embeddable":true,"href":"https:\/\/www.europesays.com\/fr\/wp-json\/wp\/v2\/comments?post=223815"}],"version-history":[{"count":0,"href":"https:\/\/www.europesays.com\/fr\/wp-json\/wp\/v2\/posts\/223815\/revisions"}],"wp:featuredmedia":[{"embeddable":true,"href":"https:\/\/www.europesays.com\/fr\/wp-json\/wp\/v2\/media\/223816"}],"wp:attachment":[{"href":"https:\/\/www.europesays.com\/fr\/wp-json\/wp\/v2\/media?parent=223815"}],"wp:term":[{"taxonomy":"category","embeddable":true,"href":"https:\/\/www.europesays.com\/fr\/wp-json\/wp\/v2\/categories?post=223815"},{"taxonomy":"post_tag","embeddable":true,"href":"https:\/\/www.europesays.com\/fr\/wp-json\/wp\/v2\/tags?post=223815"}],"curies":[{"name":"wp","href":"https:\/\/api.w.org\/{rel}","templated":true}]}}