{"id":223817,"date":"2025-07-03T19:10:10","date_gmt":"2025-07-03T19:10:10","guid":{"rendered":"https:\/\/www.europesays.com\/fr\/223817\/"},"modified":"2025-07-03T19:10:10","modified_gmt":"2025-07-03T19:10:10","slug":"international-george-ford-capitaine-pour-sa-100e-seb-atkinson-et-will-muir-nouveaux-capes-langleterre-devoile-son-equipe-pour-defier-largentine","status":"publish","type":"post","link":"https:\/\/www.europesays.com\/fr\/223817\/","title":{"rendered":"International \u2013 George Ford capitaine pour sa 100e, Seb Atkinson et Will Muir nouveaux cap\u00e9s\u2026 L\u2019Angleterre d\u00e9voile son \u00e9quipe pour d\u00e9fier l\u2019Argentine"},"content":{"rendered":"<p>\n                Le s\u00e9lectionneur anglais Steve Borthwick a nomm\u00e9 son \u00e9quipe pour affronter l\u2019Argentine \u00e0 l\u2019Estadio UNO de La Plata (samedi, 21h40). Pour sa centi\u00e8me s\u00e9lection, l\u2019ouvreur de Sale, George Ford sera capitaine. Le centre Seb Atkinson et l\u2019ailier Will Muir f\u00eateront quant \u00e0 eux leur premi\u00e8re cape.\n            <\/p>\n<p class=\"p1\">Nous avions quitt\u00e9<a href=\"https:\/\/www.rugbyrama.fr\/equipe\/angleterre\/\" target=\"_self\" rel=\"nofollow noopener\"><strong> le XV de la Rose<\/strong><\/a> sur une bonne note mi-mars apr\u00e8s quatre victoires de rang dans le Tournoi des Six Nations et une seconde place. Gr\u00e2ce \u00e0 ce bon tournoi, les hommes de Steve Borthwick ont repris confiance et se rendent en Argentine pour poursuivre leur dynamique. \u00ab\u00a0Nous sommes impatients de jouer contre les Pumas et de nous mesurer \u00e0 une \u00e9quipe solide et en forme\u00a0\u00bb, a d\u00e9clar\u00e9 Borthwick. En effet, les Argentins restent sur <strong><a href=\"https:\/\/www.rugbyrama.fr\/2025\/06\/20\/lions-britanniques-argentine-largentine-cree-la-sensation-pour-la-premiere-des-lions-britanniques-12776190.php\" target=\"_self\" rel=\"nofollow noopener\">une victoire de prestige face aux Lions britanniques et irlandais \u00e0 Dublin (28-24, le 20\u00a0juin)<\/a><\/strong>. Le m\u00eame week-end o\u00f9\u00a0l\u2019\u00e9quipe d\u2019Angleterre XV a connu un<strong><a href=\"https:\/\/www.rugbyrama.fr\/2025\/06\/21\/xv-de-france-en-toute-fin-de-match-france-a-simpose-contre-langleterre-xv-12777434.php\" target=\"_self\" rel=\"nofollow noopener\"> petit coup d\u2019arr\u00eat face \u00e0 l\u2019\u00e9quipe de France\u00a0A<\/a><\/strong> (24-28).<\/p>\n<p>Ford nouveau centurion<\/p>\n<p class=\"p1\">Pour ce premier test-match, l\u2019Angleterre a d\u00e9voil\u00e9 son XV de d\u00e9part, bien s\u00fbr sans ses meilleurs \u00e9l\u00e9ments retenus avec les Lions en Australie\u2026 Parmi les titulaires, George Ford, ouvreur des Sale Sharks va honorer sa centi\u00e8me cape, un moment fort dans la carri\u00e8re de tout rugbyman. Steve Borthwick a d\u2019ailleurs confi\u00e9 le brassard de capitaine \u00e0 son num\u00e9ro\u00a010. \u00ab\u00a0George est un joueur exceptionnel depuis plus de dix ans. Atteindre les 100 s\u00e9lections est un exploit remarquable, qui en dit long sur son professionnalisme et sa personnalit\u00e9. Toute l\u2019\u00e9quipe est extr\u00eamement fi\u00e8re de partager ce moment avec lui\u00a0\u00bb, a f\u00e9licit\u00e9 le s\u00e9lectionneur anglais.<\/p>\n<p class=\"p1\">\u00c0 noter que dans l\u2019\u00e9quipe qui d\u00e9fiera les Pumas, deux nouveaux s\u2019y sont gliss\u00e9s. Le centre de Gloucester, Seb Atkinson, ainsi que l\u2019ailier de Bath, Will Muir vont f\u00eater leur premi\u00e8re s\u00e9lection. Une \u00e9quipe o\u00f9 l\u2019on retrouve les exp\u00e9riment\u00e9s Henry Slade (centre, 72 s\u00e9lections), Jamie George (talonneur, 101 s\u00e9lections) ou Sam Underhill (3e ligne, 40 s\u00e9lections)<\/p>\n<p>    La composition des Anglais face \u00e0 l\u2019Argentine<\/p>\n<p><strong>Le XV de d\u00e9part\u00a0: <\/strong>15. Steward\u00a0; 14. Roebuck, 13. Slade, 12. Atkinson, 11. Muir\u00a0; 10. Ford (cap.), 9. Spencer\u00a0; 7. Underhill, 8. Willis, 6. Curry\u00a0; 5. Coles, 4. Ewels\u00a0; 3. Heyes, 2. George, 1. Baxter.<\/p>\n<p>Rempla\u00e7ants<strong>\u00a0: <\/strong>16. Dan, 17. Rodd, 18. Opuku-Fordjour, 19. Cunningham-South, 20. Pepper, 21. Dombrandt, 22. Van Poortvliet, 23. Murlay.<\/p>\n<p>Le coup d\u2019envoi de la rencontre sera donn\u00e9 samedi \u00e0 21h40 heure fran\u00e7aise. Elle sera arbitr\u00e9e par l\u2019Australien Angus Gardner.<\/p>\n","protected":false},"excerpt":{"rendered":"Le s\u00e9lectionneur anglais Steve Borthwick a nomm\u00e9 son \u00e9quipe pour affronter l\u2019Argentine \u00e0 l\u2019Estadio UNO de La Plata&hellip;\n","protected":false},"author":2,"featured_media":223818,"comment_status":"","ping_status":"","sticky":false,"template":"","format":"standard","meta":{"footnotes":""},"categories":[1416],"tags":[1011,27,479,1468,60],"class_list":{"0":"post-223817","1":"post","2":"type-post","3":"status-publish","4":"format-standard","5":"has-post-thumbnail","7":"category-rugby","8":"tag-fr","9":"tag-france","10":"tag-rugby","11":"tag-rugby-football","12":"tag-sports"},"share_on_mastodon":{"url":"https:\/\/pubeurope.com\/@fr\/114790886556677629","error":""},"_links":{"self":[{"href":"https:\/\/www.europesays.com\/fr\/wp-json\/wp\/v2\/posts\/223817","targetHints":{"allow":["GET"]}}],"collection":[{"href":"https:\/\/www.europesays.com\/fr\/wp-json\/wp\/v2\/posts"}],"about":[{"href":"https:\/\/www.europesays.com\/fr\/wp-json\/wp\/v2\/types\/post"}],"author":[{"embeddable":true,"href":"https:\/\/www.europesays.com\/fr\/wp-json\/wp\/v2\/users\/2"}],"replies":[{"embeddable":true,"href":"https:\/\/www.europesays.com\/fr\/wp-json\/wp\/v2\/comments?post=223817"}],"version-history":[{"count":0,"href":"https:\/\/www.europesays.com\/fr\/wp-json\/wp\/v2\/posts\/223817\/revisions"}],"wp:featuredmedia":[{"embeddable":true,"href":"https:\/\/www.europesays.com\/fr\/wp-json\/wp\/v2\/media\/223818"}],"wp:attachment":[{"href":"https:\/\/www.europesays.com\/fr\/wp-json\/wp\/v2\/media?parent=223817"}],"wp:term":[{"taxonomy":"category","embeddable":true,"href":"https:\/\/www.europesays.com\/fr\/wp-json\/wp\/v2\/categories?post=223817"},{"taxonomy":"post_tag","embeddable":true,"href":"https:\/\/www.europesays.com\/fr\/wp-json\/wp\/v2\/tags?post=223817"}],"curies":[{"name":"wp","href":"https:\/\/api.w.org\/{rel}","templated":true}]}}