{"id":223820,"date":"2025-07-03T19:12:16","date_gmt":"2025-07-03T19:12:16","guid":{"rendered":"https:\/\/www.europesays.com\/fr\/223820\/"},"modified":"2025-07-03T19:12:16","modified_gmt":"2025-07-03T19:12:16","slug":"nouvelle-ere-a-la-commission-de-haute-performance","status":"publish","type":"post","link":"https:\/\/www.europesays.com\/fr\/223820\/","title":{"rendered":"Nouvelle \u00e8re \u00e0 la \u00ab\u00a0Commission de haute performance\u00a0\u00bb"},"content":{"rendered":"<p>La F\u00e9d\u00e9ration s\u00e9n\u00e9galaise de basket voit le retour d\u2019une figure embl\u00e9matique, Tapha Gaye, \u00e0 la t\u00eate d\u2019une toute nouvelle \u00ab\u00a0Commission de haute performance\u00a0\u00bb. Cet ancien Directeur technique national et entra\u00eeneur de l\u2019Asc Ville de Dakar reprend du service apr\u00e8s une pause survenue \u00e0 la suite de la d\u00e9faite de l\u2019\u00e9quipe nationale f\u00e9minine lors de la finale de l\u2019Afrobasket 2023 face au Nigeria.<\/p>\n<p>Comme le rapporte le site Le Quotidien, cette r\u00e9int\u00e9gration intervient plus d\u2019un an apr\u00e8s son d\u00e9part de l\u2019\u00e9quipe nationale. Ce retour anticip\u00e9 par Me Babacar Ndiaye, pr\u00e9sident de la F\u00e9d\u00e9ration, d\u00e9montre la volont\u00e9 de tirer parti de l\u2019exp\u00e9rience de Tapha Gaye, notamment en vue d\u2019une ann\u00e9e 2025 charg\u00e9e en comp\u00e9titions. \u00ab\u00a0On a toujours besoin de ses services\u00a0\u00bb, avait d\u00e9clar\u00e9 Me Babacar Ndiaye, soulignant que d\u2019autres nations pourraient b\u00e9n\u00e9ficier d\u2019une expertise qu\u2019ils souhaitent voir rester nationale.<\/p>\n<p>Le journal Le Quotidien r\u00e9v\u00e8le que ce nouvel organe est con\u00e7u pour centraliser les efforts de haute performance dans le basket s\u00e9n\u00e9galais, reposant sur les acquis de Tapha Gaye, double champion d\u2019Afrique avec l\u2019\u00e9quipe f\u00e9minine. La d\u00e9cision de sa nomination a \u00e9t\u00e9 consensuellement valid\u00e9e par le Comit\u00e9 directeur la semaine derni\u00e8re.<\/p>\n<p>Parall\u00e8lement, deux autres commissions ont \u00e9t\u00e9 instaur\u00e9es : la \u00ab\u00a0Commission de la comptabilit\u00e9\u00a0\u00bb, visant \u00e0 renforcer la gestion financi\u00e8re, et la \u00ab\u00a0Commission de supervision des arbitres\u00a0\u00bb, destin\u00e9e \u00e0 encadrer cette activit\u00e9 cruciale. Quant \u00e0 ses missions pr\u00e9cises, il s\u2019agira plut\u00f4t d\u2019un r\u00f4le administratif visant \u00e0 optimiser les performances f\u00e9d\u00e9rales.<\/p>\n<p>Ce retour soul\u00e8ve n\u00e9anmoins des questions parmi les membres de la F\u00e9d\u00e9ration, notamment quant \u00e0 la collaboration future entre Tapha Gaye et l\u2019actuel Directeur technique national, Raoul Toupane. La cohabitation de ces deux figures pourrait demander une clarification des r\u00f4les pour \u00e9viter les chevauchements. C\u2019est un d\u00e9fi que Me Babacar Ndiaye semble pr\u00eat \u00e0 relever, lui qui a souvent soulign\u00e9 les succ\u00e8s remport\u00e9s avec Tapha Gaye lors des pr\u00e9c\u00e9dentes comp\u00e9titions internationales.<\/p>\n","protected":false},"excerpt":{"rendered":"La F\u00e9d\u00e9ration s\u00e9n\u00e9galaise de basket voit le retour d\u2019une figure embl\u00e9matique, Tapha Gaye, \u00e0 la t\u00eate d\u2019une toute&hellip;\n","protected":false},"author":2,"featured_media":223821,"comment_status":"","ping_status":"","sticky":false,"template":"","format":"standard","meta":{"footnotes":""},"categories":[1414],"tags":[1465,1464,1011,27,60],"class_list":{"0":"post-223820","1":"post","2":"type-post","3":"status-publish","4":"format-standard","5":"has-post-thumbnail","7":"category-basket","8":"tag-basket","9":"tag-basketball","10":"tag-fr","11":"tag-france","12":"tag-sports"},"share_on_mastodon":{"url":"https:\/\/pubeurope.com\/@fr\/114790894413862328","error":""},"_links":{"self":[{"href":"https:\/\/www.europesays.com\/fr\/wp-json\/wp\/v2\/posts\/223820","targetHints":{"allow":["GET"]}}],"collection":[{"href":"https:\/\/www.europesays.com\/fr\/wp-json\/wp\/v2\/posts"}],"about":[{"href":"https:\/\/www.europesays.com\/fr\/wp-json\/wp\/v2\/types\/post"}],"author":[{"embeddable":true,"href":"https:\/\/www.europesays.com\/fr\/wp-json\/wp\/v2\/users\/2"}],"replies":[{"embeddable":true,"href":"https:\/\/www.europesays.com\/fr\/wp-json\/wp\/v2\/comments?post=223820"}],"version-history":[{"count":0,"href":"https:\/\/www.europesays.com\/fr\/wp-json\/wp\/v2\/posts\/223820\/revisions"}],"wp:featuredmedia":[{"embeddable":true,"href":"https:\/\/www.europesays.com\/fr\/wp-json\/wp\/v2\/media\/223821"}],"wp:attachment":[{"href":"https:\/\/www.europesays.com\/fr\/wp-json\/wp\/v2\/media?parent=223820"}],"wp:term":[{"taxonomy":"category","embeddable":true,"href":"https:\/\/www.europesays.com\/fr\/wp-json\/wp\/v2\/categories?post=223820"},{"taxonomy":"post_tag","embeddable":true,"href":"https:\/\/www.europesays.com\/fr\/wp-json\/wp\/v2\/tags?post=223820"}],"curies":[{"name":"wp","href":"https:\/\/api.w.org\/{rel}","templated":true}]}}