{"id":223832,"date":"2025-07-03T19:18:14","date_gmt":"2025-07-03T19:18:14","guid":{"rendered":"https:\/\/www.europesays.com\/fr\/223832\/"},"modified":"2025-07-03T19:18:14","modified_gmt":"2025-07-03T19:18:14","slug":"alexandre-champagne-sen-prend-a-un-photographe-qui-a-critique-son-travail-et-ca-fait-reagir","status":"publish","type":"post","link":"https:\/\/www.europesays.com\/fr\/223832\/","title":{"rendered":"Alexandre Champagne s\u2019en prend \u00e0 un photographe qui a critiqu\u00e9 son travail et \u00e7a fait r\u00e9agir"},"content":{"rendered":"<p><strong>En plus d\u2019\u00eatre humoriste, Alexandre Champagne exerce aussi la photographie, un art qu\u2019il consid\u00e8re davantage comme une passion que comme un m\u00e9tier.<\/strong><\/p>\n<p>Depuis des ann\u00e9es, il partage sur les r\u00e9seaux sociaux le fruit de son travail, que ce soit des portraits de personnalit\u00e9s publiques, des photographies d\u2019objets inanim\u00e9s ou, comme il l\u2019a fait r\u00e9cemment, des images de ses aventures au Grand Prix de Formule 1 du Canada.<\/p>\n<p class=\"toreadalso-fromEMP\"><strong>\u2022 \u00c0 lire aussi: <\/strong><a href=\"https:\/\/www.lesacdechips.com\/2025\/07\/02\/alexandre-champagne-lance-un-vibrant-hommage-a-son-defunt-ami-herby-moreau\" target=\"d3bbde0a-0b41-49ba-9b17-e2003208e205\" rel=\"nofollow noopener\"><strong>Alexandre Champagne lance un vibrant hommage \u00e0 son d\u00e9funt ami Herby Moreau<\/strong><\/a><\/p>\n<p class=\"toreadalso-fromEMP\"><strong>\u2022 \u00c0 lire aussi: <\/strong><a href=\"https:\/\/www.lesacdechips.com\/2025\/06\/23\/marilou-sest-un-peu-stationnee-sur-le-trottoir-et-alexandre-champagne-explique-pourquoi\" target=\"e913735e-0613-4ae2-9527-465a443f283d\" rel=\"nofollow noopener\"><strong>Marilou s\u2019est un peu stationn\u00e9e sur le trottoir et Alexandre Champagne explique pourquoi<\/strong><\/a><\/p>\n<p>Il offre aussi des ateliers de formation en photo sur cellulaire, en personne ou en ligne.<\/p>\n<p>Bref, sans \u00eatre le plus grand ma\u00eetre de la photographie au monde, on pourrait dire qu\u2019\u00abil conna\u00eet \u00e7a\u00bb.<\/p>\n<p>Cela dit, le fait qu\u2019il soit lui-m\u00eame une personnalit\u00e9 connue au Qu\u00e9bec l\u2019expose peut-\u00eatre un peu plus \u00e0 la critique qu\u2019un photographe lambda.<\/p>\n<p>Et il appert qu\u2019Alexandre Champagne est sensible \u00e0 la critique.<\/p>\n<p><a href=\"https:\/\/www.lesacdechips.com\/2024\/03\/14\/abonnez-vous-a-linfolettre-du-sac-de-chips-la-meilleure-au-quebec\" target=\"_blank\" rel=\"nofollow noopener\"><br \/>\n    <img decoding=\"async\" src=\"https:\/\/www.europesays.com\/fr\/wp-content\/uploads\/2025\/04\/a0726ac5-71aa-4446-8497-d98287deea9c_bloc_sdc.jpg\" class=\"logoJe\"\/><br \/>\n<\/a><\/p>\n<p>On en a eu la preuve mercredi quand notre principal int\u00e9ress\u00e9 s\u2019est lanc\u00e9 dans une croisade en ligne contre un internaute qui lui avait signal\u00e9, avec tr\u00e8s peu de tact, on en convient, que ses photos ne sont pas parfaites.<\/p>\n<p>Dans une publication Facebook maintenant supprim\u00e9e, Champagne partageait des captures d\u2019\u00e9cran des messages envoy\u00e9s par l\u2019homme qui est aussi photographe.<\/p>\n<p>On y voyait des messages que l\u2019usager de Facebook lui avait envoy\u00e9s, mais aussi des r\u00e9ponses de Champagne qui se moquait \u00e0 son tour de son travail.<\/p>\n<p class=\"toreadalso-fromEMP\"><strong>\u2022 \u00c0 lire aussi: <\/strong><a href=\"https:\/\/www.lesacdechips.com\/2025\/04\/25\/alexandre-champagne-est-tombe-par-terre-quand-il-a-vu-le-montant-du-cheque-pour-le-premier-livre-de-trois-fois-par-jour\" target=\"82161092-94a7-4989-8bc7-28a22ff23999\" rel=\"nofollow noopener\"><strong>Alexandre Champagne est tomb\u00e9 par terre quand il a vu le montant du ch\u00e8que pour le premier livre de \u00abTrois fois par jour\u00bb<\/strong><\/a><\/p>\n<p>Pour couronner le tout, on pouvait voir que Champagne avait laiss\u00e9 un avis Google de 1 \u00e9toile sur 5 au photographe, en plus de r\u00e9diger un commentaire blessant.<\/p>\n<p>Ce faisant, il a d\u00e9clench\u00e9 une vague de notes similaires pour ce monsieur, de la part de ses fans.<\/p>\n<p>Vers 10 heures jeudi matin, le co-fondateur de Trois fois par jour a cependant choisi d\u2019effacer cette publication.<\/p>\n<p>Un autre statut Facebook concernant cette saga est toutefois toujours en ligne.<\/p>\n<p>Alexandre Champagne y mentionne: \u00abJe sais que j&rsquo;aurais pu \u00ab\u00a0laisser faire\u00a0\u00bb, bloquer le dude et passer \u00e0 autre chose. Mais en toute honn\u00eatet\u00e9, depuis quelques semaines, j&rsquo;en laisse passer beaucoup. L\u00e0, c&rsquo;\u00e9tait la goutte de trop.\u00bb<\/p>\n<p>Il d\u00e9taille ensuite les raisons qui l\u2019ont pouss\u00e9 \u00e0 r\u00e9agir de la sorte.<\/p>\n<p>\u00abMais l\u00e0, pour vrai, le bullying, pis me prendre pour un punching bag \u00e9motif parce votre journ\u00e9e a \u00e9t\u00e9 de la marde, \u00e7a va faire. Des messages haineux, des menaces de me frapper, des menaces de mort, des insultes? No fucking way\u00bb, dit-il.<\/p>\n<p>Il conclut son message en pr\u00e9cisant qu\u2019il ne regrette pas sa d\u00e9cision.<\/p>\n<p>\u00abJe tiens \u00e0 dire que je ne m&rsquo;excuse pas. Mes commentaires et les publications vont rester l\u00e0.<\/p>\n<p class=\"toreadalso-fromEMP\"><strong>\u2022 \u00c0 lire aussi: <\/strong><a href=\"https:\/\/www.lesacdechips.com\/2025\/04\/10\/alexandre-champagne-se-trouve-a-cher-avec-lia\" target=\"73a450f9-c635-4b98-9e1f-b5dadbd8e9b1\" rel=\"nofollow noopener\"><strong>Alexandre Champagne se trouve \u00ab\u00e0 ch*er\u00bb avec l\u2019IA<\/strong><\/a><\/p>\n<p>Vous en voulez du vrai sur les r\u00e9seaux sociaux? Kin tabarnak, r\u00e9galez-vous. J&rsquo;avais aller dormir, m\u00e9diter, continuer la psychoth\u00e9rapie que j&rsquo;ai entam\u00e9e il y a 15 ans et essayer d&rsquo;\u00eatre un meilleur humain\u00bb, indique Champagne qui, avec le recul, se contredit.<\/p>\n<p>Dans les commentaires, plusieurs de ses admirateurs le f\u00e9licitent pour la vivacit\u00e9 de sa r\u00e9action face \u00e0 ce qu\u2019ils consid\u00e8rent comme de l\u2019intimidation en ligne.<\/p>\n<p>D\u2019autres, moins nombreux ceux-l\u00e0, soulignent que la r\u00e9ponse maintenant supprim\u00e9e de Champagne frisait elle-m\u00eame l\u2019intimidation en ligne.<\/p>\n","protected":false},"excerpt":{"rendered":"En plus d\u2019\u00eatre humoriste, Alexandre Champagne exerce aussi la photographie, un art qu\u2019il consid\u00e8re davantage comme une passion&hellip;\n","protected":false},"author":2,"featured_media":223833,"comment_status":"","ping_status":"","sticky":false,"template":"","format":"standard","meta":{"footnotes":""},"categories":[1358],"tags":[1348,1384,1385,1386,58,59,1011,27],"class_list":{"0":"post-223832","1":"post","2":"type-post","3":"status-publish","4":"format-standard","5":"has-post-thumbnail","7":"category-arts-et-design","8":"tag-arts","9":"tag-arts-and-design","10":"tag-arts-et-design","11":"tag-design","12":"tag-divertissement","13":"tag-entertainment","14":"tag-fr","15":"tag-france"},"share_on_mastodon":{"url":"https:\/\/pubeurope.com\/@fr\/114790918036456142","error":""},"_links":{"self":[{"href":"https:\/\/www.europesays.com\/fr\/wp-json\/wp\/v2\/posts\/223832","targetHints":{"allow":["GET"]}}],"collection":[{"href":"https:\/\/www.europesays.com\/fr\/wp-json\/wp\/v2\/posts"}],"about":[{"href":"https:\/\/www.europesays.com\/fr\/wp-json\/wp\/v2\/types\/post"}],"author":[{"embeddable":true,"href":"https:\/\/www.europesays.com\/fr\/wp-json\/wp\/v2\/users\/2"}],"replies":[{"embeddable":true,"href":"https:\/\/www.europesays.com\/fr\/wp-json\/wp\/v2\/comments?post=223832"}],"version-history":[{"count":0,"href":"https:\/\/www.europesays.com\/fr\/wp-json\/wp\/v2\/posts\/223832\/revisions"}],"wp:featuredmedia":[{"embeddable":true,"href":"https:\/\/www.europesays.com\/fr\/wp-json\/wp\/v2\/media\/223833"}],"wp:attachment":[{"href":"https:\/\/www.europesays.com\/fr\/wp-json\/wp\/v2\/media?parent=223832"}],"wp:term":[{"taxonomy":"category","embeddable":true,"href":"https:\/\/www.europesays.com\/fr\/wp-json\/wp\/v2\/categories?post=223832"},{"taxonomy":"post_tag","embeddable":true,"href":"https:\/\/www.europesays.com\/fr\/wp-json\/wp\/v2\/tags?post=223832"}],"curies":[{"name":"wp","href":"https:\/\/api.w.org\/{rel}","templated":true}]}}