{"id":223836,"date":"2025-07-03T19:20:12","date_gmt":"2025-07-03T19:20:12","guid":{"rendered":"https:\/\/www.europesays.com\/fr\/223836\/"},"modified":"2025-07-03T19:20:12","modified_gmt":"2025-07-03T19:20:12","slug":"avant-sa-rentree-anne-sophie-lapix-devoile-ses-nouveaux-projets-au-figaro","status":"publish","type":"post","link":"https:\/\/www.europesays.com\/fr\/223836\/","title":{"rendered":"avant sa rentr\u00e9e, Anne-Sophie Lapix d\u00e9voile ses nouveaux projets au Figaro"},"content":{"rendered":"<p><strong>ENTRETIEN &#8211;<\/strong> \u00c9cart\u00e9e du JT de 20\u00a0heures de France\u00a02, la journaliste sera de retour en quotidienne sur RTL le 25 ao\u00fbt, et tous les dimanches sur M6.<\/p>\n<p class=\"fig-paragraph\">\u00ab\u00a0Voil\u00e0, c\u2019est fini.\u00a0\u00bb Le 26\u00a0juin dernier,\u00a0<a href=\"http:\/\/www.lefigaro.fr\/medias\/evincee-du-20-heures-de-france-2-anne-sophie-lapix-rebondit-chez-le-groupe-m6-20250616\" target=\"_blank\" data-fig-type=\"NewsFlash\" rel=\"noopener\" data-gtm-custom-categorie=\"navigation\" data-gtm-custom-action=\"crossclick\" data-gtm-custom-label=\"Contextuel\" data-gtm-event=\"customEventSPE\" data-fig-domain=\"LEFIGARO\">Anne-Sophie Lapix<\/a>\u00a0a fait\u00a0<a href=\"http:\/\/tvmag.lefigaro.fr\/programme-tv\/actu-tele\/c-est-le-moment-pour-moi-de-dire-merci-les-adieux-d-anne-sophie-lapix-au-20-heures-de-france-2-20250626\" target=\"_blank\" data-fig-type=\"Article\" rel=\"noopener\" data-gtm-custom-categorie=\"navigation\" data-gtm-custom-action=\"crossclick\" data-gtm-custom-label=\"Contextuel\" data-gtm-event=\"customEventSPE\" data-fig-domain=\"TVMAG\">ses adieux aux \u00ab20 Heures\u00bb de France 2<\/a>\u00a0qu\u2019elle animait depuis septembre 2017, sous un tonnerre d\u2019applaudissements et les encouragements, \u00e0 distance, de son meilleur \u00ab\u00a0ennemi\u00a0\u00bb,\u00a0<a href=\"http:\/\/tvmag.lefigaro.fr\/programme-tv\/actu-tele\/je-te-souhaite-le-meilleur-pour-la-suite-gilles-bouleau-salue-anne-sophie-lapix-dans-le-20-heures-de-tf1-20250627\" target=\"_blank\" data-fig-type=\"Article\" rel=\"noopener\" data-gtm-custom-categorie=\"navigation\" data-gtm-custom-action=\"crossclick\" data-gtm-custom-label=\"Contextuel\" data-gtm-event=\"customEventSPE\" data-fig-domain=\"TVMAG\">Gilles Bouleau<\/a>, depuis le plateau du JT de la cha\u00eene concurrente TF1. \u00ab\u00a0Le choix de quitter le \u201c20 Heures\u201d n\u2019a pas \u00e9t\u00e9 le mien, rappelle-t-elle au Figaro. Lorsque vous \u00eates pr\u00e9sentateur de JT, vous avez le nez dans le guidon, et c\u2019est rarement vous qui dites stop.\u00a0\u00bb<\/p>\n<p class=\"fig-paragraph\">En l\u2019occurrence, c\u2019est\u00a0<a href=\"http:\/\/www.lefigaro.fr\/medias\/delphine-ernotte-reconduite-a-la-tete-de-france-televisions-il-y-a-une-forme-de-chasse-au-service-public-et-je-n-ai-pas-l-intention-de-me-laisser-faire-20250518\" target=\"_blank\" data-fig-type=\"Article\" rel=\"noopener\" data-gtm-custom-categorie=\"navigation\" data-gtm-custom-action=\"crossclick\" data-gtm-custom-label=\"Contextuel\" data-gtm-event=\"customEventSPE\" data-fig-domain=\"LEFIGARO\">Delphine Ernotte, la pr\u00e9sidente de France T\u00e9l\u00e9visions<\/a>\u00a0qui a pris la d\u00e9cision de changer le visage du \u00ab\u00a020\u00a0Heures\u00a0\u00bb de France\u00a02 et d\u2019installer\u00a0<a href=\"http:\/\/www.lefigaro.fr\/medias\/lea-salame-nouveau-visage-du-jt-de-20h-de-france-2-20250619\" target=\"_blank\" data-fig-type=\"NewsFlash\" rel=\"noopener\" data-gtm-custom-categorie=\"navigation\" data-gtm-custom-action=\"crossclick\" data-gtm-custom-label=\"Contextuel\" data-gtm-event=\"customEventSPE\" data-fig-domain=\"LEFIGARO\">L\u00e9a Salam\u00e9 \u00e0 la place d\u2019Anne-Sophie Lapix<\/a>. La question du maintien de la journaliste \u00e9tait devenue r\u00e9currente depuis la saison derni\u00e8re. \u00ab\u00a0J\u2019ai toujours signifi\u00e9 \u00e0 Delphine Ernotte qu\u2019\u00e0 tout moment, si l\u2019on me demandait de partir, ce ne serait pas un probl\u00e8me. Je suis en r\u00e9alit\u00e9 assez \u00e9tonn\u00e9e d\u2019\u00eatre rest\u00e9e\u2026<\/p>\n<p class=\"fig-premium-paywall__infos\">\n        Cet article est r\u00e9serv\u00e9 aux abonn\u00e9s.        Il vous reste 86% \u00e0 d\u00e9couvrir.\n    <\/p>\n<p>                <img  data- alt=\"Le Figaro\" class=\"fig-img--complete fig-img\"\/><\/p>\n<p class=\"fig-premium-paywall__title\">Vous avez envie de lire la suite ?<\/p>\n<p class=\"fig-premium-paywall__subtitle\">D\u00e9bloquez tous les articles imm\u00e9diatement.<\/p>\n<p class=\"fig-premium-paywall__connect\">\n                D\u00e9j\u00e0 abonn\u00e9\u00a0?                <a class=\"fig-premium-paywall__connect-link\" href=\"https:\/\/connect.lefigaro.fr\/login?client=horizon_web&amp;type=main&amp;redirect_uri=https%3A%2F%2Fwww.lefigaro.fr%2Fmedias%2Fje-ne-serai-pas-differente-sur-m6-et-rtl-avant-sa-rentree-anne-sophie-lapix-devoile-ses-nouveaux-projets-au-figaro-20250703\" data-js-gtm=\"{&quot;customCategorie&quot;: &quot;conversion&quot;, &quot;customAction&quot;: &quot;before_Landing_Connexion_paywall_auto&quot;, &quot;customLabel&quot;: &quot;bGVmaWdhcm8uZnJfXzFmMDU4MTM3LWU1YzAtNmQ3ZS1iODdlLTY3NjFhNmVmZDdhMl9fQXJ0aWNsZQ==_\u00abJe ne serai pas diff\u00e9rente sur M6 et RTL\u00bb\u00a0: avant sa rentr\u00e9e, Anne-Sophie Lapix d\u00e9voile ses nouveaux projets au &lt;i&gt;Figaro&lt;\/i&gt;_474&quot;, &quot;customIDSPE&quot;: &quot;bGVmaWdhcm8uZnJfXzFmMDU4MTM3LWU1YzAtNmQ3ZS1iODdlLTY3NjFhNmVmZDdhMl9fQXJ0aWNsZQ==&quot;, &quot;event&quot;: &quot;customEventSPE&quot;}\" target=\"_blank\" rel=\"noopener\"><br \/>\n                    Connectez-vous<br \/>\n                <\/a>\n            <\/p>\n","protected":false},"excerpt":{"rendered":"ENTRETIEN &#8211; \u00c9cart\u00e9e du JT de 20\u00a0heures de France\u00a02, la journaliste sera de retour en quotidienne sur RTL&hellip;\n","protected":false},"author":2,"featured_media":223837,"comment_status":"","ping_status":"","sticky":false,"template":"","format":"standard","meta":{"footnotes":""},"categories":[1356],"tags":[21313,58,59,1011,27,2400,494,2700,252,1364],"class_list":{"0":"post-223836","1":"post","2":"type-post","3":"status-publish","4":"format-standard","5":"has-post-thumbnail","7":"category-television","8":"tag-anne-sophie-lapix","9":"tag-divertissement","10":"tag-entertainment","11":"tag-fr","12":"tag-france","13":"tag-france-televisions","14":"tag-m6","15":"tag-rtl","16":"tag-television","17":"tag-tv"},"share_on_mastodon":{"url":"https:\/\/pubeurope.com\/@fr\/114790925828536135","error":""},"_links":{"self":[{"href":"https:\/\/www.europesays.com\/fr\/wp-json\/wp\/v2\/posts\/223836","targetHints":{"allow":["GET"]}}],"collection":[{"href":"https:\/\/www.europesays.com\/fr\/wp-json\/wp\/v2\/posts"}],"about":[{"href":"https:\/\/www.europesays.com\/fr\/wp-json\/wp\/v2\/types\/post"}],"author":[{"embeddable":true,"href":"https:\/\/www.europesays.com\/fr\/wp-json\/wp\/v2\/users\/2"}],"replies":[{"embeddable":true,"href":"https:\/\/www.europesays.com\/fr\/wp-json\/wp\/v2\/comments?post=223836"}],"version-history":[{"count":0,"href":"https:\/\/www.europesays.com\/fr\/wp-json\/wp\/v2\/posts\/223836\/revisions"}],"wp:featuredmedia":[{"embeddable":true,"href":"https:\/\/www.europesays.com\/fr\/wp-json\/wp\/v2\/media\/223837"}],"wp:attachment":[{"href":"https:\/\/www.europesays.com\/fr\/wp-json\/wp\/v2\/media?parent=223836"}],"wp:term":[{"taxonomy":"category","embeddable":true,"href":"https:\/\/www.europesays.com\/fr\/wp-json\/wp\/v2\/categories?post=223836"},{"taxonomy":"post_tag","embeddable":true,"href":"https:\/\/www.europesays.com\/fr\/wp-json\/wp\/v2\/tags?post=223836"}],"curies":[{"name":"wp","href":"https:\/\/api.w.org\/{rel}","templated":true}]}}